{"id":415801,"date":"2025-09-25T06:14:43","date_gmt":"2025-09-25T06:14:43","guid":{"rendered":"https:\/\/www.europesays.com\/fr\/415801\/"},"modified":"2025-09-25T06:14:43","modified_gmt":"2025-09-25T06:14:43","slug":"la-sortie-au-cinema-de-lupin-iii-la-lignee-immortelle-est-reportee-24-septembre-2025","status":"publish","type":"post","link":"https:\/\/www.europesays.com\/fr\/415801\/","title":{"rendered":"La sortie au cin\u00e9ma de Lupin III : La lign\u00e9e immortelle est report\u00e9e, 24 Septembre 2025"},"content":{"rendered":"<p style=\"text-align: justify;\">L&rsquo;information nous a \u00e9t\u00e9 transmise via un communiqu\u00e9 de presse: initialement pr\u00e9vue le 12 novembre gr\u00e2ce au distributeur <strong>Eurozoom<\/strong>, la sortie dans les cin\u00e9mas fran\u00e7ais du film d&rsquo;animation\u00a0<a href=\"https:\/\/www.manga-news.com\/index.php\/dvd\/Lupin-The-IIIrd-The-Movie\" target=\"_blank\" rel=\"noopener\"><strong xmlns=\"http:\/\/www.w3.org\/1999\/xhtml\">Lupin III : La lign\u00e9e immortelle<\/strong><\/a><strong><\/strong>\u00a0a \u00e9t\u00e9 report\u00e9e <strong>au premier trimestre 2026<\/strong>. Nous vous tiendrons \u00e9videmment inform\u00e9s lorsque la nouvelle date pr\u00e9cise sera tomb\u00e9e.<\/p>\n<p style=\"text-align: justify;\">Sorti au Japon le 27 juin dernier sous le titre Lupin The IIIrd The Movie: Fujimi no Ketsuzoku, ce nouveau volet de l&rsquo;immense <a href=\"https:\/\/www.manga-news.com\/index.php\/univers\/Lupin-III\" target=\"_blank\" rel=\"noopener\">saga Lupin III<\/a> est produit par le studio <a href=\"https:\/\/www.manga-news.com\/index.php\/auteur\/Telecom-Anim-Film\" target=\"_blank\" rel=\"noopener\">Telecom Animation Film<\/a>, et a \u00e0 nouveau pour r\u00e9alisateur le talentueux\u00a0<a href=\"https:\/\/www.manga-news.com\/index.php\/auteur\/KOIKE-Takeshi\" target=\"_blank\" rel=\"noopener\">Takeshi Koike<\/a>, qui ach\u00e8ve ici sa s\u00e9rie de m\u00e9trages autour de Lupin III avec un ultime film faisant suite \u00e0 ses quatre pr\u00e9c\u00e9dentes r\u00e9alisations <a href=\"https:\/\/www.manga-news.com\/index.php\/dvd\/Lupin-III-le-tombeau-de-Jigen\" target=\"_blank\" rel=\"noopener\">Le Tombeau de Daisuke Jigen<\/a>, <a href=\"https:\/\/www.manga-news.com\/index.php\/dvd\/Lupin-The-IIIrd-Chikemuri-no-Ishikawa-Goemon\" target=\"_blank\" rel=\"noopener\">La Brume de Sang de Goemon Ishikawa<\/a> (tous deux sortis sortis en France sur support physique chez Black Box), <a href=\"https:\/\/www.manga-news.com\/index.php\/dvd\/Lupin-III-Fujiko-Mine-no-Uso\" target=\"_blank\" rel=\"noopener\">Le Mensonge de Fujiko Mine<\/a> et <a href=\"https:\/\/www.manga-news.com\/index.php\/dvd\/Lupin-III-Zenigata-to-Futari-no-Lupin\" target=\"_blank\" rel=\"noopener\">Zenigata to Futari no Lupin<\/a> (tous deux in\u00e9dits en France \u00e0 ce jour), l&rsquo;ensemble constituant un long prologue au <a href=\"https:\/\/www.manga-news.com\/index.php\/dvd\/Lupin-III-Le-Secret-de-Mamo\" target=\"_blank\" rel=\"noopener\">Secret de Mamo<\/a>, le tout premier film de l&rsquo;Histoire de la saga Lupin III.<\/p>\n<p style=\"text-align: justify;\">Bien diff\u00e9rente des longs-m\u00e9trages plus grand public comme <a href=\"https:\/\/www.manga-news.com\/index.php\/dvd\/Lupin-III-The-First\" target=\"_blank\" rel=\"noopener\">Lupin III the First<\/a>, cette s\u00e9rie de films est un peu un retour aux sources dans la saga, en proposant un contenu plus mature et plus proche du style du cr\u00e9ateur d&rsquo;origine <a href=\"https:\/\/www.manga-news.com\/index.php\/auteur\/MONKEY-Punch\" target=\"_blank\" rel=\"noopener\">Monkey Punch<\/a>. Sachez aussi que, m\u00eame si vous n&rsquo;avez pas vu les quatre pr\u00e9c\u00e9dents films, ce cinqui\u00e8me et derni\u00e8re m\u00e9trage peut tout \u00e0 fait \u00eatre compris seul, gr\u00e2ce \u00e0 un r\u00e9capitulatif des \u00e9v\u00e9nements dans les premi\u00e8res minutes et \u00e0 une histoire suffisamment ind\u00e9pendante. En attendant la sortie, vous pouvez toujours <a href=\"https:\/\/www.manga-news.com\/index.php\/actus\/2025\/08\/23\/Retour-sur-la-conference-de-Takeshi-Koike-et-Yu-Kiyozono-sur-Lupin-III:-La-Lignee-Immortelle-a-Japan-Expo\" target=\"_blank\" rel=\"noopener\">lire notre focus sur la conf\u00e9rence publique de Takeshi Koike et du producteur Y\u00fb Kiyozono<\/a> ayant eu lieu en juillet dernier \u00e0 Japan Expo.<\/p>\n<p style=\"text-align: center;\"><img decoding=\"async\" src=\"https:\/\/www.europesays.com\/fr\/wp-content\/uploads\/2025\/09\/lupin-iii-la-lignee-immortelle-anime.webp.webp\" alt=\"\"\/><\/p>\n<p style=\"text-align: justify;\">Synopsis :<\/p>\n<p style=\"text-align: justify;\">Lupin III et son gang se rendent sur une \u00eele myst\u00e9rieuse, marqu\u00e9e sur aucune carte, \u00e0 la recherche d&rsquo;un soi-disant grand tr\u00e9sor cach\u00e9. Mais sur place, ils devront faire face \u00e0 d&rsquo;\u00e9normes d\u00e9fis.<\/p>\n","protected":false},"excerpt":{"rendered":"L&rsquo;information nous a \u00e9t\u00e9 transmise via un communiqu\u00e9 de presse: initialement pr\u00e9vue le 12 novembre gr\u00e2ce au distributeur&hellip;\n","protected":false},"author":2,"featured_media":415802,"comment_status":"","ping_status":"","sticky":false,"template":"","format":"standard","meta":{"footnotes":""},"categories":[1354],"tags":[1111,47,2566,58,59,1346,1011,27,1922,54618,6681,6683,2567,6682,1360,1404],"class_list":{"0":"post-415801","1":"post","2":"type-post","3":"status-publish","4":"format-standard","5":"has-post-thumbnail","7":"category-films","8":"tag-actu","9":"tag-actualite","10":"tag-anime","11":"tag-divertissement","12":"tag-entertainment","13":"tag-films","14":"tag-fr","15":"tag-france","16":"tag-info","17":"tag-la-sortie-au-cinema-de-lupin-iii-la-lignee-immortelle-est-reportee","18":"tag-manga","19":"tag-manga-news","20":"tag-manga-news-com","21":"tag-mangas","22":"tag-movies","23":"tag-quotidien"},"share_on_mastodon":{"url":"https:\/\/pubeurope.com\/@fr\/115263469222971320","error":""},"_links":{"self":[{"href":"https:\/\/www.europesays.com\/fr\/wp-json\/wp\/v2\/posts\/415801","targetHints":{"allow":["GET"]}}],"collection":[{"href":"https:\/\/www.europesays.com\/fr\/wp-json\/wp\/v2\/posts"}],"about":[{"href":"https:\/\/www.europesays.com\/fr\/wp-json\/wp\/v2\/types\/post"}],"author":[{"embeddable":true,"href":"https:\/\/www.europesays.com\/fr\/wp-json\/wp\/v2\/users\/2"}],"replies":[{"embeddable":true,"href":"https:\/\/www.europesays.com\/fr\/wp-json\/wp\/v2\/comments?post=415801"}],"version-history":[{"count":0,"href":"https:\/\/www.europesays.com\/fr\/wp-json\/wp\/v2\/posts\/415801\/revisions"}],"wp:featuredmedia":[{"embeddable":true,"href":"https:\/\/www.europesays.com\/fr\/wp-json\/wp\/v2\/media\/415802"}],"wp:attachment":[{"href":"https:\/\/www.europesays.com\/fr\/wp-json\/wp\/v2\/media?parent=415801"}],"wp:term":[{"taxonomy":"category","embeddable":true,"href":"https:\/\/www.europesays.com\/fr\/wp-json\/wp\/v2\/categories?post=415801"},{"taxonomy":"post_tag","embeddable":true,"href":"https:\/\/www.europesays.com\/fr\/wp-json\/wp\/v2\/tags?post=415801"}],"curies":[{"name":"wp","href":"https:\/\/api.w.org\/{rel}","templated":true}]}}