{"id":415817,"date":"2025-09-25T06:22:12","date_gmt":"2025-09-25T06:22:12","guid":{"rendered":"https:\/\/www.europesays.com\/fr\/415817\/"},"modified":"2025-09-25T06:22:12","modified_gmt":"2025-09-25T06:22:12","slug":"comment-les-heritiers-de-bernard-arnault-se-dechirent-autour-du-destin-du-parisien-liberation","status":"publish","type":"post","link":"https:\/\/www.europesays.com\/fr\/415817\/","title":{"rendered":"comment les h\u00e9ritiers de Bernard Arnault se d\u00e9chirent autour du destin du \u00abParisien\u00bb \u2013 Lib\u00e9ration"},"content":{"rendered":"<p class=\"sc-cPiKLX AiZTS text-element\">Septembre d\u00e9marrait \u00e0 peine lorsque Delphine, Antoine, Alexandre, Fr\u00e9d\u00e9ric et Jean se sont retrouv\u00e9s, comme chaque mois, autour de leur p\u00e8re, Bernard Arnault. Ce d\u00e9jeuner se d\u00e9roule invariablement au si\u00e8ge de LVMH, au 22 de la chiquissime avenue Montaigne. C\u2019est un rituel immanquable, sauf quand l\u2019un ou l\u2019autre des enfants se trouve \u00e0 l\u2019\u00e9tranger \u2013 la visio est alors parfois autoris\u00e9e. L\u2019occasion de discuter de l\u2019avenir de l\u2019empire du luxe, <a href=\"https:\/\/www.liberation.fr\/economie\/conso\/luxe-lvmh-annonce-un-benefice-net-en-baisse-de-22-au-premier-semestre-2025-20250724_S4NKR2GLRBDT3PRB2LHTNI24Y4\/\" target=\"_blank\" rel=\"noreferrer noopener\" title=\"https:\/\/www.liberation.fr\/economie\/conso\/luxe-lvmh-annonce-un-benefice-net-en-baisse-de-22-au-premier-semestre-2025-20250724_S4NKR2GLRBDT3PRB2LHTNI24Y4\/\">vacillant ces derniers mois<\/a>. Le contexte \u00e9conomique est un peu morose pour LVMH : les clinquants sacs Louis Vuitton ne sont plus jug\u00e9s tendance par le march\u00e9 chinois pendant que <a href=\"https:\/\/www.liberation.fr\/environnement\/agriculture\/droits-de-douane-dans-la-region-de-cognac-les-producteurs-les-plus-fragiles-commencent-a-tomber-20250411_MS6JWSVMGBEQJFLFQCHLGHNGJE\/\" target=\"_blank\" rel=\"noreferrer noopener\" title=\"https:\/\/www.liberation.fr\/environnement\/agriculture\/droits-de-douane-dans-la-region-de-cognac-les-producteurs-les-plus-fragiles-commencent-a-tomber-20250411_MS6JWSVMGBEQJFLFQCHLGHNGJE\/\">les droits de douane de Donald Trump \u00e9touffent les cognacs<\/a> Hennessy. L\u2019heure est aux coupes <\/p>\n","protected":false},"excerpt":{"rendered":"Septembre d\u00e9marrait \u00e0 peine lorsque Delphine, Antoine, Alexandre, Fr\u00e9d\u00e9ric et Jean se sont retrouv\u00e9s, comme chaque mois, autour&hellip;\n","protected":false},"author":2,"featured_media":415818,"comment_status":"","ping_status":"","sticky":false,"template":"","format":"standard","meta":{"footnotes":""},"categories":[2],"tags":[11,3820,1011,27,12,1022],"class_list":{"0":"post-415817","1":"post","2":"type-post","3":"status-publish","4":"format-standard","5":"has-post-thumbnail","7":"category-actualites","8":"tag-actualites","9":"tag-bernard-arnault","10":"tag-fr","11":"tag-france","12":"tag-news","13":"tag-vincent-bollore"},"share_on_mastodon":{"url":"https:\/\/pubeurope.com\/@fr\/115263500705415160","error":""},"_links":{"self":[{"href":"https:\/\/www.europesays.com\/fr\/wp-json\/wp\/v2\/posts\/415817","targetHints":{"allow":["GET"]}}],"collection":[{"href":"https:\/\/www.europesays.com\/fr\/wp-json\/wp\/v2\/posts"}],"about":[{"href":"https:\/\/www.europesays.com\/fr\/wp-json\/wp\/v2\/types\/post"}],"author":[{"embeddable":true,"href":"https:\/\/www.europesays.com\/fr\/wp-json\/wp\/v2\/users\/2"}],"replies":[{"embeddable":true,"href":"https:\/\/www.europesays.com\/fr\/wp-json\/wp\/v2\/comments?post=415817"}],"version-history":[{"count":0,"href":"https:\/\/www.europesays.com\/fr\/wp-json\/wp\/v2\/posts\/415817\/revisions"}],"wp:featuredmedia":[{"embeddable":true,"href":"https:\/\/www.europesays.com\/fr\/wp-json\/wp\/v2\/media\/415818"}],"wp:attachment":[{"href":"https:\/\/www.europesays.com\/fr\/wp-json\/wp\/v2\/media?parent=415817"}],"wp:term":[{"taxonomy":"category","embeddable":true,"href":"https:\/\/www.europesays.com\/fr\/wp-json\/wp\/v2\/categories?post=415817"},{"taxonomy":"post_tag","embeddable":true,"href":"https:\/\/www.europesays.com\/fr\/wp-json\/wp\/v2\/tags?post=415817"}],"curies":[{"name":"wp","href":"https:\/\/api.w.org\/{rel}","templated":true}]}}