{"id":415819,"date":"2025-09-25T06:23:15","date_gmt":"2025-09-25T06:23:15","guid":{"rendered":"https:\/\/www.europesays.com\/fr\/415819\/"},"modified":"2025-09-25T06:23:15","modified_gmt":"2025-09-25T06:23:15","slug":"le-festive-est-de-retour-sur-le-campus-trefilerie","status":"publish","type":"post","link":"https:\/\/www.europesays.com\/fr\/415819\/","title":{"rendered":"le Festi&rsquo;VE est de retour sur le campus Tr\u00e9filerie"},"content":{"rendered":"\n<p>Ce jeudi 25 septembre, une belle journ\u00e9e attend les \u00e9tudiants de l&rsquo;Universit\u00e9 Jean-Monnet \u00e0 Saint-Etienne. Le Festi\u2019VE est de retour pour une 3\u00e8me \u00e9dition sur le campus Tr\u00e9filerie, en co-organisation avec le Crous de Lyon. L&rsquo;\u00e9v\u00e8nement, qui se d\u00e9roule entre 11 heures et 19 heures a pour objectif \u00ab\u00a0d&rsquo;accompagner les \u00e9tudiantes et \u00e9tudiants dans tous les aspects de leur vie quotidienne\u00a0\u00bb. Au programme, plus de 60 stands sont \u00e0 retrouver sur diff\u00e9rents th\u00e8mes comme la sant\u00e9, le bien-\u00eatre, le budget ou encore la mobilit\u00e9, afin de faciliter l&rsquo;int\u00e9gration des \u00e9tudiants. Il y a aussi beaucoup d\u2019animations comme des Escape Games, du DIY, des jeux sportifs, des expositions, des d\u00e9gustations mais aussi des concerts et des performances artistiques. Le Festi&rsquo;VE est 100% gratuit pour tous les \u00e9tudiants.\u00a0<\/p>\n","protected":false},"excerpt":{"rendered":"Ce jeudi 25 septembre, une belle journ\u00e9e attend les \u00e9tudiants de l&rsquo;Universit\u00e9 Jean-Monnet \u00e0 Saint-Etienne. Le Festi\u2019VE est&hellip;\n","protected":false},"author":2,"featured_media":415820,"comment_status":"","ping_status":"","sticky":false,"template":"","format":"standard","meta":{"footnotes":""},"categories":[9653],"tags":[1111,11,2430,6379,1777,674,849,1011,27,12,25,4001],"class_list":{"0":"post-415819","1":"post","2":"type-post","3":"status-publish","4":"format-standard","5":"has-post-thumbnail","7":"category-saint-etienne","8":"tag-actu","9":"tag-actualites","10":"tag-auvergne-rhone-alpes","11":"tag-etudiants","12":"tag-eu","13":"tag-europe","14":"tag-festival","15":"tag-fr","16":"tag-france","17":"tag-news","18":"tag-republique-francaise","19":"tag-saint-etienne"},"share_on_mastodon":{"url":"https:\/\/pubeurope.com\/@fr\/115263504589628667","error":""},"_links":{"self":[{"href":"https:\/\/www.europesays.com\/fr\/wp-json\/wp\/v2\/posts\/415819","targetHints":{"allow":["GET"]}}],"collection":[{"href":"https:\/\/www.europesays.com\/fr\/wp-json\/wp\/v2\/posts"}],"about":[{"href":"https:\/\/www.europesays.com\/fr\/wp-json\/wp\/v2\/types\/post"}],"author":[{"embeddable":true,"href":"https:\/\/www.europesays.com\/fr\/wp-json\/wp\/v2\/users\/2"}],"replies":[{"embeddable":true,"href":"https:\/\/www.europesays.com\/fr\/wp-json\/wp\/v2\/comments?post=415819"}],"version-history":[{"count":0,"href":"https:\/\/www.europesays.com\/fr\/wp-json\/wp\/v2\/posts\/415819\/revisions"}],"wp:featuredmedia":[{"embeddable":true,"href":"https:\/\/www.europesays.com\/fr\/wp-json\/wp\/v2\/media\/415820"}],"wp:attachment":[{"href":"https:\/\/www.europesays.com\/fr\/wp-json\/wp\/v2\/media?parent=415819"}],"wp:term":[{"taxonomy":"category","embeddable":true,"href":"https:\/\/www.europesays.com\/fr\/wp-json\/wp\/v2\/categories?post=415819"},{"taxonomy":"post_tag","embeddable":true,"href":"https:\/\/www.europesays.com\/fr\/wp-json\/wp\/v2\/tags?post=415819"}],"curies":[{"name":"wp","href":"https:\/\/api.w.org\/{rel}","templated":true}]}}