{"id":415839,"date":"2025-09-25T06:33:10","date_gmt":"2025-09-25T06:33:10","guid":{"rendered":"https:\/\/www.europesays.com\/fr\/415839\/"},"modified":"2025-09-25T06:33:10","modified_gmt":"2025-09-25T06:33:10","slug":"la-mairie-evoque-un-risque-fort-de-detachement","status":"publish","type":"post","link":"https:\/\/www.europesays.com\/fr\/415839\/","title":{"rendered":"la mairie \u00e9voque un risque \u00ab\u00a0fort de d\u00e9tachement\u00a0\u00bb"},"content":{"rendered":"<p itemprop=\"description\"><strong>Dans la nuit de lundi \u00e0 mardi, un \u00e9boulement s&rsquo;est produit \u00e0 la Buisse au nord de Grenoble.<\/strong><\/p>\n<p>Au hameau des Combes, des blocs rocheux sont tomb\u00e9s de la falaise pour finir leur course en contrebas.<\/p>\n<p>Fort heureusement, aucun bless\u00e9 n&rsquo;est \u00e0 d\u00e9plorer, m\u00eame si un bloc de 500 litres s&rsquo;est arr\u00eat\u00e9 au portail d&rsquo;une maison.<\/p>\n<p>La zone a \u00e9t\u00e9 boucl\u00e9e, car la mairie \u00e9voque un risque \u00ab\u00a0fort de d\u00e9tachement\u00a0\u00bb. La circulation automobile, pi\u00e9tonne et cycliste a \u00e9t\u00e9 coup\u00e9e sur le haut du chemin des Combes \u00e0 La Buisse. Afin de prolonger les filets de protection et \u00e9viter un nouvel \u00e9boulement, il faut d&rsquo;abord une \u00e9tude g\u00e9otechnique, avant que les travaux ne puissent \u00eatre engag\u00e9s en octobre.<\/p>\n<p>Un autre \u00e9boulement avait d\u00e9j\u00e0 eu lieu le 2 septembre dernier dans le m\u00eame secteur.<\/p>\n<p>La mairie pr\u00e9cise que pour le moment, le trail du Buis, pr\u00e9vu le 12 octobre, n&rsquo;est pas remis en cause, puisque les parcours ne passent pas dans les zones \u00e0 risques.<\/p>\n","protected":false},"excerpt":{"rendered":"Dans la nuit de lundi \u00e0 mardi, un \u00e9boulement s&rsquo;est produit \u00e0 la Buisse au nord de Grenoble.&hellip;\n","protected":false},"author":2,"featured_media":415840,"comment_status":"","ping_status":"","sticky":false,"template":"","format":"standard","meta":{"footnotes":""},"categories":[9566],"tags":[1111,11,7733,8279,2430,7736,650,7734,2889,2263,1777,674,1011,27,2731,8280,6417,1114,108,4662,12,3725,1825,25,7737],"class_list":{"0":"post-415839","1":"post","2":"type-post","3":"status-publish","4":"format-standard","5":"has-post-thumbnail","7":"category-grenoble","8":"tag-actu","9":"tag-actualites","10":"tag-alpes","11":"tag-alpes1","12":"tag-auvergne-rhone-alpes","13":"tag-cds","14":"tag-cinema","15":"tag-ecoute","16":"tag-emission","17":"tag-equipe","18":"tag-eu","19":"tag-europe","20":"tag-fr","21":"tag-france","22":"tag-grenoble","23":"tag-haute","24":"tag-information","25":"tag-infos","26":"tag-isere","27":"tag-journal","28":"tag-news","29":"tag-podcast","30":"tag-radio","31":"tag-republique-francaise","32":"tag-winamp"},"share_on_mastodon":{"url":"https:\/\/pubeurope.com\/@fr\/115263544018959350","error":""},"_links":{"self":[{"href":"https:\/\/www.europesays.com\/fr\/wp-json\/wp\/v2\/posts\/415839","targetHints":{"allow":["GET"]}}],"collection":[{"href":"https:\/\/www.europesays.com\/fr\/wp-json\/wp\/v2\/posts"}],"about":[{"href":"https:\/\/www.europesays.com\/fr\/wp-json\/wp\/v2\/types\/post"}],"author":[{"embeddable":true,"href":"https:\/\/www.europesays.com\/fr\/wp-json\/wp\/v2\/users\/2"}],"replies":[{"embeddable":true,"href":"https:\/\/www.europesays.com\/fr\/wp-json\/wp\/v2\/comments?post=415839"}],"version-history":[{"count":0,"href":"https:\/\/www.europesays.com\/fr\/wp-json\/wp\/v2\/posts\/415839\/revisions"}],"wp:featuredmedia":[{"embeddable":true,"href":"https:\/\/www.europesays.com\/fr\/wp-json\/wp\/v2\/media\/415840"}],"wp:attachment":[{"href":"https:\/\/www.europesays.com\/fr\/wp-json\/wp\/v2\/media?parent=415839"}],"wp:term":[{"taxonomy":"category","embeddable":true,"href":"https:\/\/www.europesays.com\/fr\/wp-json\/wp\/v2\/categories?post=415839"},{"taxonomy":"post_tag","embeddable":true,"href":"https:\/\/www.europesays.com\/fr\/wp-json\/wp\/v2\/tags?post=415839"}],"curies":[{"name":"wp","href":"https:\/\/api.w.org\/{rel}","templated":true}]}}