{"id":415847,"date":"2025-09-25T06:37:11","date_gmt":"2025-09-25T06:37:11","guid":{"rendered":"https:\/\/www.europesays.com\/fr\/415847\/"},"modified":"2025-09-25T06:37:11","modified_gmt":"2025-09-25T06:37:11","slug":"strasbourg-fouilles-metier-darchitecte-du-patrimoine-les-conferences-du-patrimoine-reviennent-le-2-octobre","status":"publish","type":"post","link":"https:\/\/www.europesays.com\/fr\/415847\/","title":{"rendered":"Strasbourg. Fouilles, m\u00e9tier d\u2019architecte du patrimoine\u2026 les conf\u00e9rences du patrimoine reviennent le 2\u00a0octobre"},"content":{"rendered":"<p>Entre novembre\u00a02016 et ao\u00fbt\u00a02019, les 24 kilom\u00e8tres du futur <a href=\"https:\/\/www.dna.fr\/economie\/2025\/07\/28\/comment-le-gco-redessine-nos-campagnes\" target=\"_blank\" rel=\"noopener\">contournement ouest de Strasbourg<\/a> (autoroute A355) ont fait l\u2019objet <a href=\"https:\/\/www.dna.fr\/culture\/2019\/05\/23\/des-dents-de-lait-de-mammouth-trouvees-a-ittenheim\" target=\"_blank\" rel=\"noopener\">d\u2019intenses recherches<\/a> mises en \u0153uvre par cinq op\u00e9rateurs en arch\u00e9ologie pr\u00e9ventive.<\/p>\n<p>D\u00e8s le d\u00e9but de ce projet, le service r\u00e9gional de l\u2019arch\u00e9ologie de la Direction r\u00e9gionale des affaires culturelles (Drac) Grand Est a d\u00e9ploy\u00e9 les proc\u00e9dures r\u00e9glementaires pr\u00e9vues dans le Code du patrimoine afin d\u2019assurer la sauvegarde par l\u2019\u00e9tude des vestiges susceptibles d\u2019\u00eatre d\u00e9couverts. De la consultation de la carte arch\u00e9ologique r\u00e9gionale \u00e0 la d\u00e9volution du mobilier, le personnel de l\u2019\u00c9tat intervient \u00e0 chaque \u00e9tape des projets d\u2019am\u00e9nagement du territoire de grande envergure tels que cette autoroute. Jeudi 2\u00a0octobre, la conf\u00e9rence de Bertrand B\u00e9hague, ing\u00e9nieur d\u2019\u00e9tude au service r\u00e9gional de l\u2019arch\u00e9ologie, pr\u00e9sentera, du point de vue des arch\u00e9ologues, la mise en \u0153uvre de ce projet hors-norme depuis les premiers \u00e9changes avec les concessionnaires jusqu\u2019\u00e0 la valorisation des r\u00e9sultats, sans oublier de brosser un panorama des 253 occupations (du Pal\u00e9olithique \u00e0 l\u2019\u00e9poque contemporaine) mises en \u00e9vidence \u00e0 l\u2019occasion de ces travaux. Cette pr\u00e9sentation fait \u00e9cho <a href=\"https:\/\/www.dna.fr\/culture-loisirs\/2025\/06\/11\/les-grandes-decouvertes-des-fouilles-preventives-de-l-a355-dans-une-exposition-a-strasbourg\" target=\"_blank\" rel=\"noopener\">\u00e0 l\u2019exposition \u201cUn pass\u00e9 incontournable\u201d pr\u00e9sent\u00e9e dans la galerie Heitz du Palais Rohan<\/a> jusqu\u2019au 21\u00a0juin 2026.<\/p>\n<p>  Le programme complet des conf\u00e9rences 2025-2026<\/p>\n<p><strong> \u25b6 \u2002 Jeudi 2\u00a0octobre<\/strong><\/p>\n<p>\u201cArch\u00e9ologie d\u2019une autoroute\u00a0: une op\u00e9ration de fouilles pr\u00e9ventives exceptionnelle en Alsace\u201d, Bertrand B\u00e9hague, Drac Grand Est, Service r\u00e9gional de l\u2019Arch\u00e9ologie<\/p>\n<p><strong> \u25b6 \u2002 Jeudi 13\u00a0novembre<\/strong><\/p>\n<p>\u201cLes meubles m\u00e9di\u00e9vaux en France\u201d, C\u00e9cile Lagane, Universit\u00e9 de Caen Normandie<\/p>\n<p><strong> \u25b6 \u2002 Jeudi 15\u00a0janvier 2026<\/strong><\/p>\n<p>\u201cNeuf-Brisach\u00a0: inventaire d\u2019un site remarquable\u201d, Florent Fritsch, service inventaire et patrimoines, R\u00e9gion Grand Est<\/p>\n<p><strong> \u25b6 \u2002 Jeudi 12\u00a0f\u00e9vrier<\/strong><\/p>\n<p>\u201cLe m\u00e9tier d\u2019architecte du patrimoine\u00a0: un exemple de pratique au service des monuments alsaciens\u201d, Bertrand Fleck, architecte du patrimoine<\/p>\n<p><strong> \u25b6 \u2002 Jeudi 12\u00a0mars<\/strong><\/p>\n<p>\u201cUne fouille peut en cacher une autre\u00a0: la n\u00e9cropole romaine de la Porte-Blanche \u00e0 Strasbourg\u201d, Mathias Higelin, Arch\u00e9ologie Alsace \u2013 UMR 7044 Archim\u00e8de<\/p>\n<p><strong> \u25b6 \u00a0Jeudi 9\u00a0avril<\/strong><\/p>\n<p>\u201cLes fouilles autour de la coll\u00e9giale Saint-Martin de Colmar\u201d, Boris Dottori, Institut national de recherches arch\u00e9ologies pr\u00e9ventives<\/p>\n<p class=\"note\">Toutes ces conf\u00e9rences ont lieu \u00e0 18\u00a0h \u00e0 l\u2019auditorium des Mus\u00e9es de Strasbourg (MAMCS), 1 place Hans-Jean-Arp \u00e0 Strasbourg.\u00a0Bus 4 ou 10, arr\u00eat Art Moderne\u00a0; tram B ou F, arr\u00eat Faubourg National.\u00a0Entr\u00e9e libre dans la limite des places disponibles.\u00a0Plus d\u2019infos sur\u00a0: https\u00a0:\/\/scmha.alsace<\/p>\n","protected":false},"excerpt":{"rendered":"Entre novembre\u00a02016 et ao\u00fbt\u00a02019, les 24 kilom\u00e8tres du futur contournement ouest de Strasbourg (autoroute A355) ont fait l\u2019objet&hellip;\n","protected":false},"author":2,"featured_media":415848,"comment_status":"","ping_status":"","sticky":false,"template":"","format":"standard","meta":{"footnotes":""},"categories":[2820],"tags":[1111,11,6211,1687,2880,1777,674,107,1011,27,775,12,5486,25,640,2879],"class_list":{"0":"post-415847","1":"post","2":"type-post","3":"status-publish","4":"format-standard","5":"has-post-thumbnail","7":"category-strasbourg","8":"tag-actu","9":"tag-actualites","10":"tag-conference","11":"tag-culture-loisirs","12":"tag-edition-strasbourg","13":"tag-eu","14":"tag-europe","15":"tag-fil-info","16":"tag-fr","17":"tag-france","18":"tag-grand-est","19":"tag-news","20":"tag-rencontre","21":"tag-republique-francaise","22":"tag-strasbourg","23":"tag-strasbourg-ville"},"share_on_mastodon":{"url":"https:\/\/pubeurope.com\/@fr\/115263559668735875","error":""},"_links":{"self":[{"href":"https:\/\/www.europesays.com\/fr\/wp-json\/wp\/v2\/posts\/415847","targetHints":{"allow":["GET"]}}],"collection":[{"href":"https:\/\/www.europesays.com\/fr\/wp-json\/wp\/v2\/posts"}],"about":[{"href":"https:\/\/www.europesays.com\/fr\/wp-json\/wp\/v2\/types\/post"}],"author":[{"embeddable":true,"href":"https:\/\/www.europesays.com\/fr\/wp-json\/wp\/v2\/users\/2"}],"replies":[{"embeddable":true,"href":"https:\/\/www.europesays.com\/fr\/wp-json\/wp\/v2\/comments?post=415847"}],"version-history":[{"count":0,"href":"https:\/\/www.europesays.com\/fr\/wp-json\/wp\/v2\/posts\/415847\/revisions"}],"wp:featuredmedia":[{"embeddable":true,"href":"https:\/\/www.europesays.com\/fr\/wp-json\/wp\/v2\/media\/415848"}],"wp:attachment":[{"href":"https:\/\/www.europesays.com\/fr\/wp-json\/wp\/v2\/media?parent=415847"}],"wp:term":[{"taxonomy":"category","embeddable":true,"href":"https:\/\/www.europesays.com\/fr\/wp-json\/wp\/v2\/categories?post=415847"},{"taxonomy":"post_tag","embeddable":true,"href":"https:\/\/www.europesays.com\/fr\/wp-json\/wp\/v2\/tags?post=415847"}],"curies":[{"name":"wp","href":"https:\/\/api.w.org\/{rel}","templated":true}]}}