{"id":415853,"date":"2025-09-25T06:40:22","date_gmt":"2025-09-25T06:40:22","guid":{"rendered":"https:\/\/www.europesays.com\/fr\/415853\/"},"modified":"2025-09-25T06:40:22","modified_gmt":"2025-09-25T06:40:22","slug":"village-expo-programme-ce-quil-faut-savoir-sur-levenement","status":"publish","type":"post","link":"https:\/\/www.europesays.com\/fr\/415853\/","title":{"rendered":"village expo, programme, ce qu&rsquo;il faut savoir sur l&rsquo;\u00e9v\u00e8nement"},"content":{"rendered":"<p>            Par<br \/>\n        <strong><br \/>\n            <a href=\"https:\/\/actu.fr\/auteur\/arthur-frand\" title=\"Consulter tous les articles de Arthur Frand\" rel=\"nofollow noopener\" target=\"_blank\">Arthur Frand<\/a><br \/>\n        <\/strong><\/p>\n<p>        Publi\u00e9 le<\/p>\n<p>            25 sept. 2025 \u00e0 6h44        <\/p>\n<p>Un nouvel \u00e9v\u00e9nement sportif d\u2019ampleur sur la C\u00f4te d\u2019Azur. Deux semaines apr\u00e8s les Mondiaux <a href=\"https:\/\/actu.fr\/provence-alpes-cote-d-azur\/nice_06088\/ironman-a-nice-ces-rues-fermees-a-la-circulation-voici-les-perturbations-prevues-en-ville_63135246.html\" rel=\"nofollow noopener\" target=\"_blank\">d\u2019Ironman \u00e0 Nice<\/a>, place au trail <a href=\"https:\/\/actu.fr\/nice\/\" rel=\"nofollow noopener\" target=\"_blank\">Nice<\/a> C\u00f4te d\u2019Azur by UTMB, du 25 au 28\u00a0septembre.\u00a0L\u2019\u00e9v\u00e8nement c\u00e9l\u00e8bre sa 4e \u00e9dition. <strong>6300 coureurs \u00e0 pied,<\/strong> de multiples nationalit\u00e9s, sont engag\u00e9s sur les diff\u00e9rentes \u00e9preuves.<\/p>\n<p>Un village Ultra-trail sur la Promenade des Anglais<\/p>\n<p class=\" wall-content\">Pour l\u2019occasion, <strong>un village d\u00e9di\u00e9 \u00e0 l\u2019Ultra-trail est install\u00e9 en bord de mer,<\/strong> sur la Promenade des Anglais \u00e0 Nice <a href=\"https:\/\/actu.fr\/provence-alpes-cote-d-azur\/alpes-maritimes_06\" rel=\"nofollow noopener\" target=\"_blank\">(Alpes-Maritimes)<\/a>. Il ouvre ce jeudi 25\u00a0septembre \u00e0 12\u2009h (jusqu\u2019\u00e0 20h). Gratuit et accessible \u00e0 tous, il rassemble les grandes marques sp\u00e9cialis\u00e9es, des stands de nutrition et de mat\u00e9riel sous plusieurs tentes.<\/p>\n<p>    <img   decoding=\"async\" loading=\"lazy\" src=\"https:\/\/www.europesays.com\/fr\/wp-content\/uploads\/2025\/09\/whatsapp-image-2025-09-24-at-194859-1-960x640.jpeg\" alt=\"Un village expo avec des marques et stands de nutrition est ouvert sur la Promenade des Anglais \u00e0 Nice.\" width=\"960\" height=\"640\"\/><br \/>\n    Un village expo avec des marques et stands de nutrition est ouvert sur la Promenade des Anglais \u00e0 Nice. (\u00a9Arthur Frand \/ actu Nice)<\/p>\n<p class=\" wall-content\">Tout au long du week-end, familles et passants pourront se restaurer, et profiter d\u2019animations interactives et initiations. Le village expo sera ouvert de 11h \u00e0 20h ce vendredi 26\u00a0septembre, de 9h \u00e0 20h ce samedi 27\u00a0septembre et de 9h \u00e0 15h ce dimanche 28\u00a0septembre.<\/p>\n<p class=\" wall-content\">\n<p>Plusieurs \u00e9preuves dont un relais nocturne<\/p>\n<p class=\" wall-content\">Ce jeudi 25\u00a0septembre, les participants vont pouvoir r\u00e9cup\u00e9rer leurs dossards. En soir\u00e9e, \u00e0 20h, aura lieu un relais nocturne de 12\u00a0km en duo, sur la Promenade des Anglais. 10 tours de 700\u00a0m\u00e8tres par \u00e9quipe. De vendredi \u00e0 dimanche, quatre \u00e9preuves, toutes compl\u00e8tes, vont se tenir\u2009:<br \/>\u2013 Vendredi 2\u00a0septembre\u2009: <strong>Ultra-trail<\/strong> M\u00e9tropole C\u00f4te d\u2019Azur 100M (159\u00a0km, 8200m d +).\u00a0 D\u00e9part \u00e0 13h d\u2019Auron.<br \/>\u2013 Samedi 27\u00a0septembre\u2009: Roubion \u2013 Nice\u2009<strong>100K<\/strong> (111\u00a0km, 5100m de d +). D\u00e9part \u00e0 10h de Roubion.<br \/>\u2013 Samedi 27\u00a0septembre\u2009: \u00c8ze\u00a0\u2013 Nice <strong>50K <\/strong>(55\u00a0km, 2147 m de d +). D\u00e9part \u00e0 7h30 d\u2019\u00c8ze.<br \/>\u2013 Dimanche 28\u00a0septembre\u2009: Saint-Jean-Cap\u2009-Ferrat \u2013 Nice <strong>20K<\/strong> (23\u00a0km, 680m de d +)\u00a0 D\u00e9part \u00e0 7h30 de Saint-Jean-Cap-Ferrat.<\/p>\n<p>Des animations pour la jeunesse<\/p>\n<p class=\" wall-content\">Des \u00ab\u2009courses jeunes\u2009\u00bb sont aussi organis\u00e9es ce vendredi 27\u00a0septembre \u00e0 18h. Enfants et adolescents vont pouvoir se d\u00e9fier sur la Promenade des Anglais. 700\u00a0m\u00e8tres sont \u00e0 parcourir pour les Poussins (moins de 10\u00a0ans), 1,5\u00a0km pour les Benjamins (10 \u2013 14\u00a0ans) et 3km pour les Minimes (15 \u2013 17\u00a0ans).<\/p>\n<p>Votre r\u00e9gion, votre actu !<\/p>\n<p>Recevez chaque jour les infos qui comptent pour vous.<\/p>\n<p>\t<a href=\"https:\/\/actu.fr\/newsletter\" class=\"ac-btn ac-btn--corner ac-btn--medium ac-btn--blue800\" rel=\"nofollow noopener\" target=\"_blank\">S&rsquo;incrire<\/a><br \/>\nDes routes ferm\u00e9es dans l\u2019arri\u00e8re-pays<\/p>\n<p class=\" wall-content\">Les \u00e9preuves n\u2019auront pas de r\u00e9elle incidence sur la circulation en centre-ville de Nice mais plusieurs routes seront <a href=\"https:\/\/www.inforoutes06.fr\/\" rel=\"nofollow noopener\" target=\"_blank\">ferm\u00e9es dans l\u2019arri\u00e8re-pays<\/a>.<\/p>\n<p class=\" wall-content\">Par exemple, ce samedi matin, pour le d\u00e9part du 100K, la route reliant Saint-Sauveur \u00e0 Roubion sera inaccessible. En voiture, il faudra rendre \u00e0 l\u2019Aire des Buisses, puis marcher 15\u00a0minutes pour rejoindre le village de Roubion. Autre possibilit\u00e9\u2009: prendre les navettes mises en place depuis Nice ou Saint-Sauveur, qu\u2019il faut r\u00e9server en amont.<\/p>\n<p class=\" wall-content\">Personnalisez votre actualit\u00e9 en ajoutant vos villes et m\u00e9dias en favori avec <a href=\"https:\/\/moncompte.actu.fr\" title=\"D\u00e9couvez Mon Actu\" rel=\"nofollow noopener\" data-trk=\"{&quot;cta&quot;:{&quot;action&quot;:&quot;https:\\\/\\\/moncompte.actu.fr&quot;,&quot;category&quot;:&quot;mon compte&quot;,&quot;from&quot;:&quot;article footer&quot;,&quot;name&quot;:&quot;Mon actu&quot;,&quot;type&quot;:&quot;cta&quot;}}\" target=\"_blank\">Mon Actu<\/a>.<\/p>\n","protected":false},"excerpt":{"rendered":"Par Arthur Frand Publi\u00e9 le 25 sept. 2025 \u00e0 6h44 Un nouvel \u00e9v\u00e9nement sportif d\u2019ampleur sur la C\u00f4te&hellip;\n","protected":false},"author":2,"featured_media":415854,"comment_status":"","ping_status":"","sticky":false,"template":"","format":"standard","meta":{"footnotes":""},"categories":[2819],"tags":[1111,11,1777,674,1011,27,12,2401,2897,882,25,104,6187],"class_list":{"0":"post-415853","1":"post","2":"type-post","3":"status-publish","4":"format-standard","5":"has-post-thumbnail","7":"category-nice","8":"tag-actu","9":"tag-actualites","10":"tag-eu","11":"tag-europe","12":"tag-fr","13":"tag-france","14":"tag-news","15":"tag-nice","16":"tag-nice-cote-dazur","17":"tag-provence-alpes-cote-dazur","18":"tag-republique-francaise","19":"tag-societe","20":"tag-trail"},"share_on_mastodon":{"url":"https:\/\/pubeurope.com\/@fr\/115263572094469098","error":""},"_links":{"self":[{"href":"https:\/\/www.europesays.com\/fr\/wp-json\/wp\/v2\/posts\/415853","targetHints":{"allow":["GET"]}}],"collection":[{"href":"https:\/\/www.europesays.com\/fr\/wp-json\/wp\/v2\/posts"}],"about":[{"href":"https:\/\/www.europesays.com\/fr\/wp-json\/wp\/v2\/types\/post"}],"author":[{"embeddable":true,"href":"https:\/\/www.europesays.com\/fr\/wp-json\/wp\/v2\/users\/2"}],"replies":[{"embeddable":true,"href":"https:\/\/www.europesays.com\/fr\/wp-json\/wp\/v2\/comments?post=415853"}],"version-history":[{"count":0,"href":"https:\/\/www.europesays.com\/fr\/wp-json\/wp\/v2\/posts\/415853\/revisions"}],"wp:featuredmedia":[{"embeddable":true,"href":"https:\/\/www.europesays.com\/fr\/wp-json\/wp\/v2\/media\/415854"}],"wp:attachment":[{"href":"https:\/\/www.europesays.com\/fr\/wp-json\/wp\/v2\/media?parent=415853"}],"wp:term":[{"taxonomy":"category","embeddable":true,"href":"https:\/\/www.europesays.com\/fr\/wp-json\/wp\/v2\/categories?post=415853"},{"taxonomy":"post_tag","embeddable":true,"href":"https:\/\/www.europesays.com\/fr\/wp-json\/wp\/v2\/tags?post=415853"}],"curies":[{"name":"wp","href":"https:\/\/api.w.org\/{rel}","templated":true}]}}