{"id":415855,"date":"2025-09-25T06:41:09","date_gmt":"2025-09-25T06:41:09","guid":{"rendered":"https:\/\/www.europesays.com\/fr\/415855\/"},"modified":"2025-09-25T06:41:09","modified_gmt":"2025-09-25T06:41:09","slug":"concert-sport-culture-les-etudiants-fetent-la-rentree-lors-dun-festival-sur-lile-de-nantes","status":"publish","type":"post","link":"https:\/\/www.europesays.com\/fr\/415855\/","title":{"rendered":"Concert, sport, culture\u2026 Les \u00e9tudiants f\u00eatent la rentr\u00e9e lors d&rsquo;un festival sur l&rsquo;\u00eele de Nantes"},"content":{"rendered":"<p>            Par<br \/>\n        <strong><br \/>\n            <a href=\"https:\/\/actu.fr\/auteur\/thomas-bernard\" title=\"Consulter tous les articles de Thomas Bernard\" rel=\"nofollow noopener\" target=\"_blank\">Thomas Bernard<\/a><br \/>\n        <\/strong><\/p>\n<p>        Publi\u00e9 le<\/p>\n<p>            25 sept. 2025 \u00e0 7h46        <\/p>\n<p>Les \u00e9tudiants de Nantes Universit\u00e9 ont repris le chemin des salles de classe. Pour f\u00eater cela, l\u2019instance universitaire organise, le<strong> jeudi 25\u00a0septembre 2025, de 16h \u00e0 minuit,<\/strong> un <strong>festival de rentr\u00e9e.<\/strong> Les festivit\u00e9s se d\u00e9rouleront sur le campus de l\u2019\u00eele de Nantes, entre l\u2019\u00c9cole Beaux-arts Nantes Saint-Nazaire et la Halle 6 Ouest.<\/p>\n<p>    <a href=\"https:\/\/www.facebook.com\/plugins\/post.php?href=https%3A%2F%2Fwww.facebook.com%2Fnantesuniv%2Fposts%2Fpfbid0DMHmx4YbjgQzTNjEgTdSWWgkHCHmkFRY3mm2NyfP1v1r4fGhAbmWpzpfHfB7bEFAl&amp;show_text=true&amp;width=350\" title=\"Ouvrie le lien\" rel=\"nofollow noopener\" target=\"_blank\">Cliquez ici pour visualiser le contenu<\/a><\/p>\n<p>Vie du campus et concerts<\/p>\n<p class=\" wall-content\">Tout au long de la journ\u00e9e, des activit\u00e9s culturelles, sportives et festives seront organis\u00e9es.<\/p>\n<p class=\" wall-content\">De 16\u2009h \u00e0 20\u2009h, un<strong> village vie de campus<\/strong> s\u2019installera entre <a href=\"https:\/\/actu.fr\/pays-de-la-loire\/nantes_44109\/nantes-boire-un-cafe-laver-son-linge-et-admirer-l-art-bienvenue-chez-askip_50421981.html\" rel=\"nofollow noopener\" target=\"_blank\">Askip<\/a> et les Halles 1 &amp; 2, \u00e0 la crois\u00e9e de la Halle 6 Ouest et Beaux-Arts Nantes Saint-Nazaire. Une soixantaine de stands, r\u00e9unissant services universitaires et associations \u00e9tudiantes, sera sur place.<\/p>\n<p class=\" wall-content\">\u00ab\u2009Des animations sport, handisport et culturelles seront propos\u00e9es, avec la pr\u00e9sence, entre autres, du SUAPS et du collectif d\u2019artistes La Meute, qui proposera aux \u00e9tudiant\u00b7es de d\u00e9couvrir<strong> la plus petite discoth\u00e8que du monde, au sein d\u2019une caravane baleine\u2009\u00bb<\/strong>, indique dans un communiqu\u00e9 de presse Nantes Universit\u00e9.<\/p>\n<p class=\" wall-content\">\u00c0 18h, des<strong> repr\u00e9sentations musicales et artistiques<\/strong> port\u00e9es par des \u00e9tudiants de l\u2019universit\u00e9 nantaise auront lieu. \u00c0 partir de 20\u2009h, des artistes (pop, hip-hop, \u00e9lectro\u2026) se relaieront sur deux sc\u00e8nes (Halle 6 Ouest et Askip).<\/p>\n<p class=\" wall-content\">Retrouvez l\u2019ensemble du programme sur le site de <a href=\"https:\/\/u-news.univ-nantes.fr\/festival-de-rentree-2025\" rel=\"nofollow noopener\" target=\"_blank\">Nantes Universit\u00e9<\/a>.<\/p>\n<p class=\" wall-content\">Personnalisez votre actualit\u00e9 en ajoutant vos villes et m\u00e9dias en favori avec <a href=\"https:\/\/moncompte.actu.fr\" title=\"D\u00e9couvez Mon Actu\" rel=\"nofollow noopener\" data-trk=\"{&quot;cta&quot;:{&quot;action&quot;:&quot;https:\\\/\\\/moncompte.actu.fr&quot;,&quot;category&quot;:&quot;mon compte&quot;,&quot;from&quot;:&quot;article footer&quot;,&quot;name&quot;:&quot;Mon actu&quot;,&quot;type&quot;:&quot;cta&quot;}}\" target=\"_blank\">Mon Actu<\/a>.<\/p>\n","protected":false},"excerpt":{"rendered":"Par Thomas Bernard Publi\u00e9 le 25 sept. 2025 \u00e0 7h46 Les \u00e9tudiants de Nantes Universit\u00e9 ont repris le&hellip;\n","protected":false},"author":2,"featured_media":415856,"comment_status":"","ping_status":"","sticky":false,"template":"","format":"standard","meta":{"footnotes":""},"categories":[2818],"tags":[1111,11,1777,674,849,1011,27,1652,873,766,12,2636,25],"class_list":{"0":"post-415855","1":"post","2":"type-post","3":"status-publish","4":"format-standard","5":"has-post-thumbnail","7":"category-nantes","8":"tag-actu","9":"tag-actualites","10":"tag-eu","11":"tag-europe","12":"tag-festival","13":"tag-fr","14":"tag-france","15":"tag-loisirs-culture","16":"tag-musique","17":"tag-nantes","18":"tag-news","19":"tag-pays-de-la-loire","20":"tag-republique-francaise"},"share_on_mastodon":{"url":"https:\/\/pubeurope.com\/@fr\/115263575440194665","error":""},"_links":{"self":[{"href":"https:\/\/www.europesays.com\/fr\/wp-json\/wp\/v2\/posts\/415855","targetHints":{"allow":["GET"]}}],"collection":[{"href":"https:\/\/www.europesays.com\/fr\/wp-json\/wp\/v2\/posts"}],"about":[{"href":"https:\/\/www.europesays.com\/fr\/wp-json\/wp\/v2\/types\/post"}],"author":[{"embeddable":true,"href":"https:\/\/www.europesays.com\/fr\/wp-json\/wp\/v2\/users\/2"}],"replies":[{"embeddable":true,"href":"https:\/\/www.europesays.com\/fr\/wp-json\/wp\/v2\/comments?post=415855"}],"version-history":[{"count":0,"href":"https:\/\/www.europesays.com\/fr\/wp-json\/wp\/v2\/posts\/415855\/revisions"}],"wp:featuredmedia":[{"embeddable":true,"href":"https:\/\/www.europesays.com\/fr\/wp-json\/wp\/v2\/media\/415856"}],"wp:attachment":[{"href":"https:\/\/www.europesays.com\/fr\/wp-json\/wp\/v2\/media?parent=415855"}],"wp:term":[{"taxonomy":"category","embeddable":true,"href":"https:\/\/www.europesays.com\/fr\/wp-json\/wp\/v2\/categories?post=415855"},{"taxonomy":"post_tag","embeddable":true,"href":"https:\/\/www.europesays.com\/fr\/wp-json\/wp\/v2\/tags?post=415855"}],"curies":[{"name":"wp","href":"https:\/\/api.w.org\/{rel}","templated":true}]}}