{"id":415857,"date":"2025-09-25T06:42:13","date_gmt":"2025-09-25T06:42:13","guid":{"rendered":"https:\/\/www.europesays.com\/fr\/415857\/"},"modified":"2025-09-25T06:42:13","modified_gmt":"2025-09-25T06:42:13","slug":"comment-le-budget-de-restauration-de-la-cathedrale-de-nantes-a-explose","status":"publish","type":"post","link":"https:\/\/www.europesays.com\/fr\/415857\/","title":{"rendered":"Comment le budget de restauration de la cath\u00e9drale de Nantes a explos\u00e9"},"content":{"rendered":"<p class=\"single__lede\"><b>Le 18 juillet 2020, la cath\u00e9drale de Nantes \u00e9tait victime d&rsquo;un violent incendie d&rsquo;origine criminelle, le second en moins de 50 ans. Apr\u00e8s cinq ann\u00e9es de travaux, elle rouvre ses portes ce week-end. Si le chantier a \u00e9t\u00e9 men\u00e9 dans les temps, sa facture, en revanche, est trois fois plus \u00e9lev\u00e9e que pr\u00e9vu. Explications.<\/b><\/p>\n<p>\t\t<img width=\"2560\" height=\"1708\" src=\"https:\/\/www.europesays.com\/fr\/wp-content\/uploads\/2025\/09\/P1170791-scaled.jpg\" class=\"position-center wp-post-image\" alt=\"\" decoding=\"async\" fetchpriority=\"high\"  \/>\t\t\t\t\tDeux ouvriers travaillent en 2024 sur une voute, \u00e0 35 m\u00e8tres de hauteur, \u00e0 la cath\u00e9drale de Nantes. Photo : Thibault Dumas \/ Mediacit\u00e9s<\/p>\n<p>Ce samedi 27 septembre, plus de cinq ans apr\u00e8s <a href=\"https:\/\/www.mediacites.fr\/revue-de-presse\/nantes\/2019\/04\/18\/loeil-de-mediacites-notre-dame-chu-vinci-letat-et-nddl-alerte-aux-pesticides\/\" target=\"_blank\" rel=\"noopener\">le terrible incendie d\u2019origine criminelle de juillet 2020<\/a> la cath\u00e9drale Saint\u2010Pierre et Saint\u2010Paul de Nantes va rouvrir ses portes aux fid\u00e8les et visiteurs. \u00ab\u202fUne r\u00e9ouverture qui n\u2019a pas \u00e9t\u00e9 d\u00e9cal\u00e9e\u202f\u00bb, se f\u00e9licite la DRAC, maitre d\u2019ouvrage et propri\u00e9taire de l\u2019\u00e9difice, rappelant au passage qu\u2019apr\u00e8s un pr\u00e9c\u00e9dent incendie, en 1972, elle \u00e9tait rest\u00e9e ferm\u00e9e plus de 12 ans. Si le chantier a respect\u00e9 les d\u00e9lais, on ne peut pas dire la m\u00eame chose du montant des travaux. Ce dernier a plus que tripl\u00e9 depuis les premi\u00e8res estimations de f\u00e9vrier 2021.\u00a0<\/p>\n<p>Nous vous offrons l\u2019acc\u00e8s \u00e0 cet article<\/p>\n<p>Et \u00e0 toutes nos enqu\u00eates pendant deux jours\u00a0\u00a0! <br \/>Oui, on est g\u00e9n\u00e9reux \ud83d\ude09 Mais pensez aussi \u00e0 <a href=\"https:\/\/www.mediacites.fr\/sabonner\/\" target=\"_blank\" style=\"color:#fff\" rel=\"noopener\">vous abonner<\/a>\u00a0\u00a0!<\/p>\n<p>\t\tEn renseignant votre adresse, vous acceptez nos <a href=\"https:\/\/www.mediacites.fr\/conditions-generales-d-utilisation\/\" target=\"_blank\" rel=\"noopener\">conditions g\u00e9n\u00e9rales d\u2019utilisation<\/a>. <br \/>Mediacit\u00e9s s\u2019engage \u00e0 ne pas c\u00e9der votre adresse \u00e0 des tiers. En cas d\u2019\u00e9chec, \u00e9crivez \u00e0 <a href=\"https:\/\/www.mediacites.fr\/decryptage\/nantes\/2025\/09\/25\/comment-le-budget-de-restauration-de-la-cathedrale-de-nantes-a-explose\/mailto:contact@mediacites.fr\" target=\"_blank\" rel=\"noopener\">contact@mediacites.fr<\/a><\/p>\n<ul>\n<li>J\u2019acc\u00e8de aux 4 \u00e9ditions de Mediacit\u00e9s (Lille, Lyon, Nantes et Toulouse)<\/li>\n<li>Je d\u00e9couvre un m\u00e9dia 100 % ind\u00e9pendant, avec 0 % de publicit\u00e9<\/li>\n<\/ul>\n<p>Envie de lire la\u00a0suite\u202f?<\/p>\n<p class=\"price\">1\u20ac le premier mois<\/p>\n<p class=\"description\">Puis 7,90\u20ac par\u00a0mois<\/p>\n<p><a class=\"button button--green\" href=\"https:\/\/www.mediacites.fr\/sabonner\/?sub=55\" style=\"margin-top:22px;font-size:13px;\" target=\"_blank\" rel=\"noopener\">Je teste\u202f! <\/a><\/p>\n<ul>\n<li>Acc\u00e8s aux 4 \u00e9ditions de Mediacit\u00e9s (Lille, Lyon, Nantes et Toulouse)<\/li>\n<li>100 % ind\u00e9pendant, avec 0 % de publicit\u00e9<\/li>\n<li>R\u00e9siliation facile \u00e0 tout moment<\/li>\n<\/ul>\n<p>Mediacit\u00e9s offre l\u2019acc\u00e8s \u00e0 cet article aux lecteurs de News2Com<\/p>\n<p>Et \u00e0 toutes nos enqu\u00eates pendant deux jours\u00a0\u00a0! <br \/>Oui, on est g\u00e9n\u00e9reux \ud83d\ude09 Mais pensez aussi \u00e0 <a href=\"https:\/\/www.mediacites.fr\/sabonner\/\" target=\"_blank\" style=\"color:#fff\" rel=\"noopener\">vous abonner<\/a>\u00a0\u00a0!<\/p>\n<p>\t\tEn renseignant votre adresse, vous acceptez nos <a href=\"https:\/\/www.mediacites.fr\/conditions-generales-d-utilisation\/\" target=\"_blank\" rel=\"noopener\">conditions g\u00e9n\u00e9rales d\u2019utilisation<\/a>. <br \/>Mediacit\u00e9s s\u2019engage \u00e0 ne pas c\u00e9der votre adresse \u00e0 des tiers. En cas d\u2019\u00e9chec, \u00e9crivez \u00e0 <a href=\"https:\/\/www.mediacites.fr\/decryptage\/nantes\/2025\/09\/25\/comment-le-budget-de-restauration-de-la-cathedrale-de-nantes-a-explose\/mailto:contact@mediacites.fr\" target=\"_blank\" rel=\"noopener\">contact@mediacites.fr<\/a><\/p>\n<ul>\n<li>J\u2019acc\u00e8de aux 4 \u00e9ditions de Mediacit\u00e9s (Lille, Lyon, Nantes et Toulouse)<\/li>\n<li>Je d\u00e9couvre un m\u00e9dia 100 % ind\u00e9pendant, avec 0 % de publicit\u00e9<\/li>\n<\/ul>\n<p>\tD\u00e9couvrez aussi <strong>nos derni\u00e8res enqu\u00eates<\/strong><\/p>\n","protected":false},"excerpt":{"rendered":"Le 18 juillet 2020, la cath\u00e9drale de Nantes \u00e9tait victime d&rsquo;un violent incendie d&rsquo;origine criminelle, le second en&hellip;\n","protected":false},"author":2,"featured_media":415858,"comment_status":"","ping_status":"","sticky":false,"template":"","format":"standard","meta":{"footnotes":""},"categories":[2818],"tags":[1111,11,43851,16403,21543,54621,12336,8305,1777,674,1011,27,766,12,2636,2687,25,2086,54622],"class_list":{"0":"post-415857","1":"post","2":"type-post","3":"status-publish","4":"format-standard","5":"has-post-thumbnail","7":"category-nantes","8":"tag-actu","9":"tag-actualites","10":"tag-cathedrale-de-nantes","11":"tag-decryptage","12":"tag-drac","13":"tag-edifice-religieux","14":"tag-eglise","15":"tag-eglise-catholique","16":"tag-eu","17":"tag-europe","18":"tag-fr","19":"tag-france","20":"tag-nantes","21":"tag-news","22":"tag-pays-de-la-loire","23":"tag-reportage","24":"tag-republique-francaise","25":"tag-travaux","26":"tag-ville-de-nantes"},"share_on_mastodon":{"url":"https:\/\/pubeurope.com\/@fr\/115263579824940880","error":""},"_links":{"self":[{"href":"https:\/\/www.europesays.com\/fr\/wp-json\/wp\/v2\/posts\/415857","targetHints":{"allow":["GET"]}}],"collection":[{"href":"https:\/\/www.europesays.com\/fr\/wp-json\/wp\/v2\/posts"}],"about":[{"href":"https:\/\/www.europesays.com\/fr\/wp-json\/wp\/v2\/types\/post"}],"author":[{"embeddable":true,"href":"https:\/\/www.europesays.com\/fr\/wp-json\/wp\/v2\/users\/2"}],"replies":[{"embeddable":true,"href":"https:\/\/www.europesays.com\/fr\/wp-json\/wp\/v2\/comments?post=415857"}],"version-history":[{"count":0,"href":"https:\/\/www.europesays.com\/fr\/wp-json\/wp\/v2\/posts\/415857\/revisions"}],"wp:featuredmedia":[{"embeddable":true,"href":"https:\/\/www.europesays.com\/fr\/wp-json\/wp\/v2\/media\/415858"}],"wp:attachment":[{"href":"https:\/\/www.europesays.com\/fr\/wp-json\/wp\/v2\/media?parent=415857"}],"wp:term":[{"taxonomy":"category","embeddable":true,"href":"https:\/\/www.europesays.com\/fr\/wp-json\/wp\/v2\/categories?post=415857"},{"taxonomy":"post_tag","embeddable":true,"href":"https:\/\/www.europesays.com\/fr\/wp-json\/wp\/v2\/tags?post=415857"}],"curies":[{"name":"wp","href":"https:\/\/api.w.org\/{rel}","templated":true}]}}