{"id":415859,"date":"2025-09-25T06:43:11","date_gmt":"2025-09-25T06:43:11","guid":{"rendered":"https:\/\/www.europesays.com\/fr\/415859\/"},"modified":"2025-09-25T06:43:11","modified_gmt":"2025-09-25T06:43:11","slug":"des-spectacles-festifs-en-cette-fin-septembre","status":"publish","type":"post","link":"https:\/\/www.europesays.com\/fr\/415859\/","title":{"rendered":"des spectacles festifs en cette fin septembre"},"content":{"rendered":"<p>            1 Danse et \u00ab\u00a0Night Fever\u00a0\u00bb avec la compagnie R\u00eavolution<\/p>\n<p>L\u2019Odyss\u00e9e de P\u00e9rigueux donnera carte blanche \u00e0 la compagnie R\u00eavolution pour ouvrir sa saison au Th\u00e9\u00e2tre, samedi 27\u00a0septembre \u00e0 partir de 19\u00a0heures. Bas\u00e9e \u00e0 Bordeaux, elle est anim\u00e9e par Anthony Eg\u00e9a et se consacre \u00e0 la danse hip-hop. C\u2019est une habitu\u00e9e de L\u2019Odyss\u00e9e o\u00f9 elle se vient r\u00e9guli\u00e8rement. Pr\u00e9sent\u00e9 dans le off de Mimos <a href=\"https:\/\/www.sudouest.fr\/dordogne\/perigueux\/mimos-a-perigueux-2025-le-spectacle-le-crew-de-la-compagnie-revolution-plebiscite-par-le-public-25137190.php\" rel=\"nofollow noopener\" target=\"_blank\">cette ann\u00e9e, son spectacle \u00ab\u00a0Le Crew\u00a0\u00bb a gagn\u00e9 le prix du public<\/a>.<\/p>\n<p>\u00ab\u00a0Nous voulons proposer une soir\u00e9e festive et ouverte \u00e0 tous\u00a0\u00bb, soulignent les animateurs de L\u2019Odyss\u00e9e. Sept danseurs se produiront et donneront des extraits de spectacles au r\u00e9pertoire de la compagnie. Et ils ne se contenteront pas de jouer sur la sc\u00e8ne de la grande salle, ils investiront tout le Th\u00e9\u00e2tre. Un des danseurs assurera des initiations pour enseigner des pas. Un bal disco funk \u00e9lectro sera organis\u00e9 \u00e0 partir de 22\u00a0heures avec DJ Sylvie Va-T\u2019En aux manettes. Et la compagnie Bougrelas installera un vestiaire o\u00f9 l\u2019on pourra emprunter des tenues de circonstance.<\/p>\n<p>Un food truck proposant des plats des Cara\u00efbes sera pr\u00e9sent sur l\u2019esplanade Badinter. Le bar \u00e0 l\u2019int\u00e9rieur du Th\u00e9\u00e2tre trouvera un nouvel emplacement, plus en vue, l\u00e0 o\u00f9 \u00e9tait le vestiaire. On y servira un cocktail sp\u00e9cial, de 21\u00a0heures \u00e0 minuit.<\/p>\n<p>Entr\u00e9e gratuite. Plus de renseignements sur <a href=\"https:\/\/www.odyssee-perigueux.fr\/\" target=\"_blank\" rel=\"nofollow noopener\">odysse-perigueux.fr<\/a>.<\/p>\n<p>2 \u00ab\u00a0Smashed\u00a0\u00bb, le jonglage avec des pommes<\/p>\n<p>        <img decoding=\"async\" id=\"26043548\" src=\"https:\/\/www.europesays.com\/fr\/wp-content\/uploads\/2025\/09\/gandini.jpg\" alt=\"\u00ab\u00a0Smashed\u00a0\u00bb ou l\u2019art de jongler avec des pommes.\" itemprop=\"contentURL\"\/><\/p>\n<p>    \u00ab\u00a0Smashed\u00a0\u00bb ou l\u2019art de jongler avec des pommes.<\/p>\n<p>Archives Jean-Christophe Sounalet\u00a0\/\u00a0SO<\/p>\n<p>La saison du centre culturel de Sarlat d\u00e9butera samedi 27\u00a0septembre \u00e0 20\u00a0h\u00a030, par un spectacle particuli\u00e8rement r\u00e9jouissant\u00a0: \u00ab\u00a0Smashed\u00a0\u00bb, de la<a href=\"https:\/\/www.gandinijuggling.com\/\" target=\"_blank\" rel=\"nofollow noopener\"> compagnie britannique Gandini Juggling<\/a>. Jouant de l\u2019effet de surprise, il allie virtuosit\u00e9 et humour, les jongleurs rempla\u00e7ant les balles par des pommes.<\/p>\n<p>\u00ab\u00a0Smashed\u00a0\u00bb a \u00e9t\u00e9 cr\u00e9\u00e9 il y a\u00a0quinze ans dans un parc de Londres, o\u00f9 il devait rester une semaine. Devenu depuis un spectacle embl\u00e9matique, il a \u00e9t\u00e9 donn\u00e9 dans le monde entier. Sur le plateau, neuf jongleurs, cinq hommes et quatre femmes, ex\u00e9cutent une succession de tableaux. Ils utilisent 80 pommes et quatre services de vaisselle qui finissent en mille morceaux. Le terme anglais \u00ab\u00a0Smashed\u00a0\u00bb signifie \u00e9cras\u00e9. Tout un programme.<\/p>\n<p>Tarifs\u00a0: de 8 \u00e0 18\u00a0euros. \u00c0 l\u2019occasion de cette soir\u00e9e d\u2019ouverture, une place adulte achet\u00e9e donne droit \u00e0 une place enfant gratuite. Renseignements au 05\u00a053\u00a031\u00a009\u00a049 ou sur le site <a href=\"https:\/\/www.sarlat-centreculturel.fr\/\" target=\"_blank\" rel=\"nofollow noopener\">sarlat-centreculturel.fr.<\/a><\/p>\n<p>3 Le plein de spectacles avec Le Petit Toit d\u2019\u00e9toiles<\/p>\n<p>        <img decoding=\"async\" id=\"25846859\" src=\"https:\/\/www.europesays.com\/fr\/wp-content\/uploads\/2025\/09\/perigordvert-c22ee121e79a4464a0fdde5447647840-172415-ph0.jpg\" alt=\"Au Petit Toit d\u2019\u00e9toiles, une s\u00e9lection de spectacles de rue.\" itemprop=\"contentURL\"\/><\/p>\n<p>    Au Petit Toit d\u2019\u00e9toiles, une s\u00e9lection de spectacles de rue.<\/p>\n<p>fournie par L\u00e9zid\u00e9fuz<\/p>\n<p>Le Petit Toit d\u2019\u00e9toiles, festival organis\u00e9 par le caf\u00e9 associatif L\u00e9zid\u00e9fuz, aura lieu samedi\u00a027 et dimanche 28\u00a0septembre \u00e0 L\u00e9guillac-de-Cercles (commune de Mareuil-en-P\u00e9rigord). Les arts nomades, le th\u00e9\u00e2tre de rue, la musique et le cirque y seront au programme. On y attend Les Crieurs, Club Sandwich ou encore les compagnies Pittoresque et ISI.<\/p>\n","protected":false},"excerpt":{"rendered":"1 Danse et \u00ab\u00a0Night Fever\u00a0\u00bb avec la compagnie R\u00eavolution L\u2019Odyss\u00e9e de P\u00e9rigueux donnera carte blanche \u00e0 la compagnie&hellip;\n","protected":false},"author":2,"featured_media":415860,"comment_status":"","ping_status":"","sticky":false,"template":"","format":"standard","meta":{"footnotes":""},"categories":[2817],"tags":[1111,11,1997,1777,674,1011,27,12,2219,25],"class_list":{"0":"post-415859","1":"post","2":"type-post","3":"status-publish","4":"format-standard","5":"has-post-thumbnail","7":"category-bordeaux","8":"tag-actu","9":"tag-actualites","10":"tag-bordeaux","11":"tag-eu","12":"tag-europe","13":"tag-fr","14":"tag-france","15":"tag-news","16":"tag-nouvelle-aquitaine","17":"tag-republique-francaise"},"share_on_mastodon":{"url":"https:\/\/pubeurope.com\/@fr\/115263583624241414","error":""},"_links":{"self":[{"href":"https:\/\/www.europesays.com\/fr\/wp-json\/wp\/v2\/posts\/415859","targetHints":{"allow":["GET"]}}],"collection":[{"href":"https:\/\/www.europesays.com\/fr\/wp-json\/wp\/v2\/posts"}],"about":[{"href":"https:\/\/www.europesays.com\/fr\/wp-json\/wp\/v2\/types\/post"}],"author":[{"embeddable":true,"href":"https:\/\/www.europesays.com\/fr\/wp-json\/wp\/v2\/users\/2"}],"replies":[{"embeddable":true,"href":"https:\/\/www.europesays.com\/fr\/wp-json\/wp\/v2\/comments?post=415859"}],"version-history":[{"count":0,"href":"https:\/\/www.europesays.com\/fr\/wp-json\/wp\/v2\/posts\/415859\/revisions"}],"wp:featuredmedia":[{"embeddable":true,"href":"https:\/\/www.europesays.com\/fr\/wp-json\/wp\/v2\/media\/415860"}],"wp:attachment":[{"href":"https:\/\/www.europesays.com\/fr\/wp-json\/wp\/v2\/media?parent=415859"}],"wp:term":[{"taxonomy":"category","embeddable":true,"href":"https:\/\/www.europesays.com\/fr\/wp-json\/wp\/v2\/categories?post=415859"},{"taxonomy":"post_tag","embeddable":true,"href":"https:\/\/www.europesays.com\/fr\/wp-json\/wp\/v2\/tags?post=415859"}],"curies":[{"name":"wp","href":"https:\/\/api.w.org\/{rel}","templated":true}]}}