{"id":415865,"date":"2025-09-25T06:46:11","date_gmt":"2025-09-25T06:46:11","guid":{"rendered":"https:\/\/www.europesays.com\/fr\/415865\/"},"modified":"2025-09-25T06:46:11","modified_gmt":"2025-09-25T06:46:11","slug":"un-motard-gravement-blesse-dans-un-accident-survenu-sur-une-voie-rapide","status":"publish","type":"post","link":"https:\/\/www.europesays.com\/fr\/415865\/","title":{"rendered":"un motard gravement bless\u00e9 dans un accident survenu sur une voie rapide"},"content":{"rendered":"<p>            Par<br \/>\n        <strong><br \/>\n            <a href=\"https:\/\/actu.fr\/auteur\/marie-lamarque\" title=\"Consulter tous les articles de Marie Lamarque\" rel=\"nofollow noopener\" target=\"_blank\">Marie Lamarque<\/a><br \/>\n        <\/strong><\/p>\n<p>        Publi\u00e9 le<\/p>\n<p>            25 sept. 2025 \u00e0 7h47        <\/p>\n<p>Un <strong>grave accident<\/strong> s\u2019est produit sur la N124 \u00e0 Colomiers, cette voie rapide qui relie le p\u00e9riph\u00e9rique de <a href=\"https:\/\/actu.fr\/toulouse\/\" rel=\"nofollow noopener\" target=\"_blank\">Toulouse<\/a>, dans la soir\u00e9e du mercredi 24 septembre 2025.<\/p>\n<p class=\" wall-content\"><strong>Une moto et une voiture sont entr\u00e9es en collision<\/strong> \u00e0 hauteur de l\u2019\u00e9changeur d\u2019En Jacca qui permet de rejoindre la cit\u00e9 des Colombes.<\/p>\n<p>Le motard gravement bless\u00e9<\/p>\n<p class=\" wall-content\">Le conducteur de la moto, \u00e2g\u00e9 d\u2019une quarantaine d\u2019ann\u00e9es, a \u00e9t\u00e9<strong> gravement bless\u00e9<\/strong>. <strong>Polytraumatis\u00e9<\/strong>, il a \u00e9t\u00e9 pris en charge par les pompiers et une \u00e9quipe du SMUR aux alentours de 20h30.<\/p>\n<p class=\" wall-content\">Il a \u00e9t\u00e9 \u00e9vacu\u00e9 vers un \u00ab\u00a0centre hospitalier\u00a0\u00bb, indique le Service d\u00e9partemental d\u2019incendie et de secours (SDIS) de la Haute-Garonne.<\/p>\n<p class=\" wall-content\">Quatre v\u00e9hicules de secours ont \u00e9t\u00e9 mobilis\u00e9s sur les lieux, ainsi que les forces de l\u2019ordre.\u00a0<\/p>\n<p>Vid\u00e9os : en ce moment sur Actu<br \/>\n    <a href=\"https:\/\/www.google.com\/maps\/embed?pb=!1m17!1m12!1m3!1d1444.5007356637639!2d1.3096598686833183!3d43.606510974092984!2m3!1f0!2f0!3f0!3m2!1i1024!2i768!4f13.1!3m2!1m1!2zNDPCsDM2JzIzLjQiTiAxwrAxOCc0My42IkU!5e0!3m2!1sfr!2sfr!4v1758778735228!5m2!1sfr!2sfr\" title=\"Ouvrie le lien\" rel=\"nofollow noopener\" target=\"_blank\">Cliquez ici pour visualiser le contenu<\/a><\/p>\n<p class=\" wall-content\">Personnalisez votre actualit\u00e9 en ajoutant vos villes et m\u00e9dias en favori avec <a href=\"https:\/\/moncompte.actu.fr\" title=\"D\u00e9couvez Mon Actu\" rel=\"nofollow noopener\" data-trk=\"{&quot;cta&quot;:{&quot;action&quot;:&quot;https:\\\/\\\/moncompte.actu.fr&quot;,&quot;category&quot;:&quot;mon compte&quot;,&quot;from&quot;:&quot;article footer&quot;,&quot;name&quot;:&quot;Mon actu&quot;,&quot;type&quot;:&quot;cta&quot;}}\" target=\"_blank\">Mon Actu<\/a>.<\/p>\n","protected":false},"excerpt":{"rendered":"Par Marie Lamarque Publi\u00e9 le 25 sept. 2025 \u00e0 7h47 Un grave accident s\u2019est produit sur la N124&hellip;\n","protected":false},"author":2,"featured_media":415866,"comment_status":"","ping_status":"","sticky":false,"template":"","format":"standard","meta":{"footnotes":""},"categories":[2816],"tags":[119,1111,11,1777,674,118,1011,27,12,2680,1311,25,2312],"class_list":{"0":"post-415865","1":"post","2":"type-post","3":"status-publish","4":"format-standard","5":"has-post-thumbnail","7":"category-toulouse","8":"tag-accident","9":"tag-actu","10":"tag-actualites","11":"tag-eu","12":"tag-europe","13":"tag-faits-divers","14":"tag-fr","15":"tag-france","16":"tag-news","17":"tag-occitanie","18":"tag-pompiers","19":"tag-republique-francaise","20":"tag-toulouse"},"share_on_mastodon":{"url":"https:\/\/pubeurope.com\/@fr\/115263595107833469","error":""},"_links":{"self":[{"href":"https:\/\/www.europesays.com\/fr\/wp-json\/wp\/v2\/posts\/415865","targetHints":{"allow":["GET"]}}],"collection":[{"href":"https:\/\/www.europesays.com\/fr\/wp-json\/wp\/v2\/posts"}],"about":[{"href":"https:\/\/www.europesays.com\/fr\/wp-json\/wp\/v2\/types\/post"}],"author":[{"embeddable":true,"href":"https:\/\/www.europesays.com\/fr\/wp-json\/wp\/v2\/users\/2"}],"replies":[{"embeddable":true,"href":"https:\/\/www.europesays.com\/fr\/wp-json\/wp\/v2\/comments?post=415865"}],"version-history":[{"count":0,"href":"https:\/\/www.europesays.com\/fr\/wp-json\/wp\/v2\/posts\/415865\/revisions"}],"wp:featuredmedia":[{"embeddable":true,"href":"https:\/\/www.europesays.com\/fr\/wp-json\/wp\/v2\/media\/415866"}],"wp:attachment":[{"href":"https:\/\/www.europesays.com\/fr\/wp-json\/wp\/v2\/media?parent=415865"}],"wp:term":[{"taxonomy":"category","embeddable":true,"href":"https:\/\/www.europesays.com\/fr\/wp-json\/wp\/v2\/categories?post=415865"},{"taxonomy":"post_tag","embeddable":true,"href":"https:\/\/www.europesays.com\/fr\/wp-json\/wp\/v2\/tags?post=415865"}],"curies":[{"name":"wp","href":"https:\/\/api.w.org\/{rel}","templated":true}]}}