{"id":415867,"date":"2025-09-25T06:47:16","date_gmt":"2025-09-25T06:47:16","guid":{"rendered":"https:\/\/www.europesays.com\/fr\/415867\/"},"modified":"2025-09-25T06:47:16","modified_gmt":"2025-09-25T06:47:16","slug":"groupe-un-avenir-pour-roubaix-octobre-2025","status":"publish","type":"post","link":"https:\/\/www.europesays.com\/fr\/415867\/","title":{"rendered":"Groupe Un avenir pour Roubaix &#8211; octobre 2025"},"content":{"rendered":"<p class=\"p2\">Apr\u00e8s les rentr\u00e9es dans les \u00e9coles, les coll\u00e8ges et les lyc\u00e9es voici le temps des rentr\u00e9es universitaires. La Ville de Roubaix est heureuse d\u2019accueillir toujours plus de formations sur la ville.<br \/>Tous les enseignements sont les bienvenus, et nous sommes ravis d\u2019accueillir de nouvelles initiatives. Cette ann\u00e9e, l\u2019\u00e9cole de la r\u00e9paration a pris place sur le site de Tissel et accompagne d\u00e9j\u00e0 20 \u00e9l\u00e8ves. Ces jeunes vont se former pendant un an aux m\u00e9tiers de la r\u00e9paration et de l\u2019artisanat, cordonnerie, couture, design tout en \u00e9tant r\u00e9mun\u00e9r\u00e9s. Une fa\u00e7on de faire revivre des m\u00e9tiers d\u00e9laiss\u00e9s et plus que jamais indispensables. Merci \u00e0 St\u00e9phanie Calvino d\u2019AntiFashion et \u00e0 la soci\u00e9t\u00e9 VEJA pour leur engagement dans cette nouvelle formation.<br \/>Cette rentr\u00e9e marque aussi le d\u00e9marrage de Molengeek Roubaix qui a accueilli ses premiers \u00e9l\u00e8ves. Les formations offertes par MolenGeek couvrent un large \u00e9ventail de domaines technologiques, de la programmation informatique \u00e0 la cybers\u00e9curit\u00e9, en passant par le marketing digital et l\u2019intelligence artificielle. A la fois incubateur et cr\u00e9ateur d\u2019\u00e9v\u00e9nements, ils donnent l\u2019opportunit\u00e9 \u00e0 tout le monde de venir se former \u00e0 des m\u00e9tiers du num\u00e9rique essentiels aujourd\u2019hui. Je souhaite bonne chance \u00e0 la fois aux porteurs de ces projets et aux \u00e9l\u00e8ves qui font ces choix audacieux pour leur parcours de professionnalisation.<\/p>\n<p><strong>Merci aux actes citoyens <\/strong><\/p>\n<p class=\"p2\">Nous recevons de plus en plus de messages concernant les night shops et le souhait des habitants pour que nous puissions mettre fin aux nuisances cr\u00e9\u00e9es par un certain nombre de ces magasins. Je rappelle deux principes sur ce sujet, tout d\u2019abord lorsque ces commerces s\u2019installent ce n\u2019est jamais la Ville qui leur accorde une autorisation et enfin nous requ\u00e9rons syst\u00e9matiquement l\u2019aide de l\u2019\u00c9tat et de la police nationale en cas de d\u00e9bordement. Nous avons associ\u00e9 deux mesures cet \u00e9t\u00e9 par arr\u00eat\u00e9s municipaux pour lutter contre leurs nuisances en renouvelant des restric-tions d\u2019horaires le soir et en interdisant la consommation du protoxyde d\u2019azote sur la voie publique sachant que de nombreux night shops sont les fournisseurs de ce poison pour notre jeunesse. Cela donne lieu \u00e0 des contr\u00f4les et des verbalisations chaque jour.<br \/>Je remercie dans ce cadre les citoyens qui font progresser les investigations et acc\u00e9l\u00e9rer les d\u00e9cisions de justice par leurs t\u00e9moignages. Je vous souhaite \u00e0 toutes et \u00e0 tous un beau mois d\u2019octobre<\/p>\n<p style=\"text-align: right;\"><strong>Guillaume DELBAR<\/strong>, Maire de Roubaix<\/p>\n","protected":false},"excerpt":{"rendered":"Apr\u00e8s les rentr\u00e9es dans les \u00e9coles, les coll\u00e8ges et les lyc\u00e9es voici le temps des rentr\u00e9es universitaires. La&hellip;\n","protected":false},"author":2,"featured_media":48636,"comment_status":"","ping_status":"","sticky":false,"template":"","format":"standard","meta":{"footnotes":""},"categories":[2815],"tags":[1111,11,1777,674,14030,1011,27,811,1307,12,25,5030],"class_list":{"0":"post-415867","1":"post","2":"type-post","3":"status-publish","4":"format-standard","5":"has-post-thumbnail","7":"category-lille","8":"tag-actu","9":"tag-actualites","10":"tag-eu","11":"tag-europe","12":"tag-expression-politique","13":"tag-fr","14":"tag-france","15":"tag-hauts-de-france","16":"tag-lille","17":"tag-news","18":"tag-republique-francaise","19":"tag-tribune"},"share_on_mastodon":{"url":"https:\/\/pubeurope.com\/@fr\/115263599007576079","error":""},"_links":{"self":[{"href":"https:\/\/www.europesays.com\/fr\/wp-json\/wp\/v2\/posts\/415867","targetHints":{"allow":["GET"]}}],"collection":[{"href":"https:\/\/www.europesays.com\/fr\/wp-json\/wp\/v2\/posts"}],"about":[{"href":"https:\/\/www.europesays.com\/fr\/wp-json\/wp\/v2\/types\/post"}],"author":[{"embeddable":true,"href":"https:\/\/www.europesays.com\/fr\/wp-json\/wp\/v2\/users\/2"}],"replies":[{"embeddable":true,"href":"https:\/\/www.europesays.com\/fr\/wp-json\/wp\/v2\/comments?post=415867"}],"version-history":[{"count":0,"href":"https:\/\/www.europesays.com\/fr\/wp-json\/wp\/v2\/posts\/415867\/revisions"}],"wp:featuredmedia":[{"embeddable":true,"href":"https:\/\/www.europesays.com\/fr\/wp-json\/wp\/v2\/media\/48636"}],"wp:attachment":[{"href":"https:\/\/www.europesays.com\/fr\/wp-json\/wp\/v2\/media?parent=415867"}],"wp:term":[{"taxonomy":"category","embeddable":true,"href":"https:\/\/www.europesays.com\/fr\/wp-json\/wp\/v2\/categories?post=415867"},{"taxonomy":"post_tag","embeddable":true,"href":"https:\/\/www.europesays.com\/fr\/wp-json\/wp\/v2\/tags?post=415867"}],"curies":[{"name":"wp","href":"https:\/\/api.w.org\/{rel}","templated":true}]}}