{"id":415875,"date":"2025-09-25T06:53:08","date_gmt":"2025-09-25T06:53:08","guid":{"rendered":"https:\/\/www.europesays.com\/fr\/415875\/"},"modified":"2025-09-25T06:53:08","modified_gmt":"2025-09-25T06:53:08","slug":"les-bouchons-atteignent-400-kilometres","status":"publish","type":"post","link":"https:\/\/www.europesays.com\/fr\/415875\/","title":{"rendered":"les bouchons atteignent 400 kilom\u00e8tres"},"content":{"rendered":"<p>            Par<br \/>\n        <strong><br \/>\n            <a href=\"https:\/\/actu.fr\/auteur\/redaction-paris\" title=\"Consulter tous les articles de R\u00e9daction Paris\" target=\"_blank\" rel=\"noopener\">R\u00e9daction Paris<\/a><br \/>\n        <\/strong><\/p>\n<p>        Publi\u00e9 le<\/p>\n<p>            25 sept. 2025 \u00e0 8h45        <\/p>\n<p>Nouvelle matin\u00e9e, nouvelle gal\u00e8re sur les routes de Paris et d\u2019\u00cele-de-France. Ce jeudi 25 septembre 2025, la <a href=\"https:\/\/actu.fr\/tag\/circulation\" target=\"_blank\" rel=\"noopener\">circulation<\/a> est tr\u00e8s compliqu\u00e9e depuis le d\u00e9but de la journ\u00e9e. Les <strong>bouchons<\/strong> sont tr\u00e8s largement au-dessus de la moyenne.\u00a0<\/p>\n<p>Plusieurs accidents\u00a0<\/p>\n<p class=\" wall-content\">Selon la courbe de <a href=\"https:\/\/www.sytadin.fr\/sys\/barometre_bouchon.jsp.html\" target=\"_blank\" rel=\"noopener\">Sytadin.fr<\/a>, qui enregistre le cumul des embouteillages, la situation est \u00ab\u00a0exceptionnel\u00a0\u00bb : <strong>400 kilom\u00e8tres<\/strong> de bouchons sont enregistr\u00e9s \u00e0 8h30. Habituellement, \u00e0 la m\u00eame heure, ils se situent autour de 250.\u00a0<\/p>\n<p class=\" wall-content\">Comment expliquer ces ralentissements ? Quelques incidents ont eu lieu sur les routes.\u00a0<\/p>\n<p class=\" wall-content\">\u2013 Sur l\u2019<strong>A15<\/strong> Paris \u2013 province : accident entre deux v\u00e9hicules l\u00e9gers, un poids lourd est impliqu\u00e9. Une des quatre voie est ferm\u00e9e.\u00a0<\/p>\n<p class=\" wall-content\">\u2013 Sur l\u2019<strong>A86<\/strong> ext\u00e9rieur de Rueil vers Bougival : accident impliquant un v\u00e9hicule l\u00e9ger. Sur les quatre voies, celle de droite est ferm\u00e9e.\u00a0<\/p>\n<p class=\" wall-content\">\u2013 Sur l\u2019<strong>A6B<\/strong> de Wissous vers Fresnes : accident entre trois v\u00e9hicules l\u00e9gers. Sur les trois voies, celle du milieu est ferm\u00e9e.\u00a0<\/p>\n<p class=\" wall-content\">\u2013 Sur l\u2019<strong>A10<\/strong> de gare de Massy-Palaiseau vers Massy : accident entre deux v\u00e9hicules l\u00e9gers. Sur les deux voies, celle de droite est ferm\u00e9e.\u00a0<\/p>\n<p class=\" wall-content\">Personnalisez votre actualit\u00e9 en ajoutant vos villes et m\u00e9dias en favori avec <a href=\"https:\/\/moncompte.actu.fr\" title=\"D\u00e9couvez Mon Actu\" rel=\"nofollow noopener\" data-trk=\"{&quot;cta&quot;:{&quot;action&quot;:&quot;https:\\\/\\\/moncompte.actu.fr&quot;,&quot;category&quot;:&quot;mon compte&quot;,&quot;from&quot;:&quot;article footer&quot;,&quot;name&quot;:&quot;Mon actu&quot;,&quot;type&quot;:&quot;cta&quot;}}\" target=\"_blank\">Mon Actu<\/a>.<\/p>\n","protected":false},"excerpt":{"rendered":"Par R\u00e9daction Paris Publi\u00e9 le 25 sept. 2025 \u00e0 8h45 Nouvelle matin\u00e9e, nouvelle gal\u00e8re sur les routes de&hellip;\n","protected":false},"author":2,"featured_media":415876,"comment_status":"","ping_status":"","sticky":false,"template":"","format":"standard","meta":{"footnotes":""},"categories":[1592],"tags":[1111,11,3542,1777,674,1011,27,662,12,626,25,104,2803],"class_list":{"0":"post-415875","1":"post","2":"type-post","3":"status-publish","4":"format-standard","5":"has-post-thumbnail","7":"category-ile-de-france","8":"tag-actu","9":"tag-actualites","10":"tag-circulation","11":"tag-eu","12":"tag-europe","13":"tag-fr","14":"tag-france","15":"tag-ile-de-france","16":"tag-news","17":"tag-paris","18":"tag-republique-francaise","19":"tag-societe","20":"tag-transport"},"share_on_mastodon":{"url":"https:\/\/pubeurope.com\/@fr\/115263622817317520","error":""},"_links":{"self":[{"href":"https:\/\/www.europesays.com\/fr\/wp-json\/wp\/v2\/posts\/415875","targetHints":{"allow":["GET"]}}],"collection":[{"href":"https:\/\/www.europesays.com\/fr\/wp-json\/wp\/v2\/posts"}],"about":[{"href":"https:\/\/www.europesays.com\/fr\/wp-json\/wp\/v2\/types\/post"}],"author":[{"embeddable":true,"href":"https:\/\/www.europesays.com\/fr\/wp-json\/wp\/v2\/users\/2"}],"replies":[{"embeddable":true,"href":"https:\/\/www.europesays.com\/fr\/wp-json\/wp\/v2\/comments?post=415875"}],"version-history":[{"count":0,"href":"https:\/\/www.europesays.com\/fr\/wp-json\/wp\/v2\/posts\/415875\/revisions"}],"wp:featuredmedia":[{"embeddable":true,"href":"https:\/\/www.europesays.com\/fr\/wp-json\/wp\/v2\/media\/415876"}],"wp:attachment":[{"href":"https:\/\/www.europesays.com\/fr\/wp-json\/wp\/v2\/media?parent=415875"}],"wp:term":[{"taxonomy":"category","embeddable":true,"href":"https:\/\/www.europesays.com\/fr\/wp-json\/wp\/v2\/categories?post=415875"},{"taxonomy":"post_tag","embeddable":true,"href":"https:\/\/www.europesays.com\/fr\/wp-json\/wp\/v2\/tags?post=415875"}],"curies":[{"name":"wp","href":"https:\/\/api.w.org\/{rel}","templated":true}]}}