{"id":415881,"date":"2025-09-25T06:56:31","date_gmt":"2025-09-25T06:56:31","guid":{"rendered":"https:\/\/www.europesays.com\/fr\/415881\/"},"modified":"2025-09-25T06:56:31","modified_gmt":"2025-09-25T06:56:31","slug":"bientot-un-monument-aux-avortees-inconnues-a-paris-actualites","status":"publish","type":"post","link":"https:\/\/www.europesays.com\/fr\/415881\/","title":{"rendered":"Bient\u00f4t un monument \u00ab\u00a0Aux avort\u00e9es inconnues\u00a0\u00bb \u00e0 Paris? : Actualit\u00e9s"},"content":{"rendered":"<p class=\"lead \">Vers la fin d&rsquo;un \u00ab\u00a0trou noir de l&rsquo;Histoire\u00a0\u00bb? : un projet de monument d\u00e9di\u00e9 aux milliers de femmes d\u00e9c\u00e9d\u00e9es des suites d&rsquo;un avortement clandestin avant 1975 refait surface \u00e0 l&rsquo;initiative de personnalit\u00e9s et d&rsquo;associations f\u00e9ministes cinquante ans apr\u00e8s la loi Veil.<\/p>\n<p class=\"lead \">Baptis\u00e9 \u00ab\u00a0Aux avort\u00e9es inconnues\u00a0\u00bb, ce projet, que ses initiatrices souhaitent voir implanter \u00e0 Paris, sera officiellement pr\u00e9sent\u00e9 dimanche \u00e0 la Maison de la Po\u00e9sie \u00e0 l&rsquo;occasion de journ\u00e9e internationale du droit \u00e0 l&rsquo;avortement. <\/p>\n<p class=\"lead \">\u00ab\u00a0Il s&rsquo;agit de rendre hommage \u00e0 toutes ces femmes qui se battaient pour leur libert\u00e9 et pour vivre leur vie\u00a0\u00bb, explique \u00e0 l&rsquo;AFP la cin\u00e9aste Mariana Otero, fille de la peintre Clotilde Vautier morte en 1968 \u00e0 la suite d&rsquo;un avortement ill\u00e9gal. <\/p>\n<p class=\"lead \">\u00ab\u00a0Il n&rsquo;existe aucun monument de ce type dans le monde, ce serait un signal fort envoy\u00e9 \u00e0 toutes les femmes qui sont dans le monde entier en train de se battre pour acc\u00e9der \u00e0 l&rsquo;avortement\u00a0\u00bb, ajoute la r\u00e9alisatrice qui a racont\u00e9 l&rsquo;histoire de sa m\u00e8re dans un documentaire \u00ab\u00a0Histoire d&rsquo;un secret\u00a0\u00bb sorti en 2003.<\/p>\n<p class=\"lead \">Dans le sillage du film, l&rsquo;\u00e9crivaine franco-canadienne Nancy Huston salue alors dans une tribune un film \u00ab\u00a0bouleversant\u00a0\u00bb et \u00e9met l&rsquo;id\u00e9e d&rsquo;une \u00ab\u00a0Fondation Clotilde-Vautier, une sorte de monument \u00e0 l&rsquo;Avort\u00e9e inconnue (martyre de sa soci\u00e9t\u00e9 au m\u00eame titre que le soldat inconnu)\u00a0\u00bb.<\/p>\n<p class=\"lead \">Cette id\u00e9e est reprise par Mariana Otero, rejointe par une dizaine de personnalit\u00e9s parmi lesquelles l&rsquo;actrice Laure Calamy, l&rsquo;\u00e9crivaine Annie Ernaux, ou encore la pr\u00e9sidente du Planning familial Sarah Durocher. <\/p>\n<p class=\"lead \">\u00ab\u00a0Tous les hommes morts \u00e0 la guerre ont eu droit \u00e0 leur monument, dans chaque ville, chaque village. Et c\u2019est l\u00e9gitime pour se souvenir d\u2019eux et de leurs souffrances (&#8230;) Mais qu\u2019en est-il de toutes ces femmes qui ont eu \u00e0 se battre contre\u00a0\u00bb la \u00ab\u00a0loi inique\u00a0\u00bb de 1920 p\u00e9nalisant l&rsquo;avortement ?, s&rsquo;interrogent-elles en mai dernier en lan\u00e7ant une p\u00e9tition. <\/p>\n<p class=\"lead \">&#8211; Donn\u00e9es parcellaires &#8211;<\/p>\n<p class=\"lead \">Pour les initiatrices du projet, \u00ab\u00a0on est face \u00e0 un tournant m\u00e9moriel\u00a0\u00bb. <\/p>\n<p class=\"lead \">\u00ab\u00a0Les derniers t\u00e9moins sont de plus en plus \u00e2g\u00e9s et vont dispara\u00eetre, il y a une certaine urgence \u00e0 recueillir leur m\u00e9moire\u00a0\u00bb, souligne l&rsquo;historienne des f\u00e9minismes Bibia Pavard. <\/p>\n<p class=\"lead \">Car au-del\u00e0 de l&rsquo;hommage en lui m\u00eame, le projet, qui sera associ\u00e9 \u00e0 un site internet, se veut \u00e9galement la porte d&rsquo;entr\u00e9e \u00e0 une collecte d&rsquo;informations sur le profil des victimes et plus largement sur ce \u00ab\u00a0trou noir de l&rsquo;Histoire\u00a0\u00bb.<\/p>\n<p class=\"lead \">\u00ab\u00a0Les d\u00e9c\u00e8s li\u00e9es \u00e0 l&rsquo;avortement \u00e9taient d\u00e9clar\u00e9s sous d&rsquo;autres noms, par exemple p\u00e9ritonite ou complications gyn\u00e9cologiques, donc c&rsquo;est difficile d&rsquo;avoir les chiffres exacts mais on estime \u00e0 plusieurs milliers de d\u00e9c\u00e8s par an\u00a0\u00bb, explique Bibia Pavard. Quant au profil des victimes, il reste encore \u00ab\u00a0parcellaire\u00a0\u00bb.<\/p>\n<p class=\"lead \">Pour Mariana Otero, \u00ab\u00a0ce monument va permettre que les familles, o\u00f9 il y a eu une m\u00e8re, une s\u0153ur, une grand-m\u00e8re d\u00e9c\u00e9d\u00e9e d&rsquo;avortements clandestins, se disent, +c&rsquo;est bon je peux raconter cette histoire+\u00a0\u00bb. <\/p>\n<p class=\"lead \">La question du lieu o\u00f9 pourrait \u00eatre \u00e9rig\u00e9 ce monument n&rsquo;a pour l&rsquo;heure pas \u00e9t\u00e9 tranch\u00e9e, mais le jardin du Luxembourg au S\u00e9nat, \u00ab\u00a0l\u00e0 o\u00f9 la loi f\u00e9minicide de 1920\u00a0\u00bb, qui a interdit l&rsquo;avortement, a \u00e9t\u00e9 vot\u00e9e, serait \u00ab\u00a0symbolique\u00a0\u00bb. <\/p>\n<p class=\"lead \">Reste \u00e0 savoir si le projet se concr\u00e9tisera &#8211; et quand. Un v\u0153u allant dans ce sens a \u00e9t\u00e9 d\u00e9pos\u00e9 par la majorit\u00e9 municipale de gauche et adopt\u00e9 en Conseil de Paris en juin. Sollicit\u00e9 par l&rsquo;AFP, le groupe d&rsquo;opposition de droite men\u00e9 par Rachida Dati a indiqu\u00e9 qu&rsquo;il s&rsquo;agissait d&rsquo;un \u00ab\u00a0sujet consensuel\u00a0\u00bb, rappelant \u00ab\u00a0avoir vot\u00e9 pour ce v\u0153u\u00a0\u00bb. <\/p>\n<p class=\"lead \">Oppos\u00e9e \u00e0 l&rsquo;IVG, l&rsquo;association La Marche pour la Vie a estim\u00e9 quant \u00e0 elle que ce projet n&rsquo;\u00e9tait \u00ab\u00a0absolument pas la priorit\u00e9 du moment\u00a0\u00bb. <\/p>\n<p class=\"small font-weight-bold text-gray3 \"> publi\u00e9 le 24 septembre \u00e0 13h54, AFP<\/p>\n<p>                             Partager<\/p>\n","protected":false},"excerpt":{"rendered":"Vers la fin d&rsquo;un \u00ab\u00a0trou noir de l&rsquo;Histoire\u00a0\u00bb? : un projet de monument d\u00e9di\u00e9 aux milliers de femmes&hellip;\n","protected":false},"author":2,"featured_media":415882,"comment_status":"","ping_status":"","sticky":false,"template":"","format":"standard","meta":{"footnotes":""},"categories":[1888],"tags":[1111,1928,11,1927,475,1777,674,4651,1011,27,12,1926,626,1925,316,25,13791],"class_list":{"0":"post-415881","1":"post","2":"type-post","3":"status-publish","4":"format-standard","5":"has-post-thumbnail","7":"category-paris","8":"tag-actu","9":"tag-actu-paris","10":"tag-actualites","11":"tag-actualites-paris","12":"tag-avortement","13":"tag-eu","14":"tag-europe","15":"tag-femmes","16":"tag-fr","17":"tag-france","18":"tag-news","19":"tag-news-paris","20":"tag-paris","21":"tag-paris-news","22":"tag-politique","23":"tag-republique-francaise","24":"tag-socit"},"share_on_mastodon":{"url":"https:\/\/pubeurope.com\/@fr\/115263634647393454","error":""},"_links":{"self":[{"href":"https:\/\/www.europesays.com\/fr\/wp-json\/wp\/v2\/posts\/415881","targetHints":{"allow":["GET"]}}],"collection":[{"href":"https:\/\/www.europesays.com\/fr\/wp-json\/wp\/v2\/posts"}],"about":[{"href":"https:\/\/www.europesays.com\/fr\/wp-json\/wp\/v2\/types\/post"}],"author":[{"embeddable":true,"href":"https:\/\/www.europesays.com\/fr\/wp-json\/wp\/v2\/users\/2"}],"replies":[{"embeddable":true,"href":"https:\/\/www.europesays.com\/fr\/wp-json\/wp\/v2\/comments?post=415881"}],"version-history":[{"count":0,"href":"https:\/\/www.europesays.com\/fr\/wp-json\/wp\/v2\/posts\/415881\/revisions"}],"wp:featuredmedia":[{"embeddable":true,"href":"https:\/\/www.europesays.com\/fr\/wp-json\/wp\/v2\/media\/415882"}],"wp:attachment":[{"href":"https:\/\/www.europesays.com\/fr\/wp-json\/wp\/v2\/media?parent=415881"}],"wp:term":[{"taxonomy":"category","embeddable":true,"href":"https:\/\/www.europesays.com\/fr\/wp-json\/wp\/v2\/categories?post=415881"},{"taxonomy":"post_tag","embeddable":true,"href":"https:\/\/www.europesays.com\/fr\/wp-json\/wp\/v2\/tags?post=415881"}],"curies":[{"name":"wp","href":"https:\/\/api.w.org\/{rel}","templated":true}]}}