{"id":415895,"date":"2025-09-25T07:04:13","date_gmt":"2025-09-25T07:04:13","guid":{"rendered":"https:\/\/www.europesays.com\/fr\/415895\/"},"modified":"2025-09-25T07:04:13","modified_gmt":"2025-09-25T07:04:13","slug":"allemagne-le-moral-des-consommateurs-se-redresse-avec-les-perspectives-de-revenus-dit-gfk-25-09-2025-a-0851","status":"publish","type":"post","link":"https:\/\/www.europesays.com\/fr\/415895\/","title":{"rendered":"Allemagne-Le moral des consommateurs se redresse avec les perspectives de revenus, dit GfK &#8211; 25\/09\/2025 \u00e0 08:51"},"content":{"rendered":"<p>        <img fetchpriority=\"high\" decoding=\"async\" src=\"https:\/\/www.europesays.com\/fr\/wp-content\/uploads\/2025\/09\/1350af942080d67e17e5dd8bd3d6e44d-760x508.jpg\" alt=\"Un magasin Adidas dans le quartier de Scheunenviertel \u00e0 Berlin\" loading=\"eager\" width=\"760\" height=\"508\" style=\"max-width: 100%!important; height: auto;\"\/><\/p>\n<p class=\"c-image-news__legend\">Un magasin Adidas dans le quartier de Scheunenviertel \u00e0 Berlin<\/p>\n<p>\n Le moral des consommateurs allemands devrait se redresser l\u00e9g\u00e8rement en octobre \u00e0 la faveur de l&rsquo;am\u00e9lioration des perspectives de revenus des m\u00e9nages mais il restera en territoire n\u00e9gatif dans la tendance de ces derniers mois, montre une enqu\u00eate publi\u00e9e jeudi.\n<\/p>\n<p>\n L&rsquo;indice du moral des consommateurs, publi\u00e9 par l&rsquo;institut GfK et le Nuremberg Institute for Market Decisions (NIM), est pass\u00e9 de -23,5 points en septembre \u00e0 -22,3 points en octobre, d\u00e9passant les pr\u00e9visions des analystes interrog\u00e9s par Reuters qui tablaient sur -23,3 points.\n<\/p>\n<p>\n L&rsquo;am\u00e9lioration des perspectives en termes de revenus, avec un bond de 11 points par rapport au mois pr\u00e9c\u00e9dent \u00e0 15 points, a \u00e9t\u00e9 le principal moteur du redressement du sentiment g\u00e9n\u00e9ral.\n<\/p>\n<p>\n Rolf B\u00fcrkl, analyste sur la consommation chez NIM, se montre cependant sceptique quant \u00e0 un \u00e9ventuel retournement de situation.\n<\/p>\n<p>\n \u00ab\u00a0La situation g\u00e9opolitique, les pr\u00e9occupations en mati\u00e8re d&#8217;emploi et les craintes croissantes (d&rsquo;une r\u00e9surgence) de l&rsquo;inflation sont susceptibles de faire obstacle \u00e0 une reprise globale pour le moment\u00a0\u00bb, a-t-il pr\u00e9venu.\n<\/p>\n<p>\n En revanche, les perspectives \u00e9conomiques pour les 12 prochains mois ont continu\u00e9 \u00e0 baisser pour le troisi\u00e8me mois cons\u00e9cutif, passant de 2,7 le mois pr\u00e9c\u00e9dent \u00e0 -1,4 point, tandis que les intentions d&rsquo;achat ont diminu\u00e9 \u00e0 -11,6 points, le point le plus bas depuis juin 2024.\n<\/p>\n<p>\n (R\u00e9dig\u00e9 par Miranda Murray, version fran\u00e7aise Claude Chendjou, \u00e9dit\u00e9 par Augustin Turpin)<\/p>\n","protected":false},"excerpt":{"rendered":"Un magasin Adidas dans le quartier de Scheunenviertel \u00e0 Berlin Le moral des consommateurs allemands devrait se redresser&hellip;\n","protected":false},"author":2,"featured_media":415896,"comment_status":"","ping_status":"","sticky":false,"template":"","format":"standard","meta":{"footnotes":""},"categories":[1587],"tags":[400,11,672,398,408,1804,405,1805,1803,1777,674,1801,403,402,399,404,12,1802,401,406,407],"class_list":{"0":"post-415895","1":"post","2":"type-post","3":"status-publish","4":"format-standard","5":"has-post-thumbnail","7":"category-allemagne","8":"tag-action-cac-40","9":"tag-actualites","10":"tag-allemagne","11":"tag-bourse-de-paris","12":"tag-boursorama","13":"tag-bundesrepublik-deutschland","14":"tag-cotations","15":"tag-de","16":"tag-deutschland","17":"tag-eu","18":"tag-europe","19":"tag-germany","20":"tag-indices-devises","21":"tag-investir","22":"tag-investissement","23":"tag-marche-boursier","24":"tag-news","25":"tag-republique-federale-dallemagne","26":"tag-sicav","27":"tag-trackers","28":"tag-warrants"},"share_on_mastodon":{"url":"https:\/\/pubeurope.com\/@fr\/115263667569367397","error":""},"_links":{"self":[{"href":"https:\/\/www.europesays.com\/fr\/wp-json\/wp\/v2\/posts\/415895","targetHints":{"allow":["GET"]}}],"collection":[{"href":"https:\/\/www.europesays.com\/fr\/wp-json\/wp\/v2\/posts"}],"about":[{"href":"https:\/\/www.europesays.com\/fr\/wp-json\/wp\/v2\/types\/post"}],"author":[{"embeddable":true,"href":"https:\/\/www.europesays.com\/fr\/wp-json\/wp\/v2\/users\/2"}],"replies":[{"embeddable":true,"href":"https:\/\/www.europesays.com\/fr\/wp-json\/wp\/v2\/comments?post=415895"}],"version-history":[{"count":0,"href":"https:\/\/www.europesays.com\/fr\/wp-json\/wp\/v2\/posts\/415895\/revisions"}],"wp:featuredmedia":[{"embeddable":true,"href":"https:\/\/www.europesays.com\/fr\/wp-json\/wp\/v2\/media\/415896"}],"wp:attachment":[{"href":"https:\/\/www.europesays.com\/fr\/wp-json\/wp\/v2\/media?parent=415895"}],"wp:term":[{"taxonomy":"category","embeddable":true,"href":"https:\/\/www.europesays.com\/fr\/wp-json\/wp\/v2\/categories?post=415895"},{"taxonomy":"post_tag","embeddable":true,"href":"https:\/\/www.europesays.com\/fr\/wp-json\/wp\/v2\/tags?post=415895"}],"curies":[{"name":"wp","href":"https:\/\/api.w.org\/{rel}","templated":true}]}}