{"id":415898,"date":"2025-09-25T07:06:24","date_gmt":"2025-09-25T07:06:24","guid":{"rendered":"https:\/\/www.europesays.com\/fr\/415898\/"},"modified":"2025-09-25T07:06:24","modified_gmt":"2025-09-25T07:06:24","slug":"apple-appelle-lue-a-enterrer-la-loi-sur-les-marches-numeriques-qui-degraderait-les-services-rendus-a-ses-clients","status":"publish","type":"post","link":"https:\/\/www.europesays.com\/fr\/415898\/","title":{"rendered":"Apple appelle l\u2019UE \u00e0 enterrer la loi sur les march\u00e9s num\u00e9riques qui d\u00e9graderait les services rendus \u00e0 ses clients"},"content":{"rendered":"<p>Le groupe am\u00e9ricain Apple, qui conteste depuis le d\u00e9but la r\u00e9glementation de l\u2019UE sur les march\u00e9s num\u00e9riques (DMA), a estim\u00e9, ce jeudi, qu\u2019elle avait conduit \u00e0 d\u00e9grader les services rendus aux utilisateurs de ses produits, et qu\u2019elle les exposait \u00e0 des risques dont ils \u00e9taient auparavant prot\u00e9g\u00e9s.<\/p>\n<p>\u00ab Le DMA devrait \u00eatre abrog\u00e9, et remplac\u00e9 par un texte l\u00e9gislatif plus adapt\u00e9 \u00bb, a r\u00e9clam\u00e9 le groupe bas\u00e9 \u00e0 Cupertino (Californie), dans sa contribution officielle \u00e0 une consultation lanc\u00e9e par la Commission europ\u00e9enne.<\/p>\n<p>Cr\u00e9ation d\u2019une agence de r\u00e9gulation<\/p>\n<p>\u00c0 d\u00e9faut d\u2019une telle suppression, il propose une liste de changements en profondeur, \u00e0 commencer par la cr\u00e9ation d\u2019une agence de r\u00e9gulation distincte de la Commission europ\u00e9enne, qui serait charg\u00e9e de faire respecter ces r\u00e8gles.<\/p>\n<p>Le groupe am\u00e9ricain, dont les critiques contre le DMA font \u00e9cho aux attaques de Donald Trump contre l\u2019interventionnisme de l\u2019UE dans le num\u00e9rique, accuse cette r\u00e9glementation de l\u2019obliger \u00e0 priver les consommateurs europ\u00e9ens de certaines fonctions \u00e0 leur sortie, le temps que ses ing\u00e9nieurs s\u2019assurent qu\u2019elles respectent les contraintes impos\u00e9es par Bruxelles. Elle serait donc loin de favoriser l\u2019innovation au b\u00e9n\u00e9fice des consommateurs, son but officiel.<\/p>\n<p>Apple a cit\u00e9 plusieurs exemples, dans un communiqu\u00e9 publi\u00e9 jeudi. Le groupe assure ainsi avoir d\u00fb brider dans l\u2019UE ses nouveaux mod\u00e8les d\u2019\u00e9couteurs sans fil, les Airpods Pro 3, qui viennent juste d\u2019\u00eatre commercialis\u00e9s, en retirant la fonction de traduction automatique \u00ab live \u00bb, qui en constitue pourtant l\u2019un des principaux attraits. Raison invoqu\u00e9e : le DMA.<\/p>\n<p>Le groupe rappelle aussi son opposition \u00e0 l\u2019ouverture de ses appareils aux magasins d\u2019applications et aux syst\u00e8mes de paiement alternatifs, impos\u00e9e par le DMA, alors m\u00eame qu\u2019ils \u00ab ne r\u00e9pondent pas aux m\u00eames normes \u00e9lev\u00e9es de confidentialit\u00e9 et de s\u00e9curit\u00e9 que l\u2019App Store \u00bb, sa propre boutique d\u2019applications.<\/p>\n<p>Et l\u2019entreprise dirig\u00e9e par Tim Cook rappelle aussi que le DMA a rendu des applications pornographiques accessibles sur les iPhones, \u00ab en d\u00e9pit des risques qu\u2019elles engendrent, en particulier pour les enfants \u00bb.<\/p>\n","protected":false},"excerpt":{"rendered":"Le groupe am\u00e9ricain Apple, qui conteste depuis le d\u00e9but la r\u00e9glementation de l\u2019UE sur les march\u00e9s num\u00e9riques (DMA),&hellip;\n","protected":false},"author":2,"featured_media":415899,"comment_status":"","ping_status":"","sticky":false,"template":"","format":"standard","meta":{"footnotes":""},"categories":[1586],"tags":[11,765,1777,674,1779,1011,27,310,74,720,12,25,1778,364],"class_list":{"0":"post-415898","1":"post","2":"type-post","3":"status-publish","4":"format-standard","5":"has-post-thumbnail","7":"category-europe","8":"tag-actualites","9":"tag-en-continu","10":"tag-eu","11":"tag-europe","12":"tag-european-union","13":"tag-fr","14":"tag-france","15":"tag-internet","16":"tag-monde","17":"tag-multimedia","18":"tag-news","19":"tag-republique-francaise","20":"tag-ue","21":"tag-union-europeenne"},"share_on_mastodon":{"url":"https:\/\/pubeurope.com\/@fr\/115263673658789303","error":""},"_links":{"self":[{"href":"https:\/\/www.europesays.com\/fr\/wp-json\/wp\/v2\/posts\/415898","targetHints":{"allow":["GET"]}}],"collection":[{"href":"https:\/\/www.europesays.com\/fr\/wp-json\/wp\/v2\/posts"}],"about":[{"href":"https:\/\/www.europesays.com\/fr\/wp-json\/wp\/v2\/types\/post"}],"author":[{"embeddable":true,"href":"https:\/\/www.europesays.com\/fr\/wp-json\/wp\/v2\/users\/2"}],"replies":[{"embeddable":true,"href":"https:\/\/www.europesays.com\/fr\/wp-json\/wp\/v2\/comments?post=415898"}],"version-history":[{"count":0,"href":"https:\/\/www.europesays.com\/fr\/wp-json\/wp\/v2\/posts\/415898\/revisions"}],"wp:featuredmedia":[{"embeddable":true,"href":"https:\/\/www.europesays.com\/fr\/wp-json\/wp\/v2\/media\/415899"}],"wp:attachment":[{"href":"https:\/\/www.europesays.com\/fr\/wp-json\/wp\/v2\/media?parent=415898"}],"wp:term":[{"taxonomy":"category","embeddable":true,"href":"https:\/\/www.europesays.com\/fr\/wp-json\/wp\/v2\/categories?post=415898"},{"taxonomy":"post_tag","embeddable":true,"href":"https:\/\/www.europesays.com\/fr\/wp-json\/wp\/v2\/tags?post=415898"}],"curies":[{"name":"wp","href":"https:\/\/api.w.org\/{rel}","templated":true}]}}