{"id":415909,"date":"2025-09-25T07:16:10","date_gmt":"2025-09-25T07:16:10","guid":{"rendered":"https:\/\/www.europesays.com\/fr\/415909\/"},"modified":"2025-09-25T07:16:10","modified_gmt":"2025-09-25T07:16:10","slug":"la-moto-de-lan-prochain-decidera-en-partie-de-mon-futur","status":"publish","type":"post","link":"https:\/\/www.europesays.com\/fr\/415909\/","title":{"rendered":"\u00ab La moto de l\u2019an prochain d\u00e9cidera en partie de mon futur \u00bb"},"content":{"rendered":"<p>&#13;<\/p>\n<p><strong>Fabio Quartararo arrive au Grand Prix du Japon sans attendre de miracle.<\/strong><\/p>\n<p>Le test de Misano n\u2019a pas apport\u00e9 de r\u00e9ponse \u00e0 Fabio Quartararo pour la suite de la saison. \u00ab\u2009Non, je n\u2019ai vraiment pas d\u2019informations, a-t-il confi\u00e9 \u00e0 son point presse \u00e0 Motegi. J\u2019essaie juste de me concentrer sur moi. Ils savent ce qu\u2019ils ont \u00e0 faire pour aller plus vite. Ils doivent beaucoup travailler. Mais maintenant, je veux seulement me focaliser sur moi et les laisser faire le job.\u2009\u00bb<\/p>\n<p>Motegi ne s\u2019annonce pas comme un terrain favorable\u00a0: \u00ab\u2009Ce sera une piste difficile, surtout avec beaucoup d\u2019acc\u00e9l\u00e9rations en sortie de virages lents. Pour nous, c\u2019est quelque chose qu\u2019on n\u2019arrive toujours pas \u00e0 contr\u00f4ler. Mais sur un tour, je pense qu\u2019on peut \u00eatre rapides. Sur le rythme, on va beaucoup souffrir.\u2009\u00bb<\/p>\n<p><strong>Les d\u00e9buts du V4<\/strong><\/p>\n<p>Le V4 que Quartararo a essay\u00e9 pour la deuxi\u00e8me fois \u00e0 Misano n\u2019a pas l\u2019air de l\u2019avoir convaincu et certains qualifient ses propos de pessimistes. \u00ab\u2009Je parle de la r\u00e9alit\u00e9, a-t-il soulign\u00e9. Quand tu es aussi loin, c\u2019est difficile de revenir. Le projet est nouveau. J\u2019esp\u00e8re qu\u2019ils pourront faire de la magie en quelques mois.\u2009\u00bb<\/p>\n<p>Et d\u2019ajouter\u00a0: \u00ab\u2009Je pense que je n\u2019ai pas besoin de mettre beaucoup de pression. La moto que j\u2019utiliserai l\u2019an prochain d\u00e9cidera en partie de mon futur. Ils veulent me garder et savent ce qu\u2019ils ont \u00e0 faire. Donc je n\u2019attaque pas comme un fou, j\u2019attends qu\u2019ils am\u00e8nent des nouveaut\u00e9s l\u00e0 o\u00f9 on gal\u00e8re. C\u2019est juste le d\u00e9but, mais j\u2019esp\u00e8re vraiment qu\u2019ils pourront le faire.\u2009\u00bb<\/p>\n<p>&#13;<br \/>\n           &#13;<br \/>\n&#13;<br \/>\n    &#13;<br \/>\n    &#13;<\/p>\n","protected":false},"excerpt":{"rendered":"&#13; Fabio Quartararo arrive au Grand Prix du Japon sans attendre de miracle. Le test de Misano n\u2019a&hellip;\n","protected":false},"author":2,"featured_media":415910,"comment_status":"","ping_status":"","sticky":false,"template":"","format":"standard","meta":{"footnotes":""},"categories":[1413],"tags":[1011,27,1457,1456,60],"class_list":{"0":"post-415909","1":"post","2":"type-post","3":"status-publish","4":"format-standard","5":"has-post-thumbnail","7":"category-moto","8":"tag-fr","9":"tag-france","10":"tag-moto","11":"tag-motocycle","12":"tag-sports"},"share_on_mastodon":{"url":"https:\/\/pubeurope.com\/@fr\/115263713057931328","error":""},"_links":{"self":[{"href":"https:\/\/www.europesays.com\/fr\/wp-json\/wp\/v2\/posts\/415909","targetHints":{"allow":["GET"]}}],"collection":[{"href":"https:\/\/www.europesays.com\/fr\/wp-json\/wp\/v2\/posts"}],"about":[{"href":"https:\/\/www.europesays.com\/fr\/wp-json\/wp\/v2\/types\/post"}],"author":[{"embeddable":true,"href":"https:\/\/www.europesays.com\/fr\/wp-json\/wp\/v2\/users\/2"}],"replies":[{"embeddable":true,"href":"https:\/\/www.europesays.com\/fr\/wp-json\/wp\/v2\/comments?post=415909"}],"version-history":[{"count":0,"href":"https:\/\/www.europesays.com\/fr\/wp-json\/wp\/v2\/posts\/415909\/revisions"}],"wp:featuredmedia":[{"embeddable":true,"href":"https:\/\/www.europesays.com\/fr\/wp-json\/wp\/v2\/media\/415910"}],"wp:attachment":[{"href":"https:\/\/www.europesays.com\/fr\/wp-json\/wp\/v2\/media?parent=415909"}],"wp:term":[{"taxonomy":"category","embeddable":true,"href":"https:\/\/www.europesays.com\/fr\/wp-json\/wp\/v2\/categories?post=415909"},{"taxonomy":"post_tag","embeddable":true,"href":"https:\/\/www.europesays.com\/fr\/wp-json\/wp\/v2\/tags?post=415909"}],"curies":[{"name":"wp","href":"https:\/\/api.w.org\/{rel}","templated":true}]}}