{"id":415921,"date":"2025-09-25T07:22:16","date_gmt":"2025-09-25T07:22:16","guid":{"rendered":"https:\/\/www.europesays.com\/fr\/415921\/"},"modified":"2025-09-25T07:22:16","modified_gmt":"2025-09-25T07:22:16","slug":"couleurs-de-ciel-quand-le-ciel-moutonne-le-suricate","status":"publish","type":"post","link":"https:\/\/www.europesays.com\/fr\/415921\/","title":{"rendered":"Couleurs de ciel, quand le ciel moutonne \u2022 Le Suricate"},"content":{"rendered":"<p class=\"has-text-align-center has-white-color has-text-color has-background has-link-color wp-elements-ff633b237796ff73b6ce04f3c07447c2\" style=\"background-color:#ff7f00\">Titre :\u00a0<strong>Couleurs de ciel<\/strong><br \/>Auteur.ice :\u00a0<strong>Alexandra Laffite<\/strong><br \/>Editions : <strong>Les grandes personnes<\/strong><br \/>Date de parution :\u00a0<strong> 25 septembre 2025<\/strong><br \/>Genre : <strong>Livre d\u2019art<\/strong><\/p>\n<p align=\"justify\">Alexandra Laffite aime le ciel et tient \u00e0 nous le faire savoir, dans Couleurs de ciel. Et vous, vous le pr\u00e9f\u00e9rez comment, votre ciel\u00a0? Avec un sourire comme un \u00e9clair au chocolat qui z\u00e9brerait les nuages\u00a0? Comme un nez rouge, celui d\u2019un clown qui aurait mal tourn\u00e9 apr\u00e8s avoir eu le mal de mer\u00a0? Ou plut\u00f4t comme cette moumoute pigment\u00e9e de rose violet, celle que les enfants portent sur la t\u00eate en se goinfrant de bonbons\u00a0?<\/p>\n<p align=\"justify\">Couleurs de ciel, ce n\u2019est pas que du bleu, de l\u2019azur ou du gris pluvieux, c\u2019est une multitude de couleurs, parce que ce ciel, ce sont tous ceux qui vivent au-dessus de notre t\u00eate et sans qu\u2019on y fasse attention. Et cette couverture immat\u00e9riel qui nous tient chaud ou nous berce dans l\u2019illusion que l\u2019\u00e9t\u00e9 sera toujours mieux que cette brume impavide, cette couverture n\u2019est pas la m\u00eame pour toi, pour moi ou pour Alexandra Laffite. Alors, en une journ\u00e9e, ou peut-\u00eatre en dix milles, l\u2018artiste scrute les changements de d\u00e9cors, l\u2019envers de la sc\u00e8ne et nous demande de plonger les yeux dans les pages cartonn\u00e9es pour mieux lever la t\u00eate.<\/p>\n<p align=\"justify\">Et pour plonger les yeux, il faut d\u2019abord tenir en main l\u2019ouvrage, curieusement fabriqu\u00e9. Lafitte est une jeune artiste-autrice qui recr\u00e9e num\u00e9riquement, en couleurs Pantone, des bleus qu\u2019on pensait conna\u00eetre. Comme autant de peintures qu\u2019elle fait surgir de ses doigts pour coller les unes \u00e0 la suite des autres, dans une collection aux couleurs qui se r\u00e9pondent, se disent merde \u00e0 l\u2019autre pour ensuite mieux se r\u00e9concilier.<\/p>\n<p align=\"justify\">Couleurs du ciel se prend d\u2019abord donc en main, avec cette \u00e9trange couverture en carton qui recouvre l\u2019ouvrage et nous dit\u00a0: ceci est un ouvrage pr\u00e9cieux. Alors, amusez-vous avec. Lisez le \u00e0 l\u2019envers, ne le lisez pas, ab\u00eemez-vous dans une seule image, toute la journ\u00e9e, ou buvez l\u2019image comme une boisson fra\u00eeche \u00e0 Montpellier, d\u00e9posez-le 5 minutes, revenez en arri\u00e8re, allez \u00e0 la derni\u00e8re page, ce livre vous appartient, c\u2019est le v\u00f4tre. D\u2019ailleurs, il est presque unique, ce livre, parce que la couverture existe en quatre versions diff\u00e9rentes. Vous avez quatre fois plus le choix de vous poser des questions avant de vous lancer dans sa lecture, avec vous-m\u00eame, une amie, un enfant ou votre parent.<\/p>\n<p align=\"justify\">Parce que oui, Couleurs de ciel n\u2019est pas que graphisme et imagerie digitale, m\u00eame s\u2019il l\u2019est tout de m\u00eame beaucoup. Couleurs de ciel, ce sont des mots, des tout petits mots, qui forment un r\u00e9cit, un tout petit r\u00e9cit, entrecoup\u00e9s de petits points et de petites virgules. Et ces mots dessinent des courbes, des lignes et sculptent notre imagination, jouent avec notre esprit. Il se pourrait que la guimauve que vous voyez dans le ciel ronchonne, que l\u2019asticot fanfreluche qui mange une pomme dans ce nuage blanc anthracite soit timide, aujourd\u2019hui, et que tout cela change, tout le temps, et change \u00e0 jamais votre mani\u00e8re de lever les yeux et de regarder le ciel, et par-del\u00e0 encore, les \u00e9toiles qui nous prot\u00e8gent, l\u00e0 au loin.<\/p>\n","protected":false},"excerpt":{"rendered":"Titre :\u00a0Couleurs de cielAuteur.ice :\u00a0Alexandra LaffiteEditions : Les grandes personnesDate de parution :\u00a0 25 septembre 2025Genre : Livre&hellip;\n","protected":false},"author":2,"featured_media":415922,"comment_status":"","ping_status":"","sticky":false,"template":"","format":"standard","meta":{"footnotes":""},"categories":[1357],"tags":[1379,58,59,1011,27,1380],"class_list":{"0":"post-415921","1":"post","2":"type-post","3":"status-publish","4":"format-standard","5":"has-post-thumbnail","7":"category-livres","8":"tag-books","9":"tag-divertissement","10":"tag-entertainment","11":"tag-fr","12":"tag-france","13":"tag-livres"},"share_on_mastodon":{"url":"https:\/\/pubeurope.com\/@fr\/115263736647230855","error":""},"_links":{"self":[{"href":"https:\/\/www.europesays.com\/fr\/wp-json\/wp\/v2\/posts\/415921","targetHints":{"allow":["GET"]}}],"collection":[{"href":"https:\/\/www.europesays.com\/fr\/wp-json\/wp\/v2\/posts"}],"about":[{"href":"https:\/\/www.europesays.com\/fr\/wp-json\/wp\/v2\/types\/post"}],"author":[{"embeddable":true,"href":"https:\/\/www.europesays.com\/fr\/wp-json\/wp\/v2\/users\/2"}],"replies":[{"embeddable":true,"href":"https:\/\/www.europesays.com\/fr\/wp-json\/wp\/v2\/comments?post=415921"}],"version-history":[{"count":0,"href":"https:\/\/www.europesays.com\/fr\/wp-json\/wp\/v2\/posts\/415921\/revisions"}],"wp:featuredmedia":[{"embeddable":true,"href":"https:\/\/www.europesays.com\/fr\/wp-json\/wp\/v2\/media\/415922"}],"wp:attachment":[{"href":"https:\/\/www.europesays.com\/fr\/wp-json\/wp\/v2\/media?parent=415921"}],"wp:term":[{"taxonomy":"category","embeddable":true,"href":"https:\/\/www.europesays.com\/fr\/wp-json\/wp\/v2\/categories?post=415921"},{"taxonomy":"post_tag","embeddable":true,"href":"https:\/\/www.europesays.com\/fr\/wp-json\/wp\/v2\/tags?post=415921"}],"curies":[{"name":"wp","href":"https:\/\/api.w.org\/{rel}","templated":true}]}}