{"id":415923,"date":"2025-09-25T07:23:16","date_gmt":"2025-09-25T07:23:16","guid":{"rendered":"https:\/\/www.europesays.com\/fr\/415923\/"},"modified":"2025-09-25T07:23:16","modified_gmt":"2025-09-25T07:23:16","slug":"quest-ce-que-lindustrie-des-troubled-teens-aux-usa-qui-a-inspire-la-serie-indociles-avec-toni-collette","status":"publish","type":"post","link":"https:\/\/www.europesays.com\/fr\/415923\/","title":{"rendered":"Qu\u2019est-ce que l\u2019industrie des \u00abtroubled teens\u00bb aux USA, qui a inspir\u00e9 la s\u00e9rie Indociles avec Toni Collette ?"},"content":{"rendered":"<p>Ce jeudi 25 septembre, Netflix d\u00e9voile une toute nouvelle s\u00e9rie qui allie les genres du fantastique et d\u2019horreur. Si elle n\u2019est pas tir\u00e9e d\u2019une histoire vraie, elle s\u2019inspire tout de m\u00eame d\u2019un business bien r\u00e9el &#8211; et malsain.<\/p>\n<p class=\"fig-paragraph\">Si Indociles (de son titre original Wayward), se trouve \u00e0 la crois\u00e9e des univers fictifs de\u00a0<a href=\"http:\/\/tvmag.lefigaro.fr\/programme-tv\/actu-tele\/mort-de-david-lynch-retour-sur-la-revolution-twin-peaks-20250117\" target=\"_blank\" data-fig-type=\"Article\" rel=\"noopener\" data-gtm-custom-categorie=\"navigation\" data-gtm-custom-action=\"crossclick\" data-gtm-custom-label=\"Contextuel\" data-gtm-event=\"customEventSPE\" data-fig-domain=\"TVMAG\">Twin Peaks<\/a> \u00a0et\u00a0<a href=\"http:\/\/www.lefigaro.fr\/cinema\/stand-by-me-les-dents-de-la-mer-midsommar-10-films-de-vacances-a-re-decouvrir-cet-ete-20200711\" target=\"_blank\" data-fig-type=\"Article\" rel=\"noopener\" data-gtm-custom-categorie=\"navigation\" data-gtm-custom-action=\"crossclick\" data-gtm-custom-label=\"Contextuel\" data-gtm-event=\"customEventSPE\" data-fig-domain=\"LEFIGARO\">Midsommar<\/a>, la sombre industrie qui est d\u00e9peinte dans cette s\u00e9rie est bien r\u00e9elle. \u00abTroubled teen center\u00bb, \u00abwilderness therapy\u00bb, \u00aboutdoor behavioral healthcare\u00bb&#8230; Tous ces termes d\u00e9signent un business tr\u00e8s pr\u00e9cis aux \u00c9tats-Unis, qui se pr\u00e9sente comme une th\u00e9rapie pour jeunes difficiles ou adolescents rebelles. Le concept est simple, et cruel. Une fois que l\u2019accord des parents ou tuteurs l\u00e9gaux des mineurs concern\u00e9s est obtenu, les employ\u00e9s d\u2019entreprises de \u00abth\u00e9rapie en plein air\u00bb enl\u00e8vent la personne cibl\u00e9e au milieu de la nuit, afin de la d\u00e9sorienter le plus possible, et l\u2019emm\u00e8nent au centre de \u00abth\u00e9rapie\u00bb.<\/p>\n<p class=\"fig-paragraph\">Ces derniers sont souvent situ\u00e9s au c\u0153ur d\u2019immenses terrains, au beau milieu d\u2019un d\u00e9sert ou d\u2019une for\u00eat \u00e9paisse comme l\u2019acad\u00e9mie de Tall Pines dans Indociles. Outre l\u2019aspect fantastique, une chose diff\u00e8re fortement de la r\u00e9alit\u00e9\u00a0: dans la s\u00e9rie, un petit village est li\u00e9 au centre de th\u00e9rapie. Aux \u00c9tats-Unis, ces lieux sont bien souvent extr\u00eamement \u00e9loign\u00e9s de toute civilisation, afin d\u2019isoler les pensionnaires le plus possible.<\/p>\n<p class=\"fig-body-link\">\n            \u00c0 lire aussi<br \/>\n        <a class=\"fig-body-link__link\" href=\"http:\/\/tvmag.lefigaro.fr\/programme-tv\/series\/quelle-est-l-histoire-d-ed-gein-le-tueur-en-serie-de-la-saison-3-de-monsters-sur-netflix-20250828\" target=\"_blank\" data-fig-type=\"Article\" rel=\"noopener\" data-gtm-custom-categorie=\"navigation\" data-gtm-custom-action=\"crossclick\" data-gtm-custom-label=\"Contextuel\" data-gtm-event=\"customEventSPE\" data-fig-domain=\"TVMAG\">Quelle est l\u2019histoire d\u2019Ed Gein, le tueur en s\u00e9rie de la saison 3 de Monsters sur Netflix\u00a0?<br \/>\n    <\/a>\n<\/p>\n<p>                                    <a class=\"fig-a11y-skip a11y-hidden\" href=\"#fig-a11y-skip-main-inarticle\"><br \/>\n        Passer la publicit\u00e9<br \/>\n    <\/a><\/p>\n<p class=\"fig-paragraph\">Une fois arriv\u00e9s sur place, les mineurs sont maltrait\u00e9s, souvent par leurs capteurs mais \u00e9galement par des pairs pr\u00e9sents depuis plusieurs ann\u00e9es, incapables de leur tenir t\u00eate et \u00e0 qui on promet souvent la libert\u00e9 en \u00e9change d\u2019une ob\u00e9issance aveugle. Ob\u00e9ir aux ordres, faire les t\u00e2ches m\u00e9nag\u00e8res les plus ingrates, supporter les injures, les coups, les abus sexuels, se voir retirer le droit de manger, boire, se laver, se soulager&#8230; Dans leurs \u00abth\u00e9rapies\u00bb en plein air, nombre de camps voient leurs pensionnaires dispara\u00eetre lors de sorties de groupe, et ne jamais revenir.<\/p>\n<p class=\"fig-paragraph\">\u00c0 noter que, pour la plupart de ces \u00e9tablissements, toute fuite est impossible. Leurs emplacements plus qu\u2019isol\u00e9s ne permettent que rarement \u00e0 de jeunes adolescents &#8211; souvent physiquement affaiblis &#8211; de rejoindre un village ou une ville voisine. Lorsque l\u2019exception a lieu, les centres de \u00abth\u00e9rapie\u00bb ont une longueur d\u2019avance sur leurs pensionnaires. Les bourgs voisins ont d\u00e9j\u00e0 re\u00e7u la propagande des camps en plein air\u00a0: leurs jeunes occupants sont des fous, des criminels, des menteurs&#8230; Un appel des habitants plus tard, les mineurs sont de retour entre les mains de leurs bourreaux. Certains parviennent \u00e0 s\u2019\u00e9chapper, d\u2019autres y laissent la vie.<\/p>\n<p>Une m\u00e9canique bien huil\u00e9e<\/p>\n<p class=\"fig-paragraph\">Pour les parents ou tuteurs, presque aucun moyen de savoir ce que leurs enfants vont subir ou subissent. L\u2019image externe des centres de \u00abth\u00e9rapie\u00bb est lisse, lumineuse, irr\u00e9prochable\u00a0: leurs pensionnaires sont \u00e9panouis, mais surtout, se comportent mieux. Ces derniers peuvent \u00e9crire \u00e0 leurs parents, mais leurs courriers sont contr\u00f4l\u00e9s et r\u00e9\u00e9crits jusqu\u2019\u00e0 ce qu\u2019ils n\u2019incriminent pas l\u2019\u00e9tablissement \u00e0 propos duquel ils \u00e9crivent. Seules leurs supplications pour rentrer chez eux persistent.<\/p>\n<p class=\"fig-paragraph\">Malgr\u00e9 cela, nombre d\u2019entre eux restent des mois, voir des ann\u00e9es de plus que ce qui \u00e9tait pr\u00e9vu \u00e0 l\u2019origine. Ces centres sont, bien s\u00fbr, co\u00fbteux\u00a0: plus le s\u00e9jour est long, mieux c\u2019est. Sur nombre de r\u00e9seaux sociaux, surtout TikTok, les survivants de ces centres s\u2019expriment sur ce sujet encore trop m\u00e9connu. Parmi eux\u00a0: Paris Hilton. La femme de 44 ans est devenue repr\u00e9sentante de cette cause, allant m\u00eame devant le congr\u00e8s pour t\u00e9moigner de son v\u00e9cu.<\/p>\n<p class=\"fig-paragraph\">\u00abJe n\u2019ai pas eu le droit de parler, de bouger ou de regarder par la fen\u00eatre librement pendant deux ans. On m\u2019a administr\u00e9 des m\u00e9dicaments de force, puis agress\u00e9e sexuellement. J\u2019ai \u00e9t\u00e9 menott\u00e9e, d\u00e9shabill\u00e9e et tra\u00een\u00e9e le long d\u2019un couloir vers une chambre isol\u00e9e\u00bb, livre-t-elle. \u00abMes parents \u00e9taient dupes, on leur a menti \u00e0 propos du traitement inhumain que j\u2019ai subi et on les a manipul\u00e9s au b\u00e9n\u00e9fice de cette industrie qui ne cherche que le profit.\u00bb<\/p>\n<p>                                    <a class=\"fig-a11y-skip a11y-hidden\" href=\"#fig-a11y-skip-main-inarticle_mtf\"><br \/>\n        Passer la publicit\u00e9<br \/>\n    <\/a><\/p>\n<p class=\"fig-paragraph\">Elle poursuit\u00a0: \u00abSi tu es un enfant dans ce syst\u00e8me, je veux que tu m\u2019entendes. Je te vois, je te crois, je sais ce que tu traverses et je ne vais pas te laisser tomber. Tu es important, tout comme ton futur, et tu m\u00e9rites toutes les opportunit\u00e9s d\u2019\u00eatre en s\u00fbret\u00e9 et soutenu.\u00bb En d\u00e9cembre 2024, un projet de loi nomm\u00e9 \u00abStop Institutional Child Abuse Act\u00bb (\u00ab Arr\u00eatons l\u2019abus des enfants institutionnalis\u00e9s\u00bb en fran\u00e7ais, NDLR) a \u00e9t\u00e9 adopt\u00e9 par le congr\u00e8s am\u00e9ricain. Il pr\u00e9voit que les centres de \u00abth\u00e9rapie\u00bb en plein air et autres institutions de ce genre soient mieux contr\u00f4l\u00e9s ainsi qu\u2019une r\u00e9forme pr\u00e9voyant la v\u00e9rification qu\u2019ils offrent \u00abun environnement s\u00fbr, favorables et encourageants\u00bb.\u00a0<\/p>\n<p>Version fran\u00e7aise<\/p>\n<p class=\"fig-paragraph\">Si l\u2019industrie des \u00abtroubled teens\u00bb para\u00eet bien \u00e9trang\u00e8re aujourd\u2019hui, elle a \u00e9galement exist\u00e9 en France. \u00c0 Cadillac-sur-Garonne, plus pr\u00e9cis\u00e9ment. Une b\u00e2tisse d\u00e9tonne dans cette petite ville de Gironde. Le ch\u00e2teau, qui abritait \u00e0 l\u2019origine la premi\u00e8re prison pour femmes du pays, \u00e9tait devenu une \u00ab\u00e9cole de pr\u00e9servation\u00bb. M\u00eame principe que les centres de \u00abth\u00e9rapie\u00bb am\u00e9ricains, \u00e0 un d\u00e9tail pr\u00e8s\u00a0: les rares \u00e9tablissements fran\u00e7ais de ce genre \u00e9taient r\u00e9serv\u00e9s aux femmes.<\/p>\n<p class=\"fig-paragraph\">V\u00e9ronique Blanchard,\u00a0historienne, enseignante-chercheuse \u00e0 l\u2019Universit\u00e9 d\u2019Angers revient sur le pass\u00e9 de cet \u00e9tablissement dans l\u2019\u00e9mission \u00abUne histoire particuli\u00e8re\u00bb de\u00a0<a href=\"https:\/\/www.radiofrance.fr\/franceculture\/podcasts\/une-histoire-particuliere\/incorrigibles-et-debauchees-7309881\" target=\"_blank\" rel=\"sponsored noopener\" data-gtm-custom-categorie=\"navigation\" data-gtm-custom-action=\"crossclick\" data-gtm-custom-label=\"Contextuel\" data-gtm-event=\"customEventSPE\">France Culture<\/a>. \u00abIl s\u2019agit d\u2019une entreprise de pr\u00e9servation de jeunes filles consid\u00e9r\u00e9es comme \u00e9tant sur le mauvais chemin, la mauvaise route. Celui de la d\u00e9viance, du p\u00e9ch\u00e9\u00bb, relate-t-elle. \u00abOn est vraiment dans une institution qui peut avoir toutes les formes de la prison, mais qui n\u2019est pas pens\u00e9e, a priori, comme une prison. (&#8230;) C\u2019est un lieu de placement pens\u00e9 pour corriger les jeunes filles.\u00bb\u00a0<\/p>\n<p class=\"fig-paragraph\">Malgr\u00e9 cela, le ch\u00e2teau de Cadillac n\u2019a pas connu de r\u00e9am\u00e9nagement depuis son utilisation en tant que prison pour femmes. Les pensionnaires vivaient donc dans un milieu carc\u00e9ral. L\u2019objectif \u00e9tant, \u00e0 l\u2019\u00e9poque, de placer les jeunes femmes passant par cet \u00e9tablissement dans diverses familles comme domestiques \u00e0 la fin de leur s\u00e9jour. Endommag\u00e9e en 1928 dans un incendie, la b\u00e2tisse deviendra une\u00a0institution publique d\u2019\u00e9ducation surveill\u00e9e &#8211; soit un type d\u2019\u00e9tablissement p\u00e9nitentiaire pour les jeunes d\u00e9linquants &#8211; et fermera d\u00e9finitivement ses portes en 1952. Depuis restaur\u00e9 et valoris\u00e9, le ch\u00e2teau est\u00a0<a href=\"http:\/\/www.lefigaro.fr\/bordeaux\/c-est-une-autre-facon-de-voir-l-histoire-des-costumes-d-epoque-exposes-au-chateau-de-cadillac-20240727\" target=\"_blank\" data-fig-type=\"NewsFlash\" rel=\"noopener\" data-gtm-custom-categorie=\"navigation\" data-gtm-custom-action=\"crossclick\" data-gtm-custom-label=\"Contextuel\" data-gtm-event=\"customEventSPE\" data-fig-domain=\"LEFIGARO\">ouvert \u00e0 la visite<\/a>. Un exemple \u00e0 suivre, un jour, pour nos amis am\u00e9ricains\u00a0?<\/p>\n","protected":false},"excerpt":{"rendered":"Ce jeudi 25 septembre, Netflix d\u00e9voile une toute nouvelle s\u00e9rie qui allie les genres du fantastique et d\u2019horreur.&hellip;\n","protected":false},"author":2,"featured_media":415924,"comment_status":"","ping_status":"","sticky":false,"template":"","format":"standard","meta":{"footnotes":""},"categories":[1356],"tags":[58,59,1011,27,127,1314,252,1364],"class_list":{"0":"post-415923","1":"post","2":"type-post","3":"status-publish","4":"format-standard","5":"has-post-thumbnail","7":"category-television","8":"tag-divertissement","9":"tag-entertainment","10":"tag-fr","11":"tag-france","12":"tag-netflix","13":"tag-series","14":"tag-television","15":"tag-tv"},"share_on_mastodon":{"url":"https:\/\/pubeurope.com\/@fr\/115263740671766195","error":""},"_links":{"self":[{"href":"https:\/\/www.europesays.com\/fr\/wp-json\/wp\/v2\/posts\/415923","targetHints":{"allow":["GET"]}}],"collection":[{"href":"https:\/\/www.europesays.com\/fr\/wp-json\/wp\/v2\/posts"}],"about":[{"href":"https:\/\/www.europesays.com\/fr\/wp-json\/wp\/v2\/types\/post"}],"author":[{"embeddable":true,"href":"https:\/\/www.europesays.com\/fr\/wp-json\/wp\/v2\/users\/2"}],"replies":[{"embeddable":true,"href":"https:\/\/www.europesays.com\/fr\/wp-json\/wp\/v2\/comments?post=415923"}],"version-history":[{"count":0,"href":"https:\/\/www.europesays.com\/fr\/wp-json\/wp\/v2\/posts\/415923\/revisions"}],"wp:featuredmedia":[{"embeddable":true,"href":"https:\/\/www.europesays.com\/fr\/wp-json\/wp\/v2\/media\/415924"}],"wp:attachment":[{"href":"https:\/\/www.europesays.com\/fr\/wp-json\/wp\/v2\/media?parent=415923"}],"wp:term":[{"taxonomy":"category","embeddable":true,"href":"https:\/\/www.europesays.com\/fr\/wp-json\/wp\/v2\/categories?post=415923"},{"taxonomy":"post_tag","embeddable":true,"href":"https:\/\/www.europesays.com\/fr\/wp-json\/wp\/v2\/tags?post=415923"}],"curies":[{"name":"wp","href":"https:\/\/api.w.org\/{rel}","templated":true}]}}