{"id":415927,"date":"2025-09-25T07:25:11","date_gmt":"2025-09-25T07:25:11","guid":{"rendered":"https:\/\/www.europesays.com\/fr\/415927\/"},"modified":"2025-09-25T07:25:11","modified_gmt":"2025-09-25T07:25:11","slug":"le-blockbuster-de-fin-dannee-cest-lui","status":"publish","type":"post","link":"https:\/\/www.europesays.com\/fr\/415927\/","title":{"rendered":"le blockbuster de fin d&rsquo;ann\u00e9e c&rsquo;est lui !"},"content":{"rendered":"<p>Dans les prochains mois, Disney compte bien dominer la tendance dans les salles de cin\u00e9ma du monde entier avec deux sorties majeures\u00a0: <a href=\"https:\/\/www.journaldugeek.com\/2025\/07\/28\/avatar-3-la-premiere-bande-annonce-est-enfin-la-et-elle-est-sublime\/\" target=\"_blank\" rel=\"noopener\">Avatar 3<\/a> et <a href=\"https:\/\/www.journaldugeek.com\/2025\/07\/30\/zootopie-2-le-nouveau-trailer-nous-en-apprend-plus-sur-le-scenario\/\" target=\"_blank\" rel=\"noopener\">Zootopie 2.<\/a> Les spectateurs br\u00fblent d\u2019impatience \u00e0 l\u2019id\u00e9e de retrouver la plan\u00e8te Pandora ainsi que le duo animal form\u00e9 par Nick et Judy, mais une production d\u2019un autre studio est bien partie pour prendre tout le monde de court.<\/p>\n<p><strong>Le 19 novembre prochain,<\/strong> Universal Pictures lancera <strong>la deuxi\u00e8me partie de son diptyque musical et \u00e9pique\u00a0: Wicked.<\/strong> Le public fran\u00e7ais n\u2019est habituellement pas friand de com\u00e9dies musicales, mais certaines \u0153uvres arrivent tout de m\u00eame \u00e0 s\u2019imposer dans les cin\u00e9mas de l\u2019Hexagone par leur singularit\u00e9. La La Land avait su se d\u00e9marquer gr\u00e2ce \u00e0 son style unique et \u00e0 sa sinc\u00e9rit\u00e9, tandis que <a href=\"https:\/\/www.journaldugeek.com\/critique\/critique-wicked-la-comedie-musicale-qui-va-mettre-tout-le-monde-daccord\/\" target=\"_blank\" rel=\"noopener\">Wicked a tap\u00e9 dans l\u2019\u0153il des spectateurs gr\u00e2ce \u00e0 sa dimension fantastique et magique.<\/a><\/p>\n<p>Et \u00e7a tombe bien, puisque la seconde partie promet d\u2019\u00eatre d\u2019autant plus unique et marquante. <strong>Les paillettes et la douceur du premier film laissent place \u00e0 des tensions politiques, de la propagande et une guerre sur fond de x\u00e9nophobie<\/strong>. D\u2019un coup d\u2019un seul, Wicked change de ton pour devenir un film qui rel\u00e8ve presque plus de l\u2019heroic fantasy que de la com\u00e9die musicale.<\/p>\n<p>    <a href=\"https:\/\/www.youtube.com\/user\/JournalduGeek?sub_confirmation=1\" target=\"_blank\" rel=\"nofollow noopener\"><br \/>\n        S&rsquo;abonner \u00e0 Journal du Geek<br \/>\n    <\/a> Tout n\u2019est que mensonge au Pays d\u2019Oz <\/p>\n<p>Les connaisseurs du spectacle original savent \u00e0 quoi s\u2019attendre, mais autant dire que les spectateurs qui ont d\u00e9couvert Wicked sur grand \u00e9cran risquent d\u2019\u00eatre surpris. Les deux actes de l\u2019histoire sont diam\u00e9tralement oppos\u00e9s, et il semblerait que le film rende cette scission encore plus flagrante, aussi bien visuellement que musicalement. D\u2019autant plus que <strong>cette partie marque \u00e9galement l\u2019arriv\u00e9e de Dorothy, de quoi montrer l\u2019histoire du Magicien d\u2019Oz sous un tout nouvel angle.<\/strong> Le p\u00e9riple de la jeune fille du Kansas, de l\u2019\u00c9pouvantail, de l\u2019Homme de fer blanc et du Lion peureux le long de la route de briques jaunes pourrait bien changer le destin d\u2019Elphaba et Glinda \u00e0 tout jamais. Les mensonges du Magicien finiront-ils par \u00eatre expos\u00e9s aux yeux de tous\u00a0?<\/p>\n<p>Avec son casting cinq \u00e9toiles, ses effets sp\u00e9ciaux toujours plus bluffants et une bande-son d\u00e9j\u00e0 culte, Wicked Partie II a tout pour s\u2019imposer comme le blockbuster le plus marquant de cette fin d\u2019ann\u00e9e. Reste alors \u00e0 voir si le public fran\u00e7ais sera r\u00e9ceptif \u00e0 ce final grandiose. L\u2019aspect \u201cqu\u00eate \u00e9pique\u201d de ce nouvel opus pourrait bien r\u00e9concilier certains spectateurs avec le genre de la com\u00e9die musicale.<\/p>\n<blockquote>\n<p class=\"text-base text-neutral-700 dark:text-neutral-300\">\ud83d\udfe3 Pour ne manquer aucune news sur le Journal du Geek, abonnez-vous sur <a href=\"https:\/\/news.google.com\/publications\/CAAqBwgKMNr_hAswwYyCAw?hl=fr&amp;gl=FR&amp;ceid=FR%3Afr\" target=\"_blank\" rel=\"noopener\">Google Actualit\u00e9s<\/a> et sur <a href=\"https:\/\/whatsapp.com\/channel\/0029VaClM5y4tRry12tb7D2h\" target=\"_blank\" rel=\"noopener\">notre WhatsApp<\/a>. Et si vous nous adorez, on a <a href=\"https:\/\/www.journaldugeek.com\/newsletter\/\" target=\"_blank\" rel=\"noopener\">une newsletter tous les matins<\/a>.<\/p>\n<\/blockquote>\n","protected":false},"excerpt":{"rendered":"Dans les prochains mois, Disney compte bien dominer la tendance dans les salles de cin\u00e9ma du monde entier&hellip;\n","protected":false},"author":2,"featured_media":415928,"comment_status":"","ping_status":"","sticky":false,"template":"","format":"standard","meta":{"footnotes":""},"categories":[1354],"tags":[41036,11722,58,59,1346,1011,27,1360,54626,54627],"class_list":{"0":"post-415927","1":"post","2":"type-post","3":"status-publish","4":"format-standard","5":"has-post-thumbnail","7":"category-films","8":"tag-blockbuster","9":"tag-comedie-musicale","10":"tag-divertissement","11":"tag-entertainment","12":"tag-films","13":"tag-fr","14":"tag-france","15":"tag-movies","16":"tag-universal-pictures","17":"tag-wicked"},"share_on_mastodon":{"url":"https:\/\/pubeurope.com\/@fr\/115263748425350752","error":""},"_links":{"self":[{"href":"https:\/\/www.europesays.com\/fr\/wp-json\/wp\/v2\/posts\/415927","targetHints":{"allow":["GET"]}}],"collection":[{"href":"https:\/\/www.europesays.com\/fr\/wp-json\/wp\/v2\/posts"}],"about":[{"href":"https:\/\/www.europesays.com\/fr\/wp-json\/wp\/v2\/types\/post"}],"author":[{"embeddable":true,"href":"https:\/\/www.europesays.com\/fr\/wp-json\/wp\/v2\/users\/2"}],"replies":[{"embeddable":true,"href":"https:\/\/www.europesays.com\/fr\/wp-json\/wp\/v2\/comments?post=415927"}],"version-history":[{"count":0,"href":"https:\/\/www.europesays.com\/fr\/wp-json\/wp\/v2\/posts\/415927\/revisions"}],"wp:featuredmedia":[{"embeddable":true,"href":"https:\/\/www.europesays.com\/fr\/wp-json\/wp\/v2\/media\/415928"}],"wp:attachment":[{"href":"https:\/\/www.europesays.com\/fr\/wp-json\/wp\/v2\/media?parent=415927"}],"wp:term":[{"taxonomy":"category","embeddable":true,"href":"https:\/\/www.europesays.com\/fr\/wp-json\/wp\/v2\/categories?post=415927"},{"taxonomy":"post_tag","embeddable":true,"href":"https:\/\/www.europesays.com\/fr\/wp-json\/wp\/v2\/tags?post=415927"}],"curies":[{"name":"wp","href":"https:\/\/api.w.org\/{rel}","templated":true}]}}