{"id":415929,"date":"2025-09-25T07:26:10","date_gmt":"2025-09-25T07:26:10","guid":{"rendered":"https:\/\/www.europesays.com\/fr\/415929\/"},"modified":"2025-09-25T07:26:10","modified_gmt":"2025-09-25T07:26:10","slug":"le-nombre-de-morts-dus-au-cancer-devrait-fortement-salourdir-dici-a-2050","status":"publish","type":"post","link":"https:\/\/www.europesays.com\/fr\/415929\/","title":{"rendered":"Le nombre de morts dus au cancer devrait fortement s\u2019alourdir d\u2019ici \u00e0 2050"},"content":{"rendered":"<p>                             Par Le Figaro avec AFP<\/p>\n<p>                Le 25 septembre 2025 \u00e0 07h55<\/p>\n<p>    Pour 2023, les scientifiques donnent une fourchette d\u2019environ 16,4 \u00e0 20,7 millions de nouveaux cas.<br \/>\n                Isabel Infantes \/ REUTERS<\/p>\n<p>Malgr\u00e9 les progr\u00e8s des traitements et les efforts pour limiter les facteurs de risques, le nombre de nouveaux cas de cancer a plus que doubl\u00e9 depuis 1990, selon une nouvelle \u00e9tude parue dans The Lancet.<\/p>\n<p class=\"fig-paragraph\">Le nombre de morts du\u00a0<a href=\"http:\/\/www.lefigaro.fr\/international\/bresil-l-ex-president-jair-bolsonaro-atteint-d-un-cancer-de-la-peau-20250917\" data-fig-type=\"NewsFlash\" data-gtm-custom-categorie=\"navigation\" data-gtm-custom-action=\"crossclick\" data-gtm-custom-label=\"Contextuel\" data-gtm-event=\"customEventSPE\" data-fig-domain=\"LEFIGARO\" target=\"_blank\" rel=\"noopener\">cancer\u00a0<\/a>a bondi dans le monde en un quart de si\u00e8cle et pourrait d\u00e9passer les 18,5 millions en 2050, estime une vaste \u00e9tude publi\u00e9e jeudi, appelant \u00e0 renforcer pr\u00e9vention et traitements, en particulier dans les pays moins favoris\u00e9s. Malgr\u00e9 les progr\u00e8s des traitements et les efforts pour limiter les facteurs de risques, le nombre de nouveaux cas de cancer a plus que doubl\u00e9 depuis 1990 pour atteindre 18,5 millions en 2023, et le nombre de d\u00e9c\u00e8s a bondi de 74% pour totaliser 10,4 millions, selon cette nouvelle \u00e9valuation parue dans The Lancet et men\u00e9e dans le cadre du \u00abGlobal Burden of Disease\u00bb.<\/p>\n<p class=\"fig-paragraph\">Ces estimations, couvrant 204 pays et territoires et 47 types ou groupes de cancers, sont jug\u00e9es les plus pertinentes mais les calculs comportent une part d&rsquo;incertitude. Pour 2023, les scientifiques donnent une fourchette d&rsquo;environ 16,4 \u00e0 20,7 millions de nouveaux cas et de 9,6 \u00e0 10,9 millions de d\u00e9c\u00e8s. La majorit\u00e9 des patients vivaient dans des pays \u00e0 revenu faible ou interm\u00e9diaire. Le\u00a0<a href=\"http:\/\/www.lefigaro.fr\/sciences\/cancer-du-sein-hormonodependant-chez-les-femmes-de-plus-de-70-ans-la-chimiotherapie-s-avere-le-plus-souvent-inutile-20250810\" data-fig-type=\"Article\" data-gtm-custom-categorie=\"navigation\" data-gtm-custom-action=\"crossclick\" data-gtm-custom-label=\"Contextuel\" data-gtm-event=\"customEventSPE\" data-fig-domain=\"LEFIGARO\" target=\"_blank\" rel=\"noopener\">cancer du sein<\/a>\u00a0\u00e9tait le cancer le plus diagnostiqu\u00e9 en 2023, mais ceux de la trach\u00e9e, des bronches et du poumon font le plus de morts.<\/p>\n<p class=\"fig-body-link\">\n            \u00c0 lire aussi<br \/>\n        <a class=\"fig-body-link__link fig-premium-mark\" href=\"http:\/\/sante.lefigaro.fr\/medecine\/cancer-du-sein-un-traitement-plus-adapte-quand-la-tumeur-devient-resistante-20250606\" target=\"_blank\" data-fig-type=\"Article\" rel=\"noopener\" data-gtm-custom-categorie=\"navigation\" data-gtm-custom-action=\"crossclick\" data-gtm-custom-label=\"Contextuel\" data-gtm-event=\"customEventSPE\" data-fig-domain=\"SANTE\">Cancer du sein: un traitement plus adapt\u00e9 quand la tumeur devient r\u00e9sistante<br \/>\n    <\/a>\n<\/p>\n<p>                                    <a class=\"fig-a11y-skip a11y-hidden\" href=\"#fig-a11y-skip-main-inarticle\"><br \/>\n        Passer la publicit\u00e9<br \/>\n    <\/a><\/p>\n<p>Lot d\u2019incertitudes<\/p>\n<p class=\"fig-paragraph\">Sans actions et financements suffisants, le nombre de nouveaux cas de cancer pourrait cro\u00eetre d&rsquo;environ 61% dans le monde ces 25 prochaines ann\u00e9es pour atteindre 30,5 millions en 2050, et le nombre annuel de d\u00e9c\u00e8s augmenter de pr\u00e8s de 75% pour totaliser 18,5 millions, selon ce travail de mod\u00e9lisation.<\/p>\n<p class=\"fig-paragraph\">Si ce sc\u00e9nario est jug\u00e9 le plus vraisemblable, il s&rsquo;accompagne d&rsquo;un lot substantiel d&rsquo;incertitudes. Les chercheurs \u00e9voquent ainsi une fourchette de 22,9 \u00e0 38,9 millions pour les nouveaux cas en 2050, et de 15,6 \u00e0 21,5 millions pour les d\u00e9c\u00e8s. Les cas et les d\u00e9c\u00e8s du cancer augmenteraient principalement sous l&rsquo;effet de la\u00a0<a href=\"http:\/\/www.lefigaro.fr\/flash-eco\/canada-le-taux-d-emploi-encore-une-fois-depasse-par-la-croissance-demographique-20240405\" data-fig-type=\"NewsFlash\" data-gtm-custom-categorie=\"navigation\" data-gtm-custom-action=\"crossclick\" data-gtm-custom-label=\"Contextuel\" data-gtm-event=\"customEventSPE\" data-fig-domain=\"LEFIGARO\" target=\"_blank\" rel=\"noopener\">croissance d\u00e9mographique<\/a>\u00a0et du vieillissement des populations, analysent les scientifiques, apr\u00e8s des ajustements en fonction de l&rsquo;\u00e2ge.<\/p>\n<p class=\"fig-paragraph\">Mais plus de quatre d\u00e9c\u00e8s par cancer sur dix dans le monde en 2023 (41,7%) restent attribuables \u00e0 des facteurs de risque potentiellement modifiables, particuli\u00e8rement le\u00a0<a href=\"http:\/\/sante.lefigaro.fr\/social\/sante-publique\/lutte-contre-le-tabagisme-une-proposition-audacieuse-pour-remplacer-les-points-de-vente-de-cigarettes-20250707\" data-fig-type=\"Article\" data-gtm-custom-categorie=\"navigation\" data-gtm-custom-action=\"crossclick\" data-gtm-custom-label=\"Contextuel\" data-gtm-event=\"customEventSPE\" data-fig-domain=\"SANTE\" target=\"_blank\" rel=\"noopener\">tabagisme<\/a>, mais aussi une mauvaise alimentation, une consommation d&rsquo;alcool importante, une glyc\u00e9mie \u00e9lev\u00e9e&#8230; Insuffisante seule, la pr\u00e9vention doit \u00eatre compl\u00e9t\u00e9e par des diagnostics pr\u00e9coces et des traitements efficaces, soulignent les scientifiques, appelant \u00e0 redoubler d&rsquo;efforts pour r\u00e9duire les in\u00e9galit\u00e9s et augmenter les financements.<\/p>\n<p class=\"fig-paragraph\">Pr\u00e9cieuse pour les politiques de sant\u00e9 publique, cette \u00e9tude comporte certaines limites, reconnaissent ses auteurs. Des donn\u00e9es solides manquent par exemple dans certains pays, et l&rsquo;impact de la pand\u00e9mie de Covid ou des conflits r\u00e9cents sur le fardeau du cancer n&rsquo;est pas int\u00e9gr\u00e9.<\/p>\n","protected":false},"excerpt":{"rendered":"Par Le Figaro avec AFP Le 25 septembre 2025 \u00e0 07h55 Pour 2023, les scientifiques donnent une fourchette&hellip;\n","protected":false},"author":2,"featured_media":415930,"comment_status":"","ping_status":"","sticky":false,"template":"","format":"standard","meta":{"footnotes":""},"categories":[10],"tags":[54628,1011,27,72,71,54629],"class_list":{"0":"post-415929","1":"post","2":"type-post","3":"status-publish","4":"format-standard","5":"has-post-thumbnail","7":"category-sante","8":"tag-alimentation-et-cancer","9":"tag-fr","10":"tag-france","11":"tag-health","12":"tag-sante","13":"tag-tabagisme-passif"},"share_on_mastodon":{"url":"https:\/\/pubeurope.com\/@fr\/115263752451105439","error":""},"_links":{"self":[{"href":"https:\/\/www.europesays.com\/fr\/wp-json\/wp\/v2\/posts\/415929","targetHints":{"allow":["GET"]}}],"collection":[{"href":"https:\/\/www.europesays.com\/fr\/wp-json\/wp\/v2\/posts"}],"about":[{"href":"https:\/\/www.europesays.com\/fr\/wp-json\/wp\/v2\/types\/post"}],"author":[{"embeddable":true,"href":"https:\/\/www.europesays.com\/fr\/wp-json\/wp\/v2\/users\/2"}],"replies":[{"embeddable":true,"href":"https:\/\/www.europesays.com\/fr\/wp-json\/wp\/v2\/comments?post=415929"}],"version-history":[{"count":0,"href":"https:\/\/www.europesays.com\/fr\/wp-json\/wp\/v2\/posts\/415929\/revisions"}],"wp:featuredmedia":[{"embeddable":true,"href":"https:\/\/www.europesays.com\/fr\/wp-json\/wp\/v2\/media\/415930"}],"wp:attachment":[{"href":"https:\/\/www.europesays.com\/fr\/wp-json\/wp\/v2\/media?parent=415929"}],"wp:term":[{"taxonomy":"category","embeddable":true,"href":"https:\/\/www.europesays.com\/fr\/wp-json\/wp\/v2\/categories?post=415929"},{"taxonomy":"post_tag","embeddable":true,"href":"https:\/\/www.europesays.com\/fr\/wp-json\/wp\/v2\/tags?post=415929"}],"curies":[{"name":"wp","href":"https:\/\/api.w.org\/{rel}","templated":true}]}}