{"id":415939,"date":"2025-09-25T07:31:14","date_gmt":"2025-09-25T07:31:14","guid":{"rendered":"https:\/\/www.europesays.com\/fr\/415939\/"},"modified":"2025-09-25T07:31:14","modified_gmt":"2025-09-25T07:31:14","slug":"une-septieme-limite-planetaire-vient-detre-franchie-la-terre-est-en-train-de-devenir-inhabitable","status":"publish","type":"post","link":"https:\/\/www.europesays.com\/fr\/415939\/","title":{"rendered":"Une septi\u00e8me \u00ab\u00a0limite plan\u00e9taire\u00a0\u00bb vient d\u2019\u00eatre franchie, la Terre est en train de devenir inhabitable"},"content":{"rendered":"<p>        <img decoding=\"async\" loading=\"lazy\" src=\"https:\/\/www.europesays.com\/fr\/wp-content\/uploads\/2025\/09\/a2d0af8_1686149456372-gettyimages-1316053039.jpg\"  width=\"728\" height=\"410\" alt=\"Une septi\u00e8me \u00ab\u00a0limite plan\u00e9taire\u00a0\u00bb vient d\u2019\u00eatre franchie, la Terre est en train de devenir inhabitable. (Photo d\u2019un champ de coraux sur la Grande Barri\u00e8re de Corail lors d\u2019un \u00e9pisode de blanchissement massif.)\"\/>  <\/p>\n<p>Brett Monroe Garner \/ Getty Images<\/p>\n<p>Une septi\u00e8me \u00ab\u00a0limite plan\u00e9taire\u00a0\u00bb vient d\u2019\u00eatre franchie, la Terre est en train de devenir inhabitable. (Photo d\u2019un champ de coraux sur la Grande Barri\u00e8re de Corail lors d\u2019un \u00e9pisode de blanchissement massif.)<\/p>\n<p class=\"asset asset-text\">ENVIRONNEMENT &#8211; La <a href=\"https:\/\/www.huffingtonpost.fr\/environnement\/article\/climat-l-onu-estime-que-l-objectif-d-un-rechauffement-limite-a-1-5-c-est-sur-le-point-de-s-effondrer_255045.html\" target=\"_blank\" rel=\"noopener\">Plan\u00e8te bleue<\/a> est gravement malade. Le niveau d\u2019acidification des <a href=\"https:\/\/www.huffingtonpost.fr\/environnement\/article\/avec-les-canicules-marines-l-eau-est-plus-chaude-pour-se-baigner-mais-c-est-un-desastre-pour-la-biodiversite_252496.html\" target=\"_blank\" rel=\"noopener\">oc\u00e9ans<\/a>, qui regroupent 97\u00a0% de l\u2019eau sur Terre, a d\u00e9pass\u00e9 la limite compatible avec des \u00e9cosyst\u00e8mes stables et durables, a annonc\u00e9, ce mercredi 24\u00a0septembre, un rapport d\u2019un institut de recherche. Et conclut que sept des neuf<a href=\"https:\/\/www.huffingtonpost.fr\/science\/video\/les-dechets-spatiaux-polluent-aussi-la-terre-et-ca-peut-avoir-des-consequences-graves_224554.html\" target=\"_blank\" rel=\"noopener\"> \u00ab\u00a0limites plan\u00e9taires\u00a0\u00bb <\/a>sont maintenant franchies.<\/p>\n<p class=\"asset asset-text\">Cr\u00e9\u00e9es en 2009\u00a0sous l\u2019impulsion du scientifique su\u00e9dois Johan Rockstr\u00f6m, les limites plan\u00e9taires d\u00e9signent les diff\u00e9rents points \u00e0 ne pas d\u00e9passer pour garder la plan\u00e8te dans un \u00e9tat vivable. Une trentaine de chercheurs estimaient il y a quinze ans que l\u2019humanit\u00e9 avait \u00ab\u00a0transgress\u00e9 au moins trois limites plan\u00e9taires\u00a0\u00bb. Depuis, les bilans annuels de l&rsquo;Institut de recherche sur le climat de Potsdam (PIK) ont montr\u00e9 une d\u00e9gradation continue.<\/p>\n<p class=\"asset asset-text\">Celui de 2025 indique que la limite de \u00ab\u00a0l\u2019acidification des oc\u00e9ans\u00a0\u00bb vient d\u2019\u00eatre franchie. \u00ab\u00a0L\u2019oc\u00e9an est en train de s\u2019acidifier, mena\u00e7ant la vie marine et nous faisant entrer dans des conditions dangereuses, avec une tendance qui s\u2019aggrave encore\u00a0\u00bb, ont \u00e9crit ses chercheurs. En d\u2019autres termes, ce sont tous\u00a0<a href=\"https:\/\/www.huffingtonpost.fr\/environnement\/article\/canicules-marines-les-records-de-chaleur-des-oceans-illustrent-le-cercle-vicieux-du-changement-climatique_221451.html\" target=\"_blank\" rel=\"noopener\">les \u00e9cosyst\u00e8mes marins\u00a0<\/a>qui sont menac\u00e9s, comme en atteste le blanchissement des r\u00e9cifs coralliens, ph\u00e9nom\u00e8ne annonciateur de leur mort.<\/p>\n<p>    Exc\u00e8s de CO2\u00a0et r\u00e9vision des calculs    <\/p>\n<p class=\"asset asset-text\">La principale cause de l\u2019acidification des oc\u00e9ans est l\u2019absorption de dioxyde de carbone (CO2) \u00e9mis avec la combustion d\u2019\u00e9nergies fossiles. Les scientifiques estiment que les oc\u00e9ans ont absorb\u00e9 environ 30\u00a0% de l\u2019exc\u00e8s de CO2 rel\u00e2ch\u00e9 dans l\u2019atmosph\u00e8re par la combustion de p\u00e9trole, de gaz et de charbon.<\/p>\n<p class=\"asset asset-text\">La hausse de l\u2019acidification par rapport aux chiffres publi\u00e9s l\u2019an dernier est \u00e9galement due en partie \u00e0 une am\u00e9lioration des donn\u00e9es et \u00e0 une r\u00e9vision des calculs.<\/p>\n<p class=\"asset asset-text\">Les six autres seuils d\u00e9j\u00e0 d\u00e9pass\u00e9es concernent le changement climatique (CO2 dans l\u2019atmosph\u00e8re), l\u2019int\u00e9grit\u00e9 de la biosph\u00e8re (extinction d\u2019esp\u00e8ces et appropriation des ressources par l\u2019humanit\u00e9), mais aussi l\u2019usage des sols (d\u00e9forestation), le cycle de l\u2019eau douce (zones touch\u00e9es par la s\u00e9cheresse ou les inondations), les cycles biog\u00e9ochimiques (ajout d\u2019engrais et pesticides) et l\u2019introduction d\u2019entit\u00e9s nouvelles dans la biosph\u00e8re (plastiques et autres produits chimiques industriels).<\/p>\n<p class=\"asset asset-text\">Les deux limites plan\u00e9taires non franchies restent les a\u00e9rosols dans l\u2019atmosph\u00e8re (pollution de l\u2019air) et le niveau d\u2019ozone dans la stratosph\u00e8re.<\/p>\n<p>                     Le fonctionnement de la cha\u00eene alimentaire perturb\u00e9    <\/p>\n<p class=\"asset asset-text\">Si l\u2019acidit\u00e9 se mesure \u00e0 l\u2019aide du pH, la r\u00e9f\u00e9rence pour cette limite est la concentration en aragonite, un min\u00e9ral indispensable \u00e0 la vie des coraux et animaux marins \u00e0 coque. Plus l\u2019oc\u00e9an est acide, plus l\u2019aragonite se d\u00e9sagr\u00e8ge.<\/p>\n<p class=\"asset asset-text\">La limite avait \u00e9t\u00e9 d\u00e9finie \u00e0 80\u00a0% de la concentration \u00e0 l\u2019\u00e8re pr\u00e9-industrielle. Et les oc\u00e9ans sont descendus sous ce niveau. \u00ab\u00a0Le pH \u00e0 la surface de l\u2019oc\u00e9an a d\u00e9j\u00e0 baiss\u00e9 d\u2019environ 0,1 depuis le d\u00e9but de l\u2019\u00e8re industrielle. C\u2019est l\u2019\u00e9quivalent d\u2019une hausse de 30 \u00e0 40\u00a0% de l\u2019acidit\u00e9\u00a0\u00bb, rel\u00e8vent les scientifiques. \u00ab\u00a0Ce changement menace les organismes qui forment des coques ou squelettes en carbonate de calcium, comme les coraux, les mollusques ou des esp\u00e8ces cruciales du plancton. La disparition progressive de ces organismes peut perturber la cha\u00eene alimentaire\u00a0\u00bb, s\u2019inqui\u00e8tent-ils.<\/p>\n<p class=\"asset asset-text\">\u00ab\u00a0La vie marine va s\u2019amenuiser. C\u2019est tr\u00e8s inqui\u00e9tant car pour chacune des cinq grandes extinctions pr\u00e9c\u00e9dentes, la vie s\u2019est effondr\u00e9e dans les oc\u00e9ans puis sur terre. Et la vie marine est indispensable\u00a0\u00bb, d\u00e9plorait \u00e9galement Dominique Bourg, professeur des sciences de l\u2019environnement \u00e0 l\u2019universit\u00e9 de Lausanne, dans une<a href=\"https:\/\/www.huffingtonpost.fr\/environnement\/article\/huit-limites-planetaires-seront-bientot-depassees-sur-neuf-une-terre-dans-un-etat-effrayant-clx1_222924.html\" target=\"_blank\" rel=\"noopener\"> interview au HuffPost<\/a> en septembre\u00a02023.<\/p>\n<p>                     \u00ab\u00a0Nous avons besoin que les gouvernements \u00e9coutent la science\u00a0\u00bb    <\/p>\n<p class=\"asset asset-text\">Le bilan a \u00e9t\u00e9 pr\u00e9sent\u00e9 lors d\u2019une visioconf\u00e9rence depuis New York, o\u00f9 se tient l\u2019assembl\u00e9e g\u00e9n\u00e9rale des Nations Unies. Interrog\u00e9 sur le refus des \u00c9tats-Unis de reconna\u00eetre l\u2019urgence de l\u2019action contre le changement climatique, le directeur du PIK, Johan Rockstr\u00f6m, a r\u00e9pondu que Donald Trump n\u2019avait aucun scientifique cr\u00e9dible de son c\u00f4t\u00e9. \u00ab\u00a0Il n\u2019a pas de soutien, m\u00eame chez ses amis climatosceptiques\u00a0\u00bb, a-t-il dit.<\/p>\n<p class=\"asset asset-text\">\u00ab\u00a0Nous avons besoin que les gouvernements \u00e9coutent la science\u00a0\u00bb, a appuy\u00e9 l\u2019ancien pr\u00e9sident colombien Juan Manuel Santos, qui participait \u00e0 cette conf\u00e9rence de presse. \u00ab\u00a0Imaginez si tout budget national, tout plan de s\u00e9curit\u00e9, tout accord commercial commen\u00e7ait par la question\u00a0: est-ce que cela nous maintient \u00e0 l\u2019int\u00e9rieur des limites plan\u00e9taires\u00a0? C\u2019est le changement dont nous avons besoin\u00a0\u00bb, a ajout\u00e9 l\u2019ancienne pr\u00e9sidente irlandaise Mary Robinson.<\/p>\n<p class=\"asset asset-text\">De son c\u00f4t\u00e9, Emmanuel Macron a r\u00e9agi ce mercredi soir au discours climatosceptique de Donald Trump \u00e0 l\u2019ONU, rappelant que la \u00ab\u00a0science est claire\u00a0\u00bb au sujet du d\u00e9r\u00e8glement climatique.<\/p>\n","protected":false},"excerpt":{"rendered":"Brett Monroe Garner \/ Getty Images Une septi\u00e8me \u00ab\u00a0limite plan\u00e9taire\u00a0\u00bb vient d\u2019\u00eatre franchie, la Terre est en train&hellip;\n","protected":false},"author":2,"featured_media":415940,"comment_status":"","ping_status":"","sticky":false,"template":"","format":"standard","meta":{"footnotes":""},"categories":[5],"tags":[11,21947,436,1011,27,14,12,12517,43,28],"class_list":{"0":"post-415939","1":"post","2":"type-post","3":"status-publish","4":"format-standard","5":"has-post-thumbnail","7":"category-international","8":"tag-actualites","9":"tag-co2","10":"tag-environnement","11":"tag-fr","12":"tag-france","13":"tag-international","14":"tag-news","15":"tag-ocean","16":"tag-science","17":"tag-world"},"share_on_mastodon":{"url":"https:\/\/pubeurope.com\/@fr\/115263772047524509","error":""},"_links":{"self":[{"href":"https:\/\/www.europesays.com\/fr\/wp-json\/wp\/v2\/posts\/415939","targetHints":{"allow":["GET"]}}],"collection":[{"href":"https:\/\/www.europesays.com\/fr\/wp-json\/wp\/v2\/posts"}],"about":[{"href":"https:\/\/www.europesays.com\/fr\/wp-json\/wp\/v2\/types\/post"}],"author":[{"embeddable":true,"href":"https:\/\/www.europesays.com\/fr\/wp-json\/wp\/v2\/users\/2"}],"replies":[{"embeddable":true,"href":"https:\/\/www.europesays.com\/fr\/wp-json\/wp\/v2\/comments?post=415939"}],"version-history":[{"count":0,"href":"https:\/\/www.europesays.com\/fr\/wp-json\/wp\/v2\/posts\/415939\/revisions"}],"wp:featuredmedia":[{"embeddable":true,"href":"https:\/\/www.europesays.com\/fr\/wp-json\/wp\/v2\/media\/415940"}],"wp:attachment":[{"href":"https:\/\/www.europesays.com\/fr\/wp-json\/wp\/v2\/media?parent=415939"}],"wp:term":[{"taxonomy":"category","embeddable":true,"href":"https:\/\/www.europesays.com\/fr\/wp-json\/wp\/v2\/categories?post=415939"},{"taxonomy":"post_tag","embeddable":true,"href":"https:\/\/www.europesays.com\/fr\/wp-json\/wp\/v2\/tags?post=415939"}],"curies":[{"name":"wp","href":"https:\/\/api.w.org\/{rel}","templated":true}]}}