{"id":415943,"date":"2025-09-25T07:33:10","date_gmt":"2025-09-25T07:33:10","guid":{"rendered":"https:\/\/www.europesays.com\/fr\/415943\/"},"modified":"2025-09-25T07:33:10","modified_gmt":"2025-09-25T07:33:10","slug":"sarkozy-gueant-hortefeux-woerth-ce-que-risquent-les-12-prevenus-dans-le-proces-des-soupcons-de-financement-libyen-liberation","status":"publish","type":"post","link":"https:\/\/www.europesays.com\/fr\/415943\/","title":{"rendered":"Sarkozy, Gu\u00e9ant, Hortefeux, Woerth\u2026 Ce que risquent les 12 pr\u00e9venus dans le proc\u00e8s des soup\u00e7ons de financement libyen \u2013 Lib\u00e9ration"},"content":{"rendered":"<p class=\"sc-cPiKLX AiZTS text-element\">En pr\u00e9ambule de son r\u00e9quisitoire, en avril, le procureur national financier tan\u00e7ait un <a href=\"https:\/\/www.liberation.fr\/societe\/police-justice\/au-proces-du-financement-libyen-le-parquet-detaille-le-pacte-faustien-entre-sarkozy-et-kadhafi-20250326_JCB7BFQ7ERFXHIBPXRZKU65LC4\/\" target=\"_blank\" rel=\"noopener\" title=\"https:\/\/www.liberation.fr\/societe\/police-justice\/au-proces-du-financement-libyen-le-parquet-detaille-le-pacte-faustien-entre-sarkozy-et-kadhafi-20250326_JCB7BFQ7ERFXHIBPXRZKU65LC4\/\">\u00abpacte de corruption faustien avec un des dictateurs les plus infr\u00e9quentables de ces trente derni\u00e8res ann\u00e9es\u00bb<\/a>. Et, en \u00e9pilogue, d\u00e9non\u00e7ait le <a href=\"https:\/\/www.liberation.fr\/societe\/police-justice\/sept-ans-de-prison-requis-contre-sarkozy-une-quete-effrenee-pour-des-financements-necessaires-a-la-satisfaction-de-ses-ambitions-politiques-devorantes-20250327_K5SVCZQQ75GZXBZYNTT2YJ2LKM\/\" target=\"_blank\" rel=\"noopener\" title=\"https:\/\/www.liberation.fr\/societe\/police-justice\/sept-ans-de-prison-requis-contre-sarkozy-une-quete-effrenee-pour-des-financements-necessaires-a-la-satisfaction-de-ses-ambitions-politiques-devorantes-20250327_K5SVCZQQ75GZXBZYNTT2YJ2LKM\/\">\u00abtableau tr\u00e8s sombre d\u2019une partie de notre R\u00e9publique\u00bb<\/a>. Principal pr\u00e9venu de ce proc\u00e8s historique, dont les audiences se sont d\u00e9roul\u00e9es de janvier \u00e0 avril, l\u2019ancien pr\u00e9sident Nicolas Sarkozy a clam\u00e9 jour apr\u00e8s jour son innocence face aux questions piquantes des magistrats. La <a href=\"https:\/\/www.liberation.fr\/societe\/police-justice\/proces-sarkozy-sur-le-financement-libyen-delibere-sur-un-faisceau-dindices-20250924_NCGT6WXLPFDOPKUH6I4EHP37ZE\/\" target=\"_blank\" rel=\"noopener\" title=\"https:\/\/www.liberation.fr\/societe\/police-justice\/proces-sarkozy-sur-le-financement-libyen-delibere-sur-un-faisceau-dindices-20250924_NCGT6WXLPFDOPKUH6I4EHP37ZE\/\">d\u00e9cision du tribunal correctionnel de Paris est attendue ce jeudi<\/a> 25 septembre. Rappel des charges qui p\u00e8sent contre les douze pr\u00e9venus et des peines requises par le minist\u00e8re public. <\/p>\n<p class=\"sc-cPiKLX AiZTS text-element\">L\u2019ancien chef de l\u2019Etat a \u00e9t\u00e9 le personnage principal de ce proc\u00e8s hors norme. Par son statut, bien s\u00fbr, <a href=\"https:\/\/www.liberation.fr\/societe\/police-justice\/proces-sur-les-soupcons-de-financement-libyen-pour-sa-premiere-prise-de-parole-nicolas-sarkozy-fait-le-show-20250109_GVUBJLJWDZBUDL3BE6IEAZ4OME\/\" target=\"_blank\" rel=\"noopener\" title=\"https:\/\/www.liberation.fr\/societe\/police-justice\/proces-sur-les-soupcons-de-financement-libyen-pour-sa-premiere-prise-de-parole-nicolas-sarkozy-fait-le-show-20250109_GVUBJLJWDZBUDL3BE6IEAZ4OME\/\">par sa verve, sans doute<\/a>, mais surtout parce qu\u2019il est suspect\u00e9 d\u2019\u00eatre le principal b\u00e9n\u00e9ficiaire d\u2019un pacte corruptif scell\u00e9 pour trouver des fonds occultes pour sa campagne pr\u00e9sidentielle de 2007. La figure tut\u00e9laire de la droite fran\u00e7aise, dont l\u2019influence est toujours majeure \u00e0 70 ans, d\u00e9j\u00e0 condamn\u00e9 d\u00e9finitivement \u00e0 un an de prison dans le dossier dit \u00abBismuth\u00bb, encourt dans cette affaire une peine de dix ans de prison. Au cours du proc\u00e8s, toujours anim\u00e9 d\u2019une \u00e9nergie d\u00e9bordante, Nicolas Sarkozy, a clam\u00e9 son innocence. <a href=\"https:\/\/www.liberation.fr\/societe\/police-justice\/proces-du-financement-libyen-nicolas-sarkozy-a-la-peine-face-aux-traces-des-flux-financiers-suspects-20250210_62ARE4JDVVAYXAE3OKVPU2GBIQ\/\" target=\"_blank\" rel=\"noopener\" title=\"https:\/\/www.liberation.fr\/societe\/police-justice\/proces-du-financement-libyen-nicolas-sarkozy-a-la-peine-face-aux-traces-des-flux-financiers-suspects-20250210_62ARE4JDVVAYXAE3OKVPU2GBIQ\/\">La minutieuse exploration des flux financiers a \u00e9branl\u00e9 sa d\u00e9fense<\/a>. L\u2019ancien chef de l\u2019Etat a aussi assist\u00e9, impuissant, au naufrage de Claude Gu\u00e9ant et Brice Hortefeux. Le PNF, convaincu du r\u00f4le majeur de Nicolas Sarkozy dans cette affaire, a <a href=\"https:\/\/www.liberation.fr\/societe\/police-justice\/sept-ans-de-prison-requis-contre-sarkozy-une-quete-effrenee-pour-des-financements-necessaires-a-la-satisfaction-de-ses-ambitions-politiques-devorantes-20250327_K5SVCZQQ75GZXBZYNTT2YJ2LKM\/\" target=\"_blank\" rel=\"noopener\" title=\"https:\/\/www.liberation.fr\/societe\/police-justice\/sept-ans-de-prison-requis-contre-sarkozy-une-quete-effrenee-pour-des-financements-necessaires-a-la-satisfaction-de-ses-ambitions-politiques-devorantes-20250327_K5SVCZQQ75GZXBZYNTT2YJ2LKM\/\">requis la peine la plus lourde \u00e0 son encontre<\/a> : sept ans de prison, une amende de 300 000 euros, cinq ans d\u2019in\u00e9ligibilit\u00e9, d\u2019interdiction des droits civiques et d\u2019exercer une fonction juridictionnelle.<b> <\/b> <\/p>\n<p class=\"sc-cPiKLX AiZTS text-element\">Pour Claude Gu\u00e9ant, \u00abhaut fonctionnaire, \u00e0 la carri\u00e8re pr\u00e9fectorale en apparence exemplaire\u00bb dixit le Parquet national financier, l\u2019audience aura \u00e9t\u00e9 un long, tr\u00e8s long calvaire. Le plus proche de Nicolas Sarkozy, qui encourt une peine de dix ans de prison, a travers\u00e9 le proc\u00e8s dans la souffrance. Affaibli par ses 80 ans et la maladie, l\u2019ancien secr\u00e9taire g\u00e9n\u00e9ral de l\u2019Elys\u00e9e \u00e9tait astreint \u00e0 des interrogatoires limit\u00e9s \u00e0 une heure qu\u2019il effectuait sur une chaise, le micro pli\u00e9 vers lui. Celui qui a \u00e9galement \u00e9t\u00e9 ministre de l\u2019Int\u00e9rieur s\u2019est emp\u00eatr\u00e9 dans de ridicules explications pour expliquer sa rencontre secr\u00e8te \u2013 qu\u2019il dit fortuite \u2013 avec Abdallah Senoussi, consid\u00e9r\u00e9 comme le num\u00e9ro 2 du r\u00e9gime \u00e0 l\u2019\u00e9poque et vis\u00e9 par un mandat d\u2019arr\u00eat apr\u00e8s sa condamnation \u00e0 la perp\u00e9tuit\u00e9 pour son r\u00f4le dans l\u2019attentat du DC-10 d\u2019UTA. Et contrairement \u00e0 Nicolas Sarkozy et Brice Hortefeux, Claude Gu\u00e9ant a d\u00fb \u00e9galement affronter les questions des magistrats sur un possible enrichissement personnel par des fonds libyens. Le PNF a requis \u00e0 son encontre six ans de prison, une amende de 100 000 euros, la confiscation de l\u2019appartement dont l\u2019accusation estime qu\u2019il a \u00e9t\u00e9 acquis gr\u00e2ce \u00e0 500 000 euros d\u2019argent libyen, et cinq ans d\u2019interdiction des droits civiques et d\u2019in\u00e9ligibilit\u00e9.  <\/p>\n<p class=\"sc-cPiKLX AiZTS text-element\">Ce qui vaut \u00e0 Brice Hortefeux de compara\u00eetre devant la justice et d\u2019encourir une peine de dix ans de prison s\u2019est d\u00e9roul\u00e9 en quelques heures, un jour de d\u00e9cembre 2005. L\u2019accusation suspecte l\u2019ancien ministre de l\u2019Int\u00e9rieur, ami le plus intime de Nicolas Sarkozy, d\u2019avoir scell\u00e9 le pacte corruptif avec le r\u00e9gime libyen lors d\u2019une rencontre \u2013 qu\u2019il dit lui aussi fortuite \u2013 avec Abdallah Senoussi, \u00e0 Tripoli. Tout comme Claude Gu\u00e9ant, <a href=\"https:\/\/www.liberation.fr\/societe\/police-justice\/apres-gueant-hortefeux-cest-fou-comme-les-amis-de-sarkozy-se-sont-fait-pieger-en-libye-20250122_XZ77N7C7VBBE3C4TGHCELWUAK4\/\" target=\"_blank\" rel=\"noopener\" title=\"https:\/\/www.liberation.fr\/societe\/police-justice\/apres-gueant-hortefeux-cest-fou-comme-les-amis-de-sarkozy-se-sont-fait-pieger-en-libye-20250122_XZ77N7C7VBBE3C4TGHCELWUAK4\/\">Brice Hortefeux s\u2019est englu\u00e9 dans de farfelues explications pour justifier cette entrevue<\/a>. Le PNF a requis \u00e0 son encontre trois ans de prison, une amende de 150 000 euros et cinq ans d\u2019interdiction des droits civiques et d\u2019in\u00e9ligibilit\u00e9.  <\/p>\n<p class=\"sc-cPiKLX AiZTS text-element\">Cet ancien \u00abbad boy\u00bb de Sarcelles est devenu avec les ann\u00e9es un proche de Nicolas Sarkozy, qu\u2019il tutoie, et de l\u2019argentier du r\u00e9gime de Kadhafi, Bechir Saleh, dont il a aid\u00e9 l\u2019exfiltration de France, probablement pour le soustraire \u00e0 la justice. Il est suspect\u00e9 d\u2019avoir jou\u00e9 un r\u00f4le actif dans la redistribution de fonds libyens, notamment au profit de Claude Gu\u00e9ant. S\u2019il risque th\u00e9oriquement dix ans de prison, le PNF a requis cinq ans de d\u00e9tention, quatre millions d\u2019euros d\u2019amende et une interdiction de g\u00e9rer pendant cinq ans.  <\/p>\n<p class=\"sc-cPiKLX AiZTS text-element\">Il est l\u2019un des grands absents de ce proc\u00e8s. B\u00e9chir Saleh, ancien directeur de cabinet de Muammar al-Kadhafi, est suspect\u00e9 d\u2019avoir supervis\u00e9 les transferts de fonds libyens. Son exfiltration pr\u00e9cipit\u00e9e de France en 2012, quelques jours apr\u00e8s la publication par Mediapart d\u2019une note \u00e9voquant son r\u00f4le dans le financement de la campagne de Nicolas Sarkozy, a \u00e9t\u00e9 explor\u00e9e par le tribunal. Il encourt une peine de dix ans de prison. Le minist\u00e8re public a requis une peine de six ans de prison et une amende de quatre millions d\u2019euros.  <\/p>\n<p class=\"sc-cPiKLX AiZTS text-element\">Natif de Djibouti, banquier retrait\u00e9 particuli\u00e8rement proche d\u2019Alexandre Djouhri, est l\u2019un des hommes cl\u00e9s de l\u2019affaire. Nacer est soup\u00e7onn\u00e9 d\u2019avoir agi pour le compte de ce dernier, afin d\u2019opacifier certains paiements sur lesquels il avait la main gr\u00e2ce \u00e0 des flux d\u00e9tourn\u00e9s de comptes de milliardaires saoudiens, les Bugshan. Il aurait \u00e9t\u00e9 ainsi l\u2019une des petites mains dans le cadre des financements effectu\u00e9s par Djouhri. L\u2019accusation a requis contre lui quatre ans de prison et un million d\u2019euros d\u2019amende. <\/p>\n<p class=\"sc-cPiKLX AiZTS text-element\">L\u2019ancien ministre du Budget, actuel d\u00e9put\u00e9 de l\u2019Oise, \u00e9tait poursuivi pour complicit\u00e9 de financement de campagne \u00e9lectorale et risquait une peine minime par rapport aux autres pr\u00e9venus. En 2007, c\u2019est lui qui pr\u00e9sidait l\u2019Association de financement de Nicolas Sarkozy. En cause, la distribution aux \u00e9quipes de primes en liquide, pour 35 000 euros, \u00e0 la fin de la campagne. Des fonds non d\u00e9clar\u00e9s dans les comptes de campagne. L\u2019argent provenait selon lui de dons anonymes envoy\u00e9s par la Poste. Le PNF, qui ne l\u2019a pas cru, a requis un an de prison contre lui et 3 750 euros d\u2019amende. <\/p>\n<p class=\"sc-cPiKLX AiZTS text-element\">Ancien dirigeant d\u2019EADS, il est mis en cause pour la vente, en 2006, de douze avions Airbus \u00e0 la Libye. C\u2019est le versement au passage d\u2019une commission de deux millions d\u2019euros \u00e0 l\u2019interm\u00e9diaire Alexandre Djouhri qui est en cause. Outre l\u2019association de malfaiteurs, il est poursuivi pour corruption d\u2019agent public \u00e9tranger. L\u2019accusation a r\u00e9clam\u00e9 \u00e0 son encontre trois ans de prison dont deux avec sursis et 375 000 euros d\u2019amende. <\/p>\n<p class=\"sc-cPiKLX AiZTS text-element\">Les nombreux comptes bancaires de ces deux cousins, riches hommes d\u2019affaires saoudiens, ont servi \u00e0 surpayer la villa de Mougins d\u2019Alexandre Djouhri en mars 2008 (pour Ahmed) et les tableaux flamands de Claude Gu\u00e9ant en 2009 (pour Khalid). Mais les fonds seraient d\u2019origine libyenne, ne faisant que transiter par eux. Trois ans de prison dont un avec sursis et quatre millions d\u2019euros d\u2019amende ont \u00e9t\u00e9 requis contre Khalid Bugshan, et deux ans de prison dont un avec sursis et quatre millions d\u2019euros d\u2019amende contre Ahmed Salem Bugshan. <\/p>\n<p class=\"sc-cPiKLX AiZTS text-element\">Ancien proche collaborateur de Nicolas Sarkozy \u00e0 Neuilly et \u00e0 Bercy, reconverti banquier au sein des Caisses d\u2019Epargne, il est poursuivi pour avoir re\u00e7u, en f\u00e9vrier 2006, 440 000 euros de Ziad Takieddine, qui venait lui-m\u00eame d\u2019\u00eatre arros\u00e9 par des fonds libyens. Pour financer une villa en Colombie, a plaid\u00e9 celui qui a \u00e9t\u00e9 condamn\u00e9 dans l\u2019affaire Karachi. Le PNF a requis trois ans de prison, 150 000 euros d\u2019amende et cinq ans d\u2019in\u00e9ligibilit\u00e9. <\/p>\n<p class=\"sc-cPiKLX AiZTS text-element\">Ses d\u00e9clarations ont vari\u00e9, mais pas ses \u00e9crits et ses archives exploit\u00e9es pendant l\u2019enqu\u00eate et longuement \u00e9voqu\u00e9es lors du proc\u00e8s. <a href=\"https:\/\/www.liberation.fr\/societe\/police-justice\/ziad-takieddine-personnage-cle-du-proces-libyen-de-sarkozy-est-mort-20250923_23R5HYTUDJD2ZD26MASMGINIVI\/\" target=\"_blank\" rel=\"noopener\" title=\"https:\/\/www.liberation.fr\/societe\/police-justice\/ziad-takieddine-personnage-cle-du-proces-libyen-de-sarkozy-est-mort-20250923_23R5HYTUDJD2ZD26MASMGINIVI\/\">D\u00e9c\u00e9d\u00e9 mardi 23 septembre<\/a>, deux jours avant le d\u00e9lib\u00e9r\u00e9 de l\u2019affaire, l\u2019homme d\u2019affaires franco-libanais Ziad Takieddine, interm\u00e9diaire dans de gros contrats d\u2019armement et proche de la droite, avait \u00e9t\u00e9 jug\u00e9 par d\u00e9faut pour avoir \u00e9t\u00e9 l\u2019un des pivots du financement libyen, notamment par sa proximit\u00e9 avec l\u2019ex-chef des services secrets de Tripoli. Le tribunal devrait constater l\u2019extinction des poursuites \u00e0 son encontre. <\/p>\n","protected":false},"excerpt":{"rendered":"En pr\u00e9ambule de son r\u00e9quisitoire, en avril, le procureur national financier tan\u00e7ait un \u00abpacte de corruption faustien avec&hellip;\n","protected":false},"author":2,"featured_media":415944,"comment_status":"","ping_status":"","sticky":false,"template":"","format":"standard","meta":{"footnotes":""},"categories":[2],"tags":[11,8165,8166,54630,1011,27,12,3091,5062],"class_list":{"0":"post-415943","1":"post","2":"type-post","3":"status-publish","4":"format-standard","5":"has-post-thumbnail","7":"category-actualites","8":"tag-actualites","9":"tag-brice-hortefeux","10":"tag-claude-gueant","11":"tag-eric-woerth","12":"tag-fr","13":"tag-france","14":"tag-news","15":"tag-nicolas-sarkozy","16":"tag-sarkozy-face-a-la-justice"},"share_on_mastodon":{"url":"https:\/\/pubeurope.com\/@fr\/115263779870213591","error":""},"_links":{"self":[{"href":"https:\/\/www.europesays.com\/fr\/wp-json\/wp\/v2\/posts\/415943","targetHints":{"allow":["GET"]}}],"collection":[{"href":"https:\/\/www.europesays.com\/fr\/wp-json\/wp\/v2\/posts"}],"about":[{"href":"https:\/\/www.europesays.com\/fr\/wp-json\/wp\/v2\/types\/post"}],"author":[{"embeddable":true,"href":"https:\/\/www.europesays.com\/fr\/wp-json\/wp\/v2\/users\/2"}],"replies":[{"embeddable":true,"href":"https:\/\/www.europesays.com\/fr\/wp-json\/wp\/v2\/comments?post=415943"}],"version-history":[{"count":0,"href":"https:\/\/www.europesays.com\/fr\/wp-json\/wp\/v2\/posts\/415943\/revisions"}],"wp:featuredmedia":[{"embeddable":true,"href":"https:\/\/www.europesays.com\/fr\/wp-json\/wp\/v2\/media\/415944"}],"wp:attachment":[{"href":"https:\/\/www.europesays.com\/fr\/wp-json\/wp\/v2\/media?parent=415943"}],"wp:term":[{"taxonomy":"category","embeddable":true,"href":"https:\/\/www.europesays.com\/fr\/wp-json\/wp\/v2\/categories?post=415943"},{"taxonomy":"post_tag","embeddable":true,"href":"https:\/\/www.europesays.com\/fr\/wp-json\/wp\/v2\/tags?post=415943"}],"curies":[{"name":"wp","href":"https:\/\/api.w.org\/{rel}","templated":true}]}}