{"id":415945,"date":"2025-09-25T07:34:11","date_gmt":"2025-09-25T07:34:11","guid":{"rendered":"https:\/\/www.europesays.com\/fr\/415945\/"},"modified":"2025-09-25T07:34:11","modified_gmt":"2025-09-25T07:34:11","slug":"loire-un-accident-sur-la72-entraine-de-forts-ralentissements-entre-andrezieux-et-la-fouillouse","status":"publish","type":"post","link":"https:\/\/www.europesays.com\/fr\/415945\/","title":{"rendered":"Loire. Un accident sur l&rsquo;A72 entra\u00eene de forts ralentissements entre Andr\u00e9zieux et La Fouillouse"},"content":{"rendered":"<p>Ce jeudi matin, peu apr\u00e8s 8 heures, un accident s&rsquo;est produit sur l&rsquo;A72 quelques kilom\u00e8tres apr\u00e8s le p\u00e9age de Veauchette, entre Andr\u00e9zieux-Bouth\u00e9on et La Fouillouse.<\/p>\n<p>Selon les informations partag\u00e9es par Bison Fut\u00e9 ou encore Infotrafic, trois v\u00e9hicules se seraient accroch\u00e9s sur la voie de gauche de l&rsquo;autoroute en direction de Saint-\u00c9tienne.<\/p>\n<p>4 km de bouchons<\/p>\n<p>L&rsquo;incident a provoqu\u00e9 de forts ralentissements et environ 4 km de bouchons sont recens\u00e9s aux alentours de 9 heures.<\/p>\n<p>Toutefois, selon quelques usagers qui ont t\u00e9moign\u00e9 de l&rsquo;incident sur les r\u00e9seaux sociaux, les v\u00e9hicules \u00e9taient sur le point d&rsquo;\u00eatre retir\u00e9s par les services d&rsquo;intervention.<\/p>\n","protected":false},"excerpt":{"rendered":"Ce jeudi matin, peu apr\u00e8s 8 heures, un accident s&rsquo;est produit sur l&rsquo;A72 quelques kilom\u00e8tres apr\u00e8s le p\u00e9age&hellip;\n","protected":false},"author":2,"featured_media":415946,"comment_status":"","ping_status":"","sticky":false,"template":"","format":"standard","meta":{"footnotes":""},"categories":[9653],"tags":[119,1111,11,17136,2430,3542,7359,7539,1777,674,274,107,1011,27,12296,3367,12,25,4001],"class_list":{"0":"post-415945","1":"post","2":"type-post","3":"status-publish","4":"format-standard","5":"has-post-thumbnail","7":"category-saint-etienne","8":"tag-accident","9":"tag-actu","10":"tag-actualites","11":"tag-andrezieux-boutheon","12":"tag-auvergne-rhone-alpes","13":"tag-circulation","14":"tag-edition-loire-centre","15":"tag-edition-loire-sud","16":"tag-eu","17":"tag-europe","18":"tag-faits-divers-justice","19":"tag-fil-info","20":"tag-fr","21":"tag-france","22":"tag-la-fouillouse","23":"tag-loire","24":"tag-news","25":"tag-republique-francaise","26":"tag-saint-etienne"},"share_on_mastodon":{"url":"https:\/\/pubeurope.com\/@fr\/115263784058070028","error":""},"_links":{"self":[{"href":"https:\/\/www.europesays.com\/fr\/wp-json\/wp\/v2\/posts\/415945","targetHints":{"allow":["GET"]}}],"collection":[{"href":"https:\/\/www.europesays.com\/fr\/wp-json\/wp\/v2\/posts"}],"about":[{"href":"https:\/\/www.europesays.com\/fr\/wp-json\/wp\/v2\/types\/post"}],"author":[{"embeddable":true,"href":"https:\/\/www.europesays.com\/fr\/wp-json\/wp\/v2\/users\/2"}],"replies":[{"embeddable":true,"href":"https:\/\/www.europesays.com\/fr\/wp-json\/wp\/v2\/comments?post=415945"}],"version-history":[{"count":0,"href":"https:\/\/www.europesays.com\/fr\/wp-json\/wp\/v2\/posts\/415945\/revisions"}],"wp:featuredmedia":[{"embeddable":true,"href":"https:\/\/www.europesays.com\/fr\/wp-json\/wp\/v2\/media\/415946"}],"wp:attachment":[{"href":"https:\/\/www.europesays.com\/fr\/wp-json\/wp\/v2\/media?parent=415945"}],"wp:term":[{"taxonomy":"category","embeddable":true,"href":"https:\/\/www.europesays.com\/fr\/wp-json\/wp\/v2\/categories?post=415945"},{"taxonomy":"post_tag","embeddable":true,"href":"https:\/\/www.europesays.com\/fr\/wp-json\/wp\/v2\/tags?post=415945"}],"curies":[{"name":"wp","href":"https:\/\/api.w.org\/{rel}","templated":true}]}}