{"id":415949,"date":"2025-09-25T07:36:33","date_gmt":"2025-09-25T07:36:33","guid":{"rendered":"https:\/\/www.europesays.com\/fr\/415949\/"},"modified":"2025-09-25T07:36:33","modified_gmt":"2025-09-25T07:36:33","slug":"voici-les-actions-prevues-en-meurthe-et-moselle-vendredi","status":"publish","type":"post","link":"https:\/\/www.europesays.com\/fr\/415949\/","title":{"rendered":"voici les actions pr\u00e9vues en Meurthe-et-Moselle vendredi"},"content":{"rendered":"<p>            Par<br \/>\n        <strong><br \/>\n            <a href=\"https:\/\/actu.fr\/auteur\/pierre-emile-bouchy-actu-fr\" title=\"Consulter tous les articles de Paul-Emile Bouchy\" rel=\"nofollow noopener\" target=\"_blank\">Paul-Emile Bouchy<\/a><br \/>\n        <\/strong><\/p>\n<p>        Publi\u00e9 le<\/p>\n<p>            24 sept. 2025 \u00e0 16h55        <\/p>\n<p>Apr\u00e8s le mouvement <a href=\"https:\/\/actu.fr\/tag\/bloquons-tout\" rel=\"nofollow noopener\" target=\"_blank\">\u00ab\u2009Bloquons tout\u2009\u00bb<\/a> le 10\u00a0septembre et <a href=\"https:\/\/actu.fr\/societe\/direct-greve-du-18-septembre-perturbations-blocages-manifestations-suivez-cette-journee-de-mobilisation_63172627.html\" rel=\"nofollow noopener\" target=\"_blank\">la gr\u00e8ve du 18\u00a0septembre<\/a>, c\u2019est au tour <strong>des agriculteurs<\/strong> de se faire entendre. \u00c0 l\u2019initiative de la FNSEA (F\u00e9d\u00e9ration nationale des syndicats d\u2019exploitants agricoles), ils vont <a href=\"https:\/\/actu.fr\/societe\/colere-des-agriculteurs-on-vous-explique-pourquoi-ils-se-mobilisent-partout-en-france-le-26-septembre_63195711.html\" rel=\"nofollow noopener\" target=\"_blank\">se mobiliser partout en France ce vendredi 26\u00a0septembre<\/a>.<\/p>\n<p class=\" wall-content\">En Meurthe-et-Moselle,<strong> plusieurs actions vont avoir lieu<\/strong>. Voici ce qu\u2019il faut savoir.<\/p>\n<p>Des feux allum\u00e9s sur des ronds-points par les agriculteurs<\/p>\n<p class=\" wall-content\">Contrairement <a href=\"https:\/\/actu.fr\/grand-est\/metz_57463\/les-agriculteurs-manifestent-a-metz-vendredi-ce-qu-il-faut-savoir_63207240.html\" rel=\"nofollow noopener\" target=\"_blank\">\u00e0 Metz o\u00f9 des agriculteurs vont manifester<\/a> devant la pr\u00e9fecture de la Moselle, la FDSEA 54 et les Jeunes agriculteurs de Meurthe-et-Moselle (JA 54) ont choisi <strong>un autre mode d\u2019action<\/strong>.<\/p>\n<p class=\" wall-content\">\u00ab<strong>\u2009On va allumer des feux sur des ronds-points<\/strong> sans bloquer la circulation et d\u00e9ployer des b\u00e2ches avec nos revendications\u2009\u00bb, explique Florian Segault, pr\u00e9sident des JA 54.<\/p>\n<p class=\" wall-content\">Ils seront visibles <strong>\u00e0 partir de 19h sur les ronds-points suivants<\/strong>, situ\u00e9s pr\u00e8s des axes autoroutiers\u2009:<\/p>\n<ul class=\" wall-content\">\n<li>Villers-la-Montagne<\/li>\n<li>Lesm\u00e9nils<\/li>\n<li>Moncel-l\u00e8s-Lun\u00e9ville<\/li>\n<li>Ville-en-Vermois<\/li>\n<\/ul>\n<p>Vers une manifestation \u00e0 Nancy en octobre\u2009?<\/p>\n<p class=\" wall-content\">Avec cette mobilisation, les agriculteurs veulent d\u00e9noncer la concurrence venue de l\u2019\u00e9tranger, notamment li\u00e9 au <a href=\"https:\/\/actu.fr\/societe\/mercosur-c-est-quoi-ce-traite-de-libre-echange-au-coeur-de-la-colere-des-agriculteurs_61876440.html\" rel=\"nofollow noopener\" target=\"_blank\">Mercosur<\/a>\u2009: \u00ab\u2009On veut se faire entendre. <strong>On est aussi tr\u00e8s inquiet par rapport au futur versement de la PAC<\/strong> (politique agricole commune)\u2009\u00bb, indique J\u00e9r\u00e9my Jenneson, pr\u00e9sident de la FDSEA 54.<\/p>\n<p>Votre r\u00e9gion, votre actu !<\/p>\n<p>Recevez chaque jour les infos qui comptent pour vous.<\/p>\n<p>\t<a href=\"https:\/\/actu.fr\/newsletter\" class=\"ac-btn ac-btn--corner ac-btn--medium ac-btn--blue800\" rel=\"nofollow noopener\" target=\"_blank\">S&rsquo;incrire<\/a><\/p>\n<p class=\" wall-content\">Est-ce qu\u2019il y aura une nouvelle manifestation \u00e0 Nancy le mois prochain, <a href=\"https:\/\/actu.fr\/grand-est\/nancy_54395\/manifestation-des-agriculteurs-ce-mercredi-a-nancy-le-point-sur-les-perturbations-en-direct_61707586.html\" rel=\"nofollow noopener\" target=\"_blank\">comme en octobre\u00a02024<\/a>\u2009? <strong>Cela n\u2019est pas exclu<\/strong>, d\u2019apr\u00e8s les syndicats.<\/p>\n<p class=\" wall-content\">Personnalisez votre actualit\u00e9 en ajoutant vos villes et m\u00e9dias en favori avec <a href=\"https:\/\/moncompte.actu.fr\" title=\"D\u00e9couvez Mon Actu\" rel=\"nofollow noopener\" data-trk=\"{&quot;cta&quot;:{&quot;action&quot;:&quot;https:\\\/\\\/moncompte.actu.fr&quot;,&quot;category&quot;:&quot;mon compte&quot;,&quot;from&quot;:&quot;article footer&quot;,&quot;name&quot;:&quot;Mon actu&quot;,&quot;type&quot;:&quot;cta&quot;}}\" target=\"_blank\">Mon Actu<\/a>.<\/p>\n","protected":false},"excerpt":{"rendered":"Par Paul-Emile Bouchy Publi\u00e9 le 24 sept. 2025 \u00e0 16h55 Apr\u00e8s le mouvement \u00ab\u2009Bloquons tout\u2009\u00bb le 10\u00a0septembre et&hellip;\n","protected":false},"author":2,"featured_media":415950,"comment_status":"","ping_status":"","sticky":false,"template":"","format":"standard","meta":{"footnotes":""},"categories":[9635],"tags":[1111,11,327,1777,674,1011,27,775,1702,12,25,104],"class_list":{"0":"post-415949","1":"post","2":"type-post","3":"status-publish","4":"format-standard","5":"has-post-thumbnail","7":"category-nancy","8":"tag-actu","9":"tag-actualites","10":"tag-agriculture","11":"tag-eu","12":"tag-europe","13":"tag-fr","14":"tag-france","15":"tag-grand-est","16":"tag-nancy","17":"tag-news","18":"tag-republique-francaise","19":"tag-societe"},"share_on_mastodon":{"url":"https:\/\/pubeurope.com\/@fr\/115263791611917742","error":""},"_links":{"self":[{"href":"https:\/\/www.europesays.com\/fr\/wp-json\/wp\/v2\/posts\/415949","targetHints":{"allow":["GET"]}}],"collection":[{"href":"https:\/\/www.europesays.com\/fr\/wp-json\/wp\/v2\/posts"}],"about":[{"href":"https:\/\/www.europesays.com\/fr\/wp-json\/wp\/v2\/types\/post"}],"author":[{"embeddable":true,"href":"https:\/\/www.europesays.com\/fr\/wp-json\/wp\/v2\/users\/2"}],"replies":[{"embeddable":true,"href":"https:\/\/www.europesays.com\/fr\/wp-json\/wp\/v2\/comments?post=415949"}],"version-history":[{"count":0,"href":"https:\/\/www.europesays.com\/fr\/wp-json\/wp\/v2\/posts\/415949\/revisions"}],"wp:featuredmedia":[{"embeddable":true,"href":"https:\/\/www.europesays.com\/fr\/wp-json\/wp\/v2\/media\/415950"}],"wp:attachment":[{"href":"https:\/\/www.europesays.com\/fr\/wp-json\/wp\/v2\/media?parent=415949"}],"wp:term":[{"taxonomy":"category","embeddable":true,"href":"https:\/\/www.europesays.com\/fr\/wp-json\/wp\/v2\/categories?post=415949"},{"taxonomy":"post_tag","embeddable":true,"href":"https:\/\/www.europesays.com\/fr\/wp-json\/wp\/v2\/tags?post=415949"}],"curies":[{"name":"wp","href":"https:\/\/api.w.org\/{rel}","templated":true}]}}