{"id":415954,"date":"2025-09-25T07:40:16","date_gmt":"2025-09-25T07:40:16","guid":{"rendered":"https:\/\/www.europesays.com\/fr\/415954\/"},"modified":"2025-09-25T07:40:16","modified_gmt":"2025-09-25T07:40:16","slug":"un-nouveau-siege-pour-le-credit-municipal-de-toulon","status":"publish","type":"post","link":"https:\/\/www.europesays.com\/fr\/415954\/","title":{"rendered":"Un nouveau si\u00e8ge pour le Cr\u00e9dit municipal de Toulon"},"content":{"rendered":"<p>C\u2019\u00e9tait en <strong>1821<\/strong>. Le roi de France, Louis XVIII ordonnait la cr\u00e9ation du Cr\u00e9dit municipal de Toulon. Le document est pr\u00e9cieusement gard\u00e9 dans la salle de r\u00e9union du nouveau si\u00e8ge de l\u2019\u00e9tablissement public d\u2019aide sociale et de cr\u00e9dit, autrefois appel\u00e9 <strong>\u00ab\u00a0Mont-de-pi\u00e9t\u00e9\u00a0\u00bb<\/strong>, rue Clappier. <\/p>\n<p>Situ\u00e9 de 1889 \u00e0 2017 place Vincent Raspail, juste derri\u00e8re les halles de Toulon, il avait alors d\u00e9m\u00e9nag\u00e9 place Besagne, toujours en centre-ville, dans des locaux qu&rsquo;il louait mais qui \u00e9taient trop grand et trop co\u00fbteux. <\/p>\n<p>1,2 million d\u2019euros pour le nouveau si\u00e8ge <\/p>\n<p>La trentaine de salari\u00e9s est depuis fin juin install\u00e9 dans ces nouveaux locaux qui ont n\u00e9cessit\u00e9 <strong>quatre mois de travaux et un investissement total de 1,2 million d\u2019euros<\/strong> pour l\u2019achat et la r\u00e9novation. <\/p>\n<p>Le b\u00e2timent de quatre \u00e9tages n\u2019a pas subi d\u2019importantes transformations si ce n\u2019est la cr\u00e9ation d\u2019une terrasse ext\u00e9rieure au premier \u00e9tage pour accueillir les pauses d\u00e9jeuner. <\/p>\n<p>Le Cr\u00e9dit municipal de Toulon en croissance r\u00e9guli\u00e8re <\/p>\n<blockquote>\n<p><strong>\u00ab\u00a0<\/strong><strong>Notre activit\u00e9 historique est le pr\u00eat sur gage<\/strong><strong>\u00a0\u00bb<\/strong>, explique Eric Toche, depuis le 2e \u00e9tage des locaux r\u00e9nov\u00e9s. <\/p>\n<\/blockquote>\n<p>\u00ab\u00a0Quand nous avons une soci\u00e9t\u00e9 qui va mal, comme cela peut \u00eatre le cas en ce moment, le Cr\u00e9dit municipal se d\u00e9veloppe. D\u2019autant plus que l<strong>e cours de l\u2019or<\/strong> ne fait qu\u2019augmenter en raison des tensions g\u00e9opolitiques\u00a0\u00bb, d\u00e9veloppe le directeur commercial et communication.<\/p>\n<p>\u00ab\u00a0Nous n\u2019avons pas une croissance exponentielle \u00e0 outrance mais de l\u2019ordre de 3 \u00e0 4 % par an \u00bb, pr\u00e9cise le directeur g\u00e9n\u00e9ral du Cr\u00e9dit municipal de Toulon depuis deux ans, Micha\u00ebl Lili, lors de l\u2019inauguration des lieux le 8 septembre. <\/p>\n<p> Bijoux, montres et tableaux <\/p>\n<p>En plus des personnes en dehors du syst\u00e8me bancaire ou dans le besoin, retrait\u00e9s et \u00ab\u00a0travailleurs pauvres\u00a0\u00bb figurent d\u00e9sormais parmi les clients de ceux que l\u2019on surnomme aussi <strong>le \u00ab\u00a0clou\u00a0\u00bb ou \u00ab\u00a0chez ma tante\u00a0\u00bb.<\/strong><\/p>\n<p>D\u2019autres s\u2019en serviraient de <strong>gardiennage <\/strong>pour des objets pr\u00e9cieux, le co\u00fbt \u00e9tant moins \u00e9lev\u00e9 qu\u2019un coffre \u00e0 la banque \u2013 \u00ab\u00a0d\u2019autant que peu en proposent d\u00e9sormais\u00a0\u00bb.<\/p>\n<p> <img decoding=\"async\" alt=\"\" class=\"img-align-center\" data-zoomable=\"\" height=\"1500\" loading=\"lazy\" src=\"https:\/\/www.europesays.com\/fr\/wp-content\/uploads\/2025\/09\/credit-municipal-toulon-creation.jpg\" width=\"2000\"\/> \u00a9 K. Sarrazin &#8211; L&rsquo;ordonnance de cr\u00e9ation du Cr\u00e9dit municipal de Toulon, sign\u00e9 en 1821. <\/p>\n<p>\u00ab\u00a0L\u2019engagement moyen est de 813 euros \u00bb, pr\u00e9cise Eric Toche. Ce sont entre <strong>70 et 80 % des bagues, gourmettes ou autres bijoux<\/strong>, m\u00eame si le Cr\u00e9dit municipal de Toulon peut prendre toute sorte d\u2019objets comme des sculptures, des tableaux, des instruments de musique ou des armes anciennes\u2026 \u00ab En moyenne, en trente minutes vous avez l\u2019argent\u00a0!\u00a0\u00bb.<\/p>\n<p> R\u00e9cup\u00e9rer son bien une fois le pr\u00eat rembours\u00e9 <\/p>\n<p>A la diff\u00e9rence d\u2019une boutique de rachat d\u2019or, <strong>la personne reste propri\u00e9taire de son bien<\/strong>, qu\u2019il peut venir r\u00e9cup\u00e9rer une fois son pr\u00eat rembours\u00e9. <\/p>\n<p>Celui-ci est d\u2019une dur\u00e9e de six mois renouvelables tant que l\u2019on s\u2019acquitte des int\u00e9r\u00eats. 60 % des contrats sont prolong\u00e9s au moins une fois. Et <strong>seuls 6 % des lots sont finalement mis aux ench\u00e8res<\/strong>, via la Maison Pline bas\u00e9e \u00e0 Six-Fours. \u00ab\u00a0Et en cas de bonus, nous le rendons \u00e0 la personne qui a engag\u00e9\u00a0\u00bb ajoute Micha\u00ebl Lili. <\/p>\n<p>Le rachat d\u2019or\u00a0: future diversification\u00a0? <\/p>\n<p>Sur les huit \u00e9tablissements que compte le Cr\u00e9dit municipal de Toulon, quatre proposent le pr\u00eat sur gage : celui du boulevard Clemenceau \u00e0 Toulon, celui de Puget-sur-Argens et deux autres en Corse, \u00e0 Bastia et Ajaccio. <\/p>\n<p>\u00ab\u00a0Le pr\u00eat sur gage repr\u00e9sente 12 % de notre activit\u00e9 mais il est en augmentation. C\u2019est pourquoi c\u2019est un axe de d\u00e9veloppement majeur\u00a0: nous r\u00e9fl\u00e9chissons pour l\u2019\u00e9tendre \u00e0 notre agence de Grand Var\u00a0\u00bb, annonce Eric Toche. L\u2019\u00e9tablissement envisage aussi de se diversifier vers <strong>le rachat d\u2019or.<\/strong> <\/p>\n<p>Du pr\u00eat sur gage \u00e0 l\u2019activit\u00e9 bancaire <\/p>\n<p>C\u2019est justement en se diversifiant qu\u2019il a pu perdurer plus de 200 ans. \u00ab\u00a0Depuis 1984, nous sommes r\u00e9f\u00e9renc\u00e9s au niveau <a href=\"https:\/\/mesinfos.fr\/tag\/banques\" rel=\"noopener nofollow\" target=\"_blank\">bancaire<\/a> et comptons actuellement <strong>7 000 clients<\/strong>. Cela peut para\u00eetre peu par rapport \u00e0 de grands groupes mais le Cr\u00e9dit municipal de Toulon et le cr\u00e9dit municipal de France qui a la plus grosse activit\u00e9 bancaire \u00bb, souligne Eric Toche.<\/p>\n<p>\u00ab\u00a0Nous avons aussi une activit\u00e9 de cr\u00e9dit mais uniquement sur des pr\u00eats relais car notre statut d\u2019\u00e9tablissement public ne nous permet pas d\u2019avoir du refinancement sur le long terme\u00a0\u00bb, pr\u00e9cise le responsable commercial. <\/p>\n<p>Ainsi, les <strong>fonds propres \u00e0 hauteur de 30 millions d\u2019euros<\/strong> sont \u00ab\u00a0stables\u00a0\u00bb affirme le directeur. \u00ab\u00a0Notre vocation n\u2019est pas de faire du profit\u00a0: nous n\u2019avons pas d\u2019actionnaires, pas de dividendes car nous appartenons \u00e0 la mairie\u00a0\u00bb, explique Micha\u00ebl Lili. \u00ab\u00a0Et si nous faisons du profit, il remonte en fonds propres et cela nous permet de faire perdurer cette activit\u00e9 dans le temps.\u00a0\u00bb<\/p>\n","protected":false},"excerpt":{"rendered":"C\u2019\u00e9tait en 1821. Le roi de France, Louis XVIII ordonnait la cr\u00e9ation du Cr\u00e9dit municipal de Toulon. Le&hellip;\n","protected":false},"author":2,"featured_media":415955,"comment_status":"","ping_status":"","sticky":false,"template":"","format":"standard","meta":{"footnotes":""},"categories":[9619],"tags":[1111,11,4282,1777,674,1011,27,12,882,54631,25,2310],"class_list":{"0":"post-415954","1":"post","2":"type-post","3":"status-publish","4":"format-standard","5":"has-post-thumbnail","7":"category-toulon","8":"tag-actu","9":"tag-actualites","10":"tag-banques","11":"tag-eu","12":"tag-europe","13":"tag-fr","14":"tag-france","15":"tag-news","16":"tag-provence-alpes-cote-dazur","17":"tag-pru00eat-sur-gage","18":"tag-republique-francaise","19":"tag-toulon"},"share_on_mastodon":{"url":"https:\/\/pubeurope.com\/@fr\/115263807583588666","error":""},"_links":{"self":[{"href":"https:\/\/www.europesays.com\/fr\/wp-json\/wp\/v2\/posts\/415954","targetHints":{"allow":["GET"]}}],"collection":[{"href":"https:\/\/www.europesays.com\/fr\/wp-json\/wp\/v2\/posts"}],"about":[{"href":"https:\/\/www.europesays.com\/fr\/wp-json\/wp\/v2\/types\/post"}],"author":[{"embeddable":true,"href":"https:\/\/www.europesays.com\/fr\/wp-json\/wp\/v2\/users\/2"}],"replies":[{"embeddable":true,"href":"https:\/\/www.europesays.com\/fr\/wp-json\/wp\/v2\/comments?post=415954"}],"version-history":[{"count":0,"href":"https:\/\/www.europesays.com\/fr\/wp-json\/wp\/v2\/posts\/415954\/revisions"}],"wp:featuredmedia":[{"embeddable":true,"href":"https:\/\/www.europesays.com\/fr\/wp-json\/wp\/v2\/media\/415955"}],"wp:attachment":[{"href":"https:\/\/www.europesays.com\/fr\/wp-json\/wp\/v2\/media?parent=415954"}],"wp:term":[{"taxonomy":"category","embeddable":true,"href":"https:\/\/www.europesays.com\/fr\/wp-json\/wp\/v2\/categories?post=415954"},{"taxonomy":"post_tag","embeddable":true,"href":"https:\/\/www.europesays.com\/fr\/wp-json\/wp\/v2\/tags?post=415954"}],"curies":[{"name":"wp","href":"https:\/\/api.w.org\/{rel}","templated":true}]}}