{"id":415971,"date":"2025-09-25T07:49:13","date_gmt":"2025-09-25T07:49:13","guid":{"rendered":"https:\/\/www.europesays.com\/fr\/415971\/"},"modified":"2025-09-25T07:49:13","modified_gmt":"2025-09-25T07:49:13","slug":"dix-personnes-mises-en-examen","status":"publish","type":"post","link":"https:\/\/www.europesays.com\/fr\/415971\/","title":{"rendered":"dix personnes mises en examen"},"content":{"rendered":"<p>Cinq personnes \u00e9taient interpell\u00e9es sur commission rogatoire d&rsquo;un juge d\u2019instruction de la juridiction interr\u00e9gionale sp\u00e9cialis\u00e9e de Nancy, dans le cadre d\u2019un dossier portant sur un vaste r\u00e9seau d\u2019importation de r\u00e9sine de cannabis en provenance d&rsquo;Espagne, lundi 22 septembre.<br \/>Le 6 septembre, huit personnes, dont un d\u00e9tenu \u00e2g\u00e9 de 25 ans, avaient d\u00e9j\u00e0 \u00e9t\u00e9 interpell\u00e9es. Les interpellations avaient alors permis la saisie de 726 kg de r\u00e9sine de cannabis dans un v\u00e9hicule qui venait de franchir la fronti\u00e8re entre l&rsquo;Espagne et la France.<\/p>\n<p>Les personnes interpell\u00e9es sont suspect\u00e9es d&rsquo;avoir pris part \u00e0 ce vaste r\u00e9seau d&rsquo;importation de produits stup\u00e9fiants, en tant que chauffeurs, logisticiens ou commanditaires.<\/p>\n<p>La direction d\u2019enqu\u00eate \u00e9tait confi\u00e9e \u00e0 l\u2019office anti-stup\u00e9fiants (OFAST) \u00e0 travers son antenne de Strasbourg (DIPN du Bas-Rhin) et la division de la criminalit\u00e9 organis\u00e9e et sp\u00e9cialis\u00e9e (DCOS) de la DIPN de Moselle avec le soutien des services de la Brigade de recherche et d\u2019intervention (BRI) de Metz, Strasbourg, Perpignan et Montpellier, ainsi que le groupe interministeriel de recherche de Metz.<\/p>\n<p>De nombreuses importations depuis l&rsquo;Espagne<\/p>\n<p>Les investigations mettaient en \u00e9vidence de nombreuses importations de r\u00e9sine de cannabis depuis l&rsquo;Espagne \u00e0 destination de la Moselle, mais aussi des Bouches-du-Rh\u00f4ne, de la Gironde, de la Loire Atlantique et de la r\u00e9gion parisienne.<\/p>\n<p>A l&rsquo;issue des gardes \u00e0 vue, neuf hommes et une femme, \u00e2g\u00e9s de 18 \u00e0 32 ans, \u00e9taient pr\u00e9sent\u00e9s au juge d\u2019instruction et mis en examen en particulier des chefs d&rsquo;importation de produits stup\u00e9fiants en bande organis\u00e9e et de participation \u00e0 une association de malfaiteurs en vue de la pr\u00e9paration d&rsquo;un crime. Neuf d&rsquo;entre eux \u00e9taient plac\u00e9s en d\u00e9tention provisoire et un sous contr\u00f4le judiciaire.<\/p>\n","protected":false},"excerpt":{"rendered":"Cinq personnes \u00e9taient interpell\u00e9es sur commission rogatoire d&rsquo;un juge d\u2019instruction de la juridiction interr\u00e9gionale sp\u00e9cialis\u00e9e de Nancy, dans&hellip;\n","protected":false},"author":2,"featured_media":415972,"comment_status":"","ping_status":"","sticky":false,"template":"","format":"standard","meta":{"footnotes":""},"categories":[2820],"tags":[1111,11,2389,271,272,1777,674,274,107,1011,27,775,12,25,640],"class_list":{"0":"post-415971","1":"post","2":"type-post","3":"status-publish","4":"format-standard","5":"has-post-thumbnail","7":"category-strasbourg","8":"tag-actu","9":"tag-actualites","10":"tag-alsace","11":"tag-crime","12":"tag-delit-et-contravention","13":"tag-eu","14":"tag-europe","15":"tag-faits-divers-justice","16":"tag-fil-info","17":"tag-fr","18":"tag-france","19":"tag-grand-est","20":"tag-news","21":"tag-republique-francaise","22":"tag-strasbourg"},"share_on_mastodon":{"url":"https:\/\/pubeurope.com\/@fr\/115263842812436932","error":""},"_links":{"self":[{"href":"https:\/\/www.europesays.com\/fr\/wp-json\/wp\/v2\/posts\/415971","targetHints":{"allow":["GET"]}}],"collection":[{"href":"https:\/\/www.europesays.com\/fr\/wp-json\/wp\/v2\/posts"}],"about":[{"href":"https:\/\/www.europesays.com\/fr\/wp-json\/wp\/v2\/types\/post"}],"author":[{"embeddable":true,"href":"https:\/\/www.europesays.com\/fr\/wp-json\/wp\/v2\/users\/2"}],"replies":[{"embeddable":true,"href":"https:\/\/www.europesays.com\/fr\/wp-json\/wp\/v2\/comments?post=415971"}],"version-history":[{"count":0,"href":"https:\/\/www.europesays.com\/fr\/wp-json\/wp\/v2\/posts\/415971\/revisions"}],"wp:featuredmedia":[{"embeddable":true,"href":"https:\/\/www.europesays.com\/fr\/wp-json\/wp\/v2\/media\/415972"}],"wp:attachment":[{"href":"https:\/\/www.europesays.com\/fr\/wp-json\/wp\/v2\/media?parent=415971"}],"wp:term":[{"taxonomy":"category","embeddable":true,"href":"https:\/\/www.europesays.com\/fr\/wp-json\/wp\/v2\/categories?post=415971"},{"taxonomy":"post_tag","embeddable":true,"href":"https:\/\/www.europesays.com\/fr\/wp-json\/wp\/v2\/tags?post=415971"}],"curies":[{"name":"wp","href":"https:\/\/api.w.org\/{rel}","templated":true}]}}