{"id":416000,"date":"2025-09-25T08:04:12","date_gmt":"2025-09-25T08:04:12","guid":{"rendered":"https:\/\/www.europesays.com\/fr\/416000\/"},"modified":"2025-09-25T08:04:12","modified_gmt":"2025-09-25T08:04:12","slug":"a-lyon-plongez-avec-nous-dans-lunivers-entrepreneurial","status":"publish","type":"post","link":"https:\/\/www.europesays.com\/fr\/416000\/","title":{"rendered":"\u00e0 Lyon, plongez avec nous dans l\u2019univers entrepreneurial"},"content":{"rendered":"<p>Bonjour \u00e0 toute et \u00e0 tous, bienvenue sur notre direct consacr\u00e9 \u00e0 <strong>GO Entrepreneurs<\/strong>, l\u2019\u00e9v\u00e9nement o\u00f9 bat le c\u0153ur de l\u2019entrepreneuriat r\u00e9gional\u00a0! Cette \u00e9dition marque 22 ann\u00e9es d\u2019audace et de transformation, dans un contexte o\u00f9 l\u2019entrepreneuriat \u00e9volue partout\u00a0: villes, zones rurales, caf\u00e9s, et collectifs digitaux. Ici,<strong> plus de 110 partenaires et 250 speakers<\/strong> cr\u00e9ent un concentr\u00e9 d\u2019opportunit\u00e9s, de solutions et de connexions.<\/p>\n<p>Au programme\u00a0: conf\u00e9rences inspirantes, ateliers pratiques, networking sur-mesure, expertises juridiques et fiscales, innovations et parcours d\u00e9di\u00e9s \u00e0 chaque profil d\u2019entrepreneur. Que votre projet soit \u00e0 l\u2019\u00e9tat d\u2019id\u00e9e, pr\u00eat \u00e0 d\u00e9coller ou en recherche d\u2019accompagnement, GO Entrepreneurs vous propose un temps suspendu pour <strong>agir sur votre avenir<\/strong>.<\/p>\n<p class=\"note\">Plus d&rsquo;informations sur\u00a0<a href=\"https:\/\/www.go-entrepreneurs.com\/fr\/lyon\/\" target=\"_blank\" rel=\"noopener\">www.go-entrepreneurs.com<\/a>.<\/p>\n","protected":false},"excerpt":{"rendered":"Bonjour \u00e0 toute et \u00e0 tous, bienvenue sur notre direct consacr\u00e9 \u00e0 GO Entrepreneurs, l\u2019\u00e9v\u00e9nement o\u00f9 bat le&hellip;\n","protected":false},"author":2,"featured_media":416001,"comment_status":"","ping_status":"","sticky":false,"template":"","format":"standard","meta":{"footnotes":""},"categories":[1889],"tags":[1111,11,2430,9810,33,3152,2757,3153,3154,3155,3156,1777,674,107,1011,27,5015,2428,12,25,2429,216],"class_list":{"0":"post-416000","1":"post","2":"type-post","3":"status-publish","4":"format-standard","5":"has-post-thumbnail","7":"category-lyon","8":"tag-actu","9":"tag-actualites","10":"tag-auvergne-rhone-alpes","11":"tag-direct-entreprises","12":"tag-economie","13":"tag-edition-est-lyonnais","14":"tag-edition-lyon-villeurbanne","15":"tag-edition-ouest-lyonnais","16":"tag-edition-sud-lyonnais","17":"tag-edition-tarare","18":"tag-edition-villefranche","19":"tag-eu","20":"tag-europe","21":"tag-fil-info","22":"tag-fr","23":"tag-france","24":"tag-innovation-et-start-up","25":"tag-lyon","26":"tag-news","27":"tag-republique-francaise","28":"tag-rhone","29":"tag-vie-des-entreprises"},"share_on_mastodon":{"url":"https:\/\/pubeurope.com\/@fr\/115263901944657694","error":""},"_links":{"self":[{"href":"https:\/\/www.europesays.com\/fr\/wp-json\/wp\/v2\/posts\/416000","targetHints":{"allow":["GET"]}}],"collection":[{"href":"https:\/\/www.europesays.com\/fr\/wp-json\/wp\/v2\/posts"}],"about":[{"href":"https:\/\/www.europesays.com\/fr\/wp-json\/wp\/v2\/types\/post"}],"author":[{"embeddable":true,"href":"https:\/\/www.europesays.com\/fr\/wp-json\/wp\/v2\/users\/2"}],"replies":[{"embeddable":true,"href":"https:\/\/www.europesays.com\/fr\/wp-json\/wp\/v2\/comments?post=416000"}],"version-history":[{"count":0,"href":"https:\/\/www.europesays.com\/fr\/wp-json\/wp\/v2\/posts\/416000\/revisions"}],"wp:featuredmedia":[{"embeddable":true,"href":"https:\/\/www.europesays.com\/fr\/wp-json\/wp\/v2\/media\/416001"}],"wp:attachment":[{"href":"https:\/\/www.europesays.com\/fr\/wp-json\/wp\/v2\/media?parent=416000"}],"wp:term":[{"taxonomy":"category","embeddable":true,"href":"https:\/\/www.europesays.com\/fr\/wp-json\/wp\/v2\/categories?post=416000"},{"taxonomy":"post_tag","embeddable":true,"href":"https:\/\/www.europesays.com\/fr\/wp-json\/wp\/v2\/tags?post=416000"}],"curies":[{"name":"wp","href":"https:\/\/api.w.org\/{rel}","templated":true}]}}