{"id":416004,"date":"2025-09-25T08:06:13","date_gmt":"2025-09-25T08:06:13","guid":{"rendered":"https:\/\/www.europesays.com\/fr\/416004\/"},"modified":"2025-09-25T08:06:13","modified_gmt":"2025-09-25T08:06:13","slug":"nouvelle-matinee-de-galere-sur-les-routes-dile-de-france-plus-de-430-km-de-bouchons","status":"publish","type":"post","link":"https:\/\/www.europesays.com\/fr\/416004\/","title":{"rendered":"Nouvelle matin\u00e9e de gal\u00e8re sur les routes d\u2019\u00cele-de-France, plus de 430\u00a0km de bouchons"},"content":{"rendered":"<p class=\"paragraph text_align_left lp-f-body-02\">Les jours suivent et se ressemblent sur les routes franciliennes. Comme depuis le d\u00e9but de la semaine, la circulation est particuli\u00e8rement compliqu\u00e9e ce jeudi matin. L\u2019organisme Sytadin, charg\u00e9 de surveiller l\u2019\u00e9tat des routes d\u2019\u00cele-de-France, compte plus de 430\u00a0km de bouchons cumul\u00e9s dans la r\u00e9gion.<\/p>\n<p class=\"paragraph text_align_left lp-f-body-02\">Un niveau consid\u00e9r\u00e9 comme \u00ab\u00a0exceptionnel\u00a0\u00bb par Sytadin, qui a \u00e9t\u00e9 atteint aux alentours de 9\u00a0heures du matin, comme souvent lors des pics de bouchons. <a href=\"https:\/\/www.leparisien.fr\/paris-75\/plus-de-500-km-de-bouchons-en-ile-de-france-matinee-tres-compliquee-sur-les-routes-franciliennes-23-09-2025-U44MDEBFINELPKJC4IAYTMVV4E.php\" target=\"_self\" rel=\"noopener\">Mardi, plus de 500\u00a0km<\/a> avaient \u00e9t\u00e9 relev\u00e9s, <a href=\"https:\/\/www.leparisien.fr\/info-paris-ile-de-france-oise\/transports\/ile-de-france-410-km-de-bouchons-ce-mercredi-matin-situation-encore-tres-perturbee-sur-les-routes-24-09-2025-OXNSAMKQH5AP3FLTEWNA7KN5AI.php\" target=\"_self\" rel=\"noopener\">puis 400 hier<\/a>. Ce jeudi, les gal\u00e8res semblent continuer pour les automobilistes d\u2019\u00cele-de-France.<\/p>\n<p>Un accident au niveau de Fresnes<\/p>\n<p class=\"paragraph text_align_left lp-f-body-02\">Ces centaines de kilom\u00e8tres de bouchons cumul\u00e9s peuvent s\u2019expliquer par plusieurs accidents relev\u00e9s sur les routes franciliennes. Le plus important a eu lieu sur l\u2019A6B en direction de Paris \u00e0 hauteur de Fresnes <a href=\"https:\/\/www.leparisien.fr\/val-de-marne-94\/\" target=\"_self\" rel=\"noopener\">(Val-de-Marne)<\/a>. D\u2019apr\u00e8s Sytadin, trois v\u00e9hicules ont \u00e9t\u00e9 impliqu\u00e9s, n\u00e9cessitant la fermeture de la voie centrale sur un axe qui en compte trois.<\/p>\n<p class=\"paragraph text_align_left lp-f-body-02\">Ainsi, le temps de trajet entre Ris-Orangis et Fresnes a \u00e9t\u00e9 doubl\u00e9, passant de 30 \u00e0 55 minutes, mais les principales difficult\u00e9s ont lieu entre Janvry <a href=\"https:\/\/www.leparisien.fr\/essonne-91\/\" target=\"_self\" rel=\"noopener\">(Essonne)<\/a> et Fresnes, o\u00f9 le temps de parcours est actuellement de 1h15 minutes contre 29 minutes en temps normal.<\/p>\n<p class=\"paragraph text_align_left lp-f-body-02\">Ailleurs dans la r\u00e9gion, un v\u00e9hicule a \u00e9t\u00e9 signal\u00e9 en panne sur la N\u00a012 entre Neauphle-le-Vieux <a href=\"https:\/\/www.leparisien.fr\/yvelines-78\/\" target=\"_self\" rel=\"noopener\">(Yvelines)<\/a> et vers Jouars-Pontchartrain. Sur trois voies, celle de droite a \u00e9t\u00e9 ferm\u00e9e ainsi que la bande d\u2019arr\u00eat d\u2019urgence.<\/p>\n","protected":false},"excerpt":{"rendered":"Les jours suivent et se ressemblent sur les routes franciliennes. Comme depuis le d\u00e9but de la semaine, la&hellip;\n","protected":false},"author":2,"featured_media":416005,"comment_status":"","ping_status":"","sticky":false,"template":"","format":"standard","meta":{"footnotes":""},"categories":[1592],"tags":[1111,11,1777,674,1011,27,662,1944,12,626,25,2382],"class_list":{"0":"post-416004","1":"post","2":"type-post","3":"status-publish","4":"format-standard","5":"has-post-thumbnail","7":"category-ile-de-france","8":"tag-actu","9":"tag-actualites","10":"tag-eu","11":"tag-europe","12":"tag-fr","13":"tag-france","14":"tag-ile-de-france","15":"tag-ma-ville","16":"tag-news","17":"tag-paris","18":"tag-republique-francaise","19":"tag-transport-idf-oise"},"share_on_mastodon":{"url":"https:\/\/pubeurope.com\/@fr\/115263909685182108","error":""},"_links":{"self":[{"href":"https:\/\/www.europesays.com\/fr\/wp-json\/wp\/v2\/posts\/416004","targetHints":{"allow":["GET"]}}],"collection":[{"href":"https:\/\/www.europesays.com\/fr\/wp-json\/wp\/v2\/posts"}],"about":[{"href":"https:\/\/www.europesays.com\/fr\/wp-json\/wp\/v2\/types\/post"}],"author":[{"embeddable":true,"href":"https:\/\/www.europesays.com\/fr\/wp-json\/wp\/v2\/users\/2"}],"replies":[{"embeddable":true,"href":"https:\/\/www.europesays.com\/fr\/wp-json\/wp\/v2\/comments?post=416004"}],"version-history":[{"count":0,"href":"https:\/\/www.europesays.com\/fr\/wp-json\/wp\/v2\/posts\/416004\/revisions"}],"wp:featuredmedia":[{"embeddable":true,"href":"https:\/\/www.europesays.com\/fr\/wp-json\/wp\/v2\/media\/416005"}],"wp:attachment":[{"href":"https:\/\/www.europesays.com\/fr\/wp-json\/wp\/v2\/media?parent=416004"}],"wp:term":[{"taxonomy":"category","embeddable":true,"href":"https:\/\/www.europesays.com\/fr\/wp-json\/wp\/v2\/categories?post=416004"},{"taxonomy":"post_tag","embeddable":true,"href":"https:\/\/www.europesays.com\/fr\/wp-json\/wp\/v2\/tags?post=416004"}],"curies":[{"name":"wp","href":"https:\/\/api.w.org\/{rel}","templated":true}]}}