{"id":416012,"date":"2025-09-25T08:10:16","date_gmt":"2025-09-25T08:10:16","guid":{"rendered":"https:\/\/www.europesays.com\/fr\/416012\/"},"modified":"2025-09-25T08:10:16","modified_gmt":"2025-09-25T08:10:16","slug":"en-direct-proces-du-financement-libyen-nicolas-sarkozy-est-arrive-au-tribunal-de-paris-laudience-est-ouverte-liberation","status":"publish","type":"post","link":"https:\/\/www.europesays.com\/fr\/416012\/","title":{"rendered":"EN DIRECT &#8211; Proc\u00e8s du \u00abfinancement libyen\u00bb\u00a0: Nicolas Sarkozy est arriv\u00e9 au tribunal de Paris, l\u2019audience est ouverte \u2013 Lib\u00e9ration"},"content":{"rendered":"<p class=\"sc-cPiKLX AiZTS text-element\">A Neuilly, au Caf\u00e9 de la place, non loin de la mairie qui servit jadis de tremplin politique \u00e0 Nicolas Sarkozy, on boit son caf\u00e9 au comptoir et on a tourn\u00e9 la page depuis longtemps. La d\u00e9cision attendue dans l\u2019affaire du financement libyen ? \u00abJe n\u2019en ai rien \u00e0 faire, tonne Pierre, 64 ans, Neuill\u00e9en depuis quinze ans. Sarko est un gars tr\u00e8s intelligent, mais c\u2019est un tra\u00eetre. J\u2019ai vot\u00e9 pour lui en 2007 et il nous a trahis. Le r\u00e9f\u00e9rendum europ\u00e9en de 2005, le non \u00e0 54 %, il l\u2019a fait passer quand m\u00eame. Scandaleux sur le fond et sur la forme. Vous savez quoi ? C\u2019est une pute. Vous savez ce que c\u2019est, une pute, c\u2019est quelqu\u2019un qui se vend. Voil\u00e0.\u00bb Cet ancien chef d\u2019entreprise \u00e0 la retraite, qui fourre tous les politiques dans le m\u00eame sac de corruption et fait, par charit\u00e9 chr\u00e9tienne, des maraudes le soir dans les gares parisiennes, vote blanc. <\/p>\n","protected":false},"excerpt":{"rendered":"A Neuilly, au Caf\u00e9 de la place, non loin de la mairie qui servit jadis de tremplin politique&hellip;\n","protected":false},"author":2,"featured_media":416013,"comment_status":"","ping_status":"","sticky":false,"template":"","format":"standard","meta":{"footnotes":""},"categories":[1888],"tags":[11,8165,8166,54630,1777,674,1011,27,4367,54484,12,3091,626,25],"class_list":{"0":"post-416012","1":"post","2":"type-post","3":"status-publish","4":"format-standard","5":"has-post-thumbnail","7":"category-paris","8":"tag-actualites","9":"tag-brice-hortefeux","10":"tag-claude-gueant","11":"tag-eric-woerth","12":"tag-eu","13":"tag-europe","14":"tag-fr","15":"tag-france","16":"tag-libye","17":"tag-mouammar-al-kadhafi","18":"tag-news","19":"tag-nicolas-sarkozy","20":"tag-paris","21":"tag-republique-francaise"},"share_on_mastodon":{"url":"https:\/\/pubeurope.com\/@fr\/115263925430492151","error":""},"_links":{"self":[{"href":"https:\/\/www.europesays.com\/fr\/wp-json\/wp\/v2\/posts\/416012","targetHints":{"allow":["GET"]}}],"collection":[{"href":"https:\/\/www.europesays.com\/fr\/wp-json\/wp\/v2\/posts"}],"about":[{"href":"https:\/\/www.europesays.com\/fr\/wp-json\/wp\/v2\/types\/post"}],"author":[{"embeddable":true,"href":"https:\/\/www.europesays.com\/fr\/wp-json\/wp\/v2\/users\/2"}],"replies":[{"embeddable":true,"href":"https:\/\/www.europesays.com\/fr\/wp-json\/wp\/v2\/comments?post=416012"}],"version-history":[{"count":0,"href":"https:\/\/www.europesays.com\/fr\/wp-json\/wp\/v2\/posts\/416012\/revisions"}],"wp:featuredmedia":[{"embeddable":true,"href":"https:\/\/www.europesays.com\/fr\/wp-json\/wp\/v2\/media\/416013"}],"wp:attachment":[{"href":"https:\/\/www.europesays.com\/fr\/wp-json\/wp\/v2\/media?parent=416012"}],"wp:term":[{"taxonomy":"category","embeddable":true,"href":"https:\/\/www.europesays.com\/fr\/wp-json\/wp\/v2\/categories?post=416012"},{"taxonomy":"post_tag","embeddable":true,"href":"https:\/\/www.europesays.com\/fr\/wp-json\/wp\/v2\/tags?post=416012"}],"curies":[{"name":"wp","href":"https:\/\/api.w.org\/{rel}","templated":true}]}}