{"id":41603,"date":"2025-04-21T13:34:11","date_gmt":"2025-04-21T13:34:11","guid":{"rendered":"https:\/\/www.europesays.com\/fr\/41603\/"},"modified":"2025-04-21T13:34:11","modified_gmt":"2025-04-21T13:34:11","slug":"a-notre-dame-de-paris-les-fideles-saluent-un-homme-humaniste-proche-des-peuples","status":"publish","type":"post","link":"https:\/\/www.europesays.com\/fr\/41603\/","title":{"rendered":"A Notre-Dame de Paris, les fid\u00e8les saluent un \u00ab homme humaniste proche des peuples \u00bb"},"content":{"rendered":"<p><strong>t\u00e9moignages &#8211; R\u00e9unis sur le parvis de Notre-Dame pour une simple messe ou pour visiter, des touristes et fid\u00e8les ont \u00e9t\u00e9 surpris par l\u2019annonce de la mort du pape Fran\u00e7ois, dont ils saluent la m\u00e9moire<\/strong><\/p>\n<p>Ils \u00e9taient venus \u00ab pour la messe tout court \u00bb. Ils se retrouvent finalement \u00e0 <a href=\"https:\/\/www.20minutes.fr\/dossier\/dame-paris?at_medium=RSS+feed&amp;at_campaign=ynews&amp;utm_source=yahoo&amp;utm_medium=rss&amp;utm_campaign=news_feed&amp;utm_content=in_article_link\" rel=\"nofollow noopener\" target=\"_blank\" data-ylk=\"slk:Notre-Dame de Paris;elm:context_link;itc:0;sec:content-canvas\" class=\"link \">Notre-Dame de Paris<\/a> pour un moment historique : la mort du <a href=\"https:\/\/www.20minutes.fr\/monde\/pape_francois\/?at_medium=RSS+feed&amp;at_campaign=ynews&amp;utm_source=yahoo&amp;utm_medium=rss&amp;utm_campaign=news_feed&amp;utm_content=in_article_link\" rel=\"nofollow noopener\" target=\"_blank\" data-ylk=\"slk:pape Fran\u00e7ois;elm:context_link;itc:0;sec:content-canvas\" class=\"link \">pape Fran\u00e7ois<\/a>, annonc\u00e9e ce lundi par le <a href=\"https:\/\/www.20minutes.fr\/dossier\/vatican?at_medium=RSS+feed&amp;at_campaign=ynews&amp;utm_source=yahoo&amp;utm_medium=rss&amp;utm_campaign=news_feed&amp;utm_content=in_article_link\" rel=\"nofollow noopener\" target=\"_blank\" data-ylk=\"slk:Vatican;elm:context_link;itc:0;sec:content-canvas\" class=\"link \">Vatican<\/a>. Pour Thibault, fid\u00e8le interrog\u00e9 par 20 Minutes TV sur le parvis de la cath\u00e9drale de Paris, \u00ab c\u2019est un pape qui restera, qui \u00e9tait extraordinaire, qui a montr\u00e9 plein de choses nouvelles de l\u2019<a href=\"https:\/\/www.20minutes.fr\/dossier\/eglise?at_medium=RSS+feed&amp;at_campaign=ynews&amp;utm_source=yahoo&amp;utm_medium=rss&amp;utm_campaign=news_feed&amp;utm_content=in_article_link\" rel=\"nofollow noopener\" target=\"_blank\" data-ylk=\"slk:Eglise;elm:context_link;itc:0;sec:content-canvas\" class=\"link \">Eglise<\/a>, qui existaient, mais qu\u2019on ne voyait pas \u00bb.<\/p>\n<p>Alain, un autre fid\u00e8le, salue la m\u00e9moire d\u2019un \u00ab homme humaniste proche des peuples, proche des gens \u00bb et \u00ab on a beaucoup besoin de ces messages \u00bb. \u00ab C\u2019est bien qu\u2019un pape parte au moment de <a href=\"https:\/\/www.20minutes.fr\/dossier\/paques?at_medium=RSS+feed&amp;at_campaign=ynews&amp;utm_source=yahoo&amp;utm_medium=rss&amp;utm_campaign=news_feed&amp;utm_content=in_article_link\" rel=\"nofollow noopener\" target=\"_blank\" data-ylk=\"slk:P\u00e2ques;elm:context_link;itc:0;sec:content-canvas\" class=\"link \">P\u00e2ques<\/a>, c\u2019est une belle c\u00e9l\u00e9bration, c\u2019est la r\u00e9surrection du Christ \u00bb, souligne pour sa part Sylvie, venue visiter le monument historique en ce jour f\u00e9ri\u00e9.<\/p>\n<p><a href=\"https:\/\/www.20minutes.fr\/monde\/pape_francois\/\" rel=\"nofollow noopener\" target=\"_blank\" data-ylk=\"slk:Notre dossier sur le pape Fran\u00e7ois;elm:context_link;itc:0;sec:content-canvas\" class=\"link \">Notre dossier sur le pape Fran\u00e7ois<\/a><\/p>\n<p>Pour <a href=\"https:\/\/www.20minutes.fr\/monde\/4149640-20250421-mort-pape-francois-va-passer-prochains-jours?at_medium=RSS+feed&amp;at_campaign=ynews&amp;utm_source=yahoo&amp;utm_medium=rss&amp;utm_campaign=news_feed&amp;utm_content=in_article_link\" rel=\"nofollow noopener\" target=\"_blank\" data-ylk=\"slk:la suite;elm:context_link;itc:0;sec:content-canvas\" class=\"link \">la suite<\/a>, \u00ab j\u2019esp\u00e8re que l\u2019Esprit guide l\u2019Eglise pour choisir le prochain \u00bb, souhaite Thibault. Un pape \u00ab ferme dans sa d\u00e9fense de la chr\u00e9tient\u00e9 et des chr\u00e9tiens d\u2019Orient \u00bb, r\u00e9clame Sylvie. Brigitte, elle, imagine un \u00ab pape africain \u00bb, \u00ab un pape asiatique \u00bb ou \u00ab un pape europ\u00e9en \u00bb, \u00ab \u00e7a serait tr\u00e8s bien \u00bb.<\/p>\n<p><a href=\"https:\/\/www.20minutes.fr\/societe\/paques\/4149652-20250421-mort-pape-francois-dame-paris-fideles-saluent-homme-humaniste-proche-peuples?at_medium=RSS+feed&amp;at_campaign=ynews&amp;utm_source=yahoo&amp;utm_medium=rss&amp;utm_campaign=news_feed&amp;utm_content=read_more_link\" rel=\"nofollow noopener\" target=\"_blank\" data-ylk=\"slk:Lire la suite sur 20minutes;elm:context_link;itc:0;sec:content-canvas\" class=\"link \">Lire la suite sur 20minutes<\/a><\/p>\n<p>\u00c0 lire aussi :<br \/><a href=\"https:\/\/www.20minutes.fr\/monde\/4149647-20250421-mort-pape-francois-azheimer-spirituel-femmes-faut-toujours-plus-petites-phrases-chocs?at_medium=RSS+feed&amp;at_campaign=ynews&amp;utm_source=yahoo&amp;utm_medium=rss&amp;utm_campaign=news_feed&amp;utm_content=related_content_link\" rel=\"nofollow noopener\" target=\"_blank\" data-ylk=\"slk:Mort du pape Fran\u00e7ois : \u00ab Azheimer spirituel \u00bb, \u00ab Les femmes, il en faut toujours plus \u00bb\u2026 Ses petites phrases chocs;elm:context_link;itc:0;sec:content-canvas\" class=\"link \">Mort du pape Fran\u00e7ois : \u00ab Azheimer spirituel \u00bb, \u00ab Les femmes, il en faut toujours plus \u00bb\u2026 Ses petites phrases chocs<\/a><br \/><a href=\"https:\/\/www.20minutes.fr\/societe\/4149642-20250421-mort-pape-francois-kevin-farrell-prendra-renes-vatican-jusqu-election-nouveau-pontife?at_medium=RSS+feed&amp;at_campaign=ynews&amp;utm_source=yahoo&amp;utm_medium=rss&amp;utm_campaign=news_feed&amp;utm_content=related_content_link\" rel=\"nofollow noopener\" target=\"_blank\" data-ylk=\"slk:Mort du pape Fran\u00e7ois : Qui est Kevin Farrell qui prendra les r\u00eanes du Vatican jusqu\u2019\u00e0 l\u2019\u00e9lection d\u2019un nouveau pontife ?;elm:context_link;itc:0;sec:content-canvas\" class=\"link \">Mort du pape Fran\u00e7ois : Qui est Kevin Farrell qui prendra les r\u00eanes du Vatican jusqu\u2019\u00e0 l\u2019\u00e9lection d\u2019un nouveau pontife ?<\/a><\/p>\n","protected":false},"excerpt":{"rendered":"t\u00e9moignages &#8211; R\u00e9unis sur le parvis de Notre-Dame pour une simple messe ou pour visiter, des touristes et&hellip;\n","protected":false},"author":2,"featured_media":41604,"comment_status":"","ping_status":"","sticky":false,"template":"","format":"standard","meta":{"footnotes":""},"categories":[1888],"tags":[11,1777,674,1011,27,12,1049,4692,626,12678,25,12679],"class_list":{"0":"post-41603","1":"post","2":"type-post","3":"status-publish","4":"format-standard","5":"has-post-thumbnail","7":"category-paris","8":"tag-actualites","9":"tag-eu","10":"tag-europe","11":"tag-fr","12":"tag-france","13":"tag-news","14":"tag-notre-dame","15":"tag-pape-francois","16":"tag-paris","17":"tag-pour-thibault","18":"tag-republique-francaise","19":"tag-resurrection-du-christ"},"share_on_mastodon":{"url":"https:\/\/pubeurope.com\/@fr\/114376216693325403","error":""},"_links":{"self":[{"href":"https:\/\/www.europesays.com\/fr\/wp-json\/wp\/v2\/posts\/41603","targetHints":{"allow":["GET"]}}],"collection":[{"href":"https:\/\/www.europesays.com\/fr\/wp-json\/wp\/v2\/posts"}],"about":[{"href":"https:\/\/www.europesays.com\/fr\/wp-json\/wp\/v2\/types\/post"}],"author":[{"embeddable":true,"href":"https:\/\/www.europesays.com\/fr\/wp-json\/wp\/v2\/users\/2"}],"replies":[{"embeddable":true,"href":"https:\/\/www.europesays.com\/fr\/wp-json\/wp\/v2\/comments?post=41603"}],"version-history":[{"count":0,"href":"https:\/\/www.europesays.com\/fr\/wp-json\/wp\/v2\/posts\/41603\/revisions"}],"wp:featuredmedia":[{"embeddable":true,"href":"https:\/\/www.europesays.com\/fr\/wp-json\/wp\/v2\/media\/41604"}],"wp:attachment":[{"href":"https:\/\/www.europesays.com\/fr\/wp-json\/wp\/v2\/media?parent=41603"}],"wp:term":[{"taxonomy":"category","embeddable":true,"href":"https:\/\/www.europesays.com\/fr\/wp-json\/wp\/v2\/categories?post=41603"},{"taxonomy":"post_tag","embeddable":true,"href":"https:\/\/www.europesays.com\/fr\/wp-json\/wp\/v2\/tags?post=41603"}],"curies":[{"name":"wp","href":"https:\/\/api.w.org\/{rel}","templated":true}]}}