{"id":416042,"date":"2025-09-25T08:30:17","date_gmt":"2025-09-25T08:30:17","guid":{"rendered":"https:\/\/www.europesays.com\/fr\/416042\/"},"modified":"2025-09-25T08:30:17","modified_gmt":"2025-09-25T08:30:17","slug":"rihanna-annonce-la-naissance-de-son-troisieme-enfant-sa-premiere-fille","status":"publish","type":"post","link":"https:\/\/www.europesays.com\/fr\/416042\/","title":{"rendered":"Rihanna annonce la naissance de son troisi\u00e8me enfant, sa premi\u00e8re fille"},"content":{"rendered":"<p><a href=\"https:\/\/www.vanityfair.fr\/dossier\/rihanna\" isautogenerated=\"true\" target=\"_blank\" rel=\"noopener\"><strong>Rihanna<\/strong><\/a> et <strong>A$AP Rocky<\/strong> ont confirm\u00e9 la naissance de leur troisi\u00e8me enfant, <strong>Rocki Irish Mayers<\/strong>. Plus t\u00f4t dans la soir\u00e9e (mercredi 24 septembre), la m\u00e9ga star mondiale s&rsquo;est saisie de son compte <a href=\"https:\/\/www.vanityfair.fr\/dossier\/instagram\" isautogenerated=\"true\" target=\"_blank\" rel=\"noopener\">Instagram<\/a> pour confirmer l&rsquo;heureuse nouvelle, en postant une photo d&rsquo;elle tenant son b\u00e9b\u00e9 Rocki, un pr\u00e9nom en hommage au pseudo du papa (de son vrai nom <strong>Rakim Athelaston Mayers<\/strong>) et de minuscules ballerines roses. Dans sa l\u00e9gende, Rihanna a confirm\u00e9 qu&rsquo;elle avait accouch\u00e9 le samedi 13 septembre. Il s&rsquo;agit de la premi\u00e8re fille du couple, apr\u00e8s <strong>RZA<\/strong> et <strong>Riot<\/strong>.<\/p>\n<p>Sans surprise, la section des commentaires est d\u00e9j\u00e0 inond\u00e9e de souhaits, entre fans ravis pour leur idole et c\u00e9l\u00e9brit\u00e9s pr\u00e9sentant leurs f\u00e9licitations.<\/p>\n<p>Dia Dipasupil\/Getty Images<\/p>\n<p>Rihanna et A$AP Rocky ont confirm\u00e9 qu&rsquo;ils attendaient leur troisi\u00e8me enfant en mai de cette ann\u00e9e, lorsque RiRi s&rsquo;est promen\u00e9e dans <a href=\"https:\/\/www.vanityfair.fr\/dossier\/new-york\" isautogenerated=\"true\" target=\"_blank\" rel=\"noopener\">New York<\/a> en montrant son baby bump. Le rappeur a ensuite \u00e9voqu\u00e9 la nouvelle lors du <a href=\"https:\/\/www.vanityfair.fr\/dossier\/met-gala\" isautogenerated=\"true\" target=\"_blank\" rel=\"noopener\">Met Gala<\/a>, d\u00e9clarant aux journalistes : \u00ab\u00a0C&rsquo;est incroyable, vous savez. Il est temps de montrer aux gens ce que nous avons pr\u00e9par\u00e9. Et je suis content que tout le monde soit heureux pour nous, parce que nous sommes vraiment heureux, vous savez. \u00bb<\/p>\n<p>Le couple a d\u00e9j\u00e0 deux fils : RZA, n\u00e9 en 2022, et Riot, n\u00e9 en 2023. Dans une interview accord\u00e9e \u00e0 <a href=\"https:\/\/www.vogue.com\/article\/rihanna-cover-may-2022\" target=\"_blank\" rel=\"noopener\">Vogue<\/a> en avril 2022, Rihanna a \u00e9voqu\u00e9 la possibilit\u00e9 d&rsquo;avoir un troisi\u00e8me enfant, d\u00e9clarant : \u00ab\u00a0J&rsquo;ai toujours pens\u00e9 que ce serait d&rsquo;abord le <a href=\"https:\/\/www.vanityfair.fr\/dossier\/mariage\" isautogenerated=\"true\" target=\"_blank\" rel=\"noopener\">mariage<\/a>, puis un b\u00e9b\u00e9, mais qui peut bien dire que c&rsquo;est comme \u00e7a que \u00e7a doit se passer. Je ne vais certainement pas laisser cela m&#8217;emp\u00eacher d&rsquo;\u00eatre m\u00e8re. \u00bb<\/p>\n<blockquote class=\"BlockquoteEmbedWrapper-sc-MKszq cjvgwV blockquote-embed\" data-testid=\"blockquote-wrapper\">\n<p>Initialement publi\u00e9 par <a href=\"https:\/\/www.glamourmagazine.co.uk\/article\/rihanna-asap-rocky-welcome-third-child-name\" target=\"_blank\" rel=\"noopener\">Glamour<\/a><\/p>\n<\/blockquote>\n","protected":false},"excerpt":{"rendered":"Rihanna et A$AP Rocky ont confirm\u00e9 la naissance de leur troisi\u00e8me enfant, Rocki Irish Mayers. Plus t\u00f4t dans&hellip;\n","protected":false},"author":2,"featured_media":416043,"comment_status":"","ping_status":"","sticky":false,"template":"","format":"standard","meta":{"footnotes":""},"categories":[1359],"tags":[58,59,1011,27,973,5418],"class_list":{"0":"post-416042","1":"post","2":"type-post","3":"status-publish","4":"format-standard","5":"has-post-thumbnail","7":"category-people","8":"tag-divertissement","9":"tag-entertainment","10":"tag-fr","11":"tag-france","12":"tag-people","13":"tag-rihanna"},"share_on_mastodon":{"url":"https:\/\/pubeurope.com\/@fr\/115264004020892511","error":""},"_links":{"self":[{"href":"https:\/\/www.europesays.com\/fr\/wp-json\/wp\/v2\/posts\/416042","targetHints":{"allow":["GET"]}}],"collection":[{"href":"https:\/\/www.europesays.com\/fr\/wp-json\/wp\/v2\/posts"}],"about":[{"href":"https:\/\/www.europesays.com\/fr\/wp-json\/wp\/v2\/types\/post"}],"author":[{"embeddable":true,"href":"https:\/\/www.europesays.com\/fr\/wp-json\/wp\/v2\/users\/2"}],"replies":[{"embeddable":true,"href":"https:\/\/www.europesays.com\/fr\/wp-json\/wp\/v2\/comments?post=416042"}],"version-history":[{"count":0,"href":"https:\/\/www.europesays.com\/fr\/wp-json\/wp\/v2\/posts\/416042\/revisions"}],"wp:featuredmedia":[{"embeddable":true,"href":"https:\/\/www.europesays.com\/fr\/wp-json\/wp\/v2\/media\/416043"}],"wp:attachment":[{"href":"https:\/\/www.europesays.com\/fr\/wp-json\/wp\/v2\/media?parent=416042"}],"wp:term":[{"taxonomy":"category","embeddable":true,"href":"https:\/\/www.europesays.com\/fr\/wp-json\/wp\/v2\/categories?post=416042"},{"taxonomy":"post_tag","embeddable":true,"href":"https:\/\/www.europesays.com\/fr\/wp-json\/wp\/v2\/tags?post=416042"}],"curies":[{"name":"wp","href":"https:\/\/api.w.org\/{rel}","templated":true}]}}