{"id":416046,"date":"2025-09-25T08:32:11","date_gmt":"2025-09-25T08:32:11","guid":{"rendered":"https:\/\/www.europesays.com\/fr\/416046\/"},"modified":"2025-09-25T08:32:11","modified_gmt":"2025-09-25T08:32:11","slug":"prix-interallie-decouvrez-la-premiere-liste","status":"publish","type":"post","link":"https:\/\/www.europesays.com\/fr\/416046\/","title":{"rendered":"Prix Interalli\u00e9: d\u00e9couvrez la premi\u00e8re liste"},"content":{"rendered":"<p>Le jury s\u2019est r\u00e9uni pour \u00e9tablir sa premi\u00e8re s\u00e9lection. Douze auteurs ont \u00e9t\u00e9 retenus.<\/p>\n<p class=\"fig-paragraph\">Douze auteurs sont en lice pour l\u2019Interalli\u00e9. Dans cette s\u00e9lection, on retrouve nombre d\u2019\u00e9crivains attendus et pr\u00e9sents sur les autres grandes listes du printemps, et plus particuli\u00e8rement six journalistes, comme c\u2019est la tradition du prix litt\u00e9raire.<\/p>\n<p class=\"fig-paragraph\">Ainsi, sont d\u00e9j\u00e0 en lice Christian Authier, Anne Berest, Sylvie Le Bihan, Justine L\u00e9vy, Fabrice Pliskin et Louis-Henri de La Rochefoucauld dans la cat\u00e9gorie roman pour le prix Renaudot, Maria Pourchet est pour sa part en course pour le Goncourt. Relevons enfin les noms de Nathan Devers et de C\u00e9cile Guilbert qui figurent dans la premi\u00e8re liste du Flore.<\/p>\n<p>                                    <a class=\"fig-a11y-skip a11y-hidden\" href=\"#fig-a11y-skip-main-inarticle\"><br \/>\n        Passer la publicit\u00e9<br \/>\n    <\/a><\/p>\n<p class=\"fig-paragraph\">Christian Authier,\u00a0Comme un p\u00e8re\u00a0(Le Rocher)<\/p>\n<p class=\"fig-paragraph\">Fabrice Pliskin, Le fou de Bourdieu\u00a0(Le Cherche-Midi))<\/p>\n<p class=\"fig-paragraph\">Nathan Devers, Surchauffe (Albin Michel)<\/p>\n<p class=\"fig-paragraph\">Louis-Henri de La Rochefoucauld, L\u2019amour moderne (Robert Laffont)<\/p>\n<p class=\"fig-paragraph\">Anne Berest, Finist\u00e8re\u00a0(Albin Michel)<\/p>\n<p>                                    <a class=\"fig-a11y-skip a11y-hidden\" href=\"#fig-a11y-skip-main-inarticle_mtf\"><br \/>\n        Passer la publicit\u00e9<br \/>\n    <\/a><\/p>\n<p class=\"fig-paragraph\">Justine L\u00e9vy, Une dr\u00f4le de peine\u00a0(Stock)<\/p>\n<p class=\"fig-paragraph\">Sylvie Le Bihan, L\u2019ami Louis\u00a0(Deno\u00ebl)<\/p>\n<p class=\"fig-paragraph\">C\u00e9cile Guilbert, Feux sacr\u00e9s (Grasset)<\/p>\n<p class=\"fig-paragraph\">Vanessa Schneider, La Peau dure\u00a0(Flammarion)<\/p>\n<p class=\"fig-paragraph\">Agn\u00e8s Gruda, \u00c7a finit quand, toujours\u00a0? (\u00c9quateurs)<\/p>\n<p>                                    <a class=\"fig-a11y-skip a11y-hidden\" href=\"#fig-a11y-skip-main-inarticle_btf\"><br \/>\n        Passer la publicit\u00e9<br \/>\n    <\/a><\/p>\n<p class=\"fig-paragraph\">Maria Pourchet, Tressaillir (Stock)<\/p>\n<p class=\"fig-paragraph\">Alfred de Montesquiou, Le cr\u00e9puscule des hommes\u00a0(Robert Laffont).<\/p>\n","protected":false},"excerpt":{"rendered":"Le jury s\u2019est r\u00e9uni pour \u00e9tablir sa premi\u00e8re s\u00e9lection. Douze auteurs ont \u00e9t\u00e9 retenus. Douze auteurs sont en&hellip;\n","protected":false},"author":2,"featured_media":416047,"comment_status":"","ping_status":"","sticky":false,"template":"","format":"standard","meta":{"footnotes":""},"categories":[1357],"tags":[1379,58,59,1011,27,1380,40304],"class_list":{"0":"post-416046","1":"post","2":"type-post","3":"status-publish","4":"format-standard","5":"has-post-thumbnail","7":"category-livres","8":"tag-books","9":"tag-divertissement","10":"tag-entertainment","11":"tag-fr","12":"tag-france","13":"tag-livres","14":"tag-prix-litteraire"},"share_on_mastodon":{"url":"https:\/\/pubeurope.com\/@fr\/115264011889715445","error":""},"_links":{"self":[{"href":"https:\/\/www.europesays.com\/fr\/wp-json\/wp\/v2\/posts\/416046","targetHints":{"allow":["GET"]}}],"collection":[{"href":"https:\/\/www.europesays.com\/fr\/wp-json\/wp\/v2\/posts"}],"about":[{"href":"https:\/\/www.europesays.com\/fr\/wp-json\/wp\/v2\/types\/post"}],"author":[{"embeddable":true,"href":"https:\/\/www.europesays.com\/fr\/wp-json\/wp\/v2\/users\/2"}],"replies":[{"embeddable":true,"href":"https:\/\/www.europesays.com\/fr\/wp-json\/wp\/v2\/comments?post=416046"}],"version-history":[{"count":0,"href":"https:\/\/www.europesays.com\/fr\/wp-json\/wp\/v2\/posts\/416046\/revisions"}],"wp:featuredmedia":[{"embeddable":true,"href":"https:\/\/www.europesays.com\/fr\/wp-json\/wp\/v2\/media\/416047"}],"wp:attachment":[{"href":"https:\/\/www.europesays.com\/fr\/wp-json\/wp\/v2\/media?parent=416046"}],"wp:term":[{"taxonomy":"category","embeddable":true,"href":"https:\/\/www.europesays.com\/fr\/wp-json\/wp\/v2\/categories?post=416046"},{"taxonomy":"post_tag","embeddable":true,"href":"https:\/\/www.europesays.com\/fr\/wp-json\/wp\/v2\/tags?post=416046"}],"curies":[{"name":"wp","href":"https:\/\/api.w.org\/{rel}","templated":true}]}}