{"id":416082,"date":"2025-09-25T08:52:10","date_gmt":"2025-09-25T08:52:10","guid":{"rendered":"https:\/\/www.europesays.com\/fr\/416082\/"},"modified":"2025-09-25T08:52:10","modified_gmt":"2025-09-25T08:52:10","slug":"encore-un-homme-poignarde-dans-le-quartier-de-la-mosson-il-est-dans-un-etat-grave","status":"publish","type":"post","link":"https:\/\/www.europesays.com\/fr\/416082\/","title":{"rendered":"encore un homme poignard\u00e9 dans le quartier de la Mosson, il est dans un \u00e9tat grave"},"content":{"rendered":"<p>            Par<br \/>\n        <strong><br \/>\n            <a href=\"https:\/\/actu.fr\/auteur\/jm-aubert\" title=\"Consulter tous les articles de Jean-Marc Aubert\" rel=\"nofollow noopener\" target=\"_blank\">Jean-Marc Aubert<\/a><br \/>\n        <\/strong><\/p>\n<p>        Publi\u00e9 le<\/p>\n<p>            25 sept. 2025 \u00e0 10h31        <\/p>\n<p>Un homme a \u00e9t\u00e9 <strong>gri\u00e8vement bless\u00e9 \u00e0 coups de couteau<\/strong>, ce mardi, sur l\u2019avenue d\u2019Heidelberg, dans le quartier de la Mosson, \u00e0 <strong>Montpellier<\/strong>, quelques jours apr\u00e8s une agression identique, probablement sur fond de r\u00e8glement de compte dans le milieu des stup\u00e9fiants.<\/p>\n<p class=\" wall-content\">Ce mardi 23 septembre 2025, en plein jour, des t\u00e9moins ont donn\u00e9 l\u2019alerte apr\u00e8s avoir d\u00e9couvert un homme \u00e2g\u00e9 d\u2019une trentaine d\u2019ann\u00e9es poignard\u00e9 sur l\u2019avenue d\u2019Heidelberg, \u00e0 proximit\u00e9 du stade de football du MHSC. Une patrouille de la <strong>police municipale<\/strong> arriv\u00e9e la premi\u00e8re sur place a prodigu\u00e9 les soins d\u2019urgence, jusqu\u2019\u00e0 l\u2019intervention des sapeurs-pompiers du <strong>Sdis 34<\/strong> et d\u2019une \u00e9quipe m\u00e9dicale.<\/p>\n<p>    <a href=\"https:\/\/www.google.com\/maps\/embed?pb=!1m18!1m12!1m3!1d11837.055913111077!2d3.8090375452353458!3d43.62036279255997!2m3!1f0!2f0!3f0!3m2!1i1024!2i768!4f13.1!3m3!1m2!1s0x12b6ac3a9829522b%3A0x99e056199e3d006b!2sStade%20de%20la%20Mosson!5e0!3m2!1sfr!2sfr!4v1758785362103!5m2!1sfr!2sfr\" title=\"Ouvrie le lien\" rel=\"nofollow noopener\" target=\"_blank\">Cliquez ici pour visualiser le contenu<\/a><\/p>\n<p class=\" wall-content\">La victime a re\u00e7u deux coups port\u00e9s avec une arme blanche \u00e0 une hanche, perforant un flanc, et perdait du sang, avant son transport aux urgences de l\u2019h\u00f4pital Lapeyronie. Elle \u00e9tait consciente lors de son admission.<\/p>\n<p class=\" wall-content\">Le <strong>Service local de police judiciaire<\/strong> -Slpj- du commissariat central est charg\u00e9 de l\u2019enqu\u00eate. La sc\u00e8ne n\u2019aurait eu aucun t\u00e9moin direct et le mobile reste encore inconnu. Y a t-il un lien avec la pr\u00e9sence d\u2019un point de deal non loin des lieux de l\u2019agression ? Et avec la violente agression commise d\u00e9but septembre dernier dans le m\u00eame secteur : un adolescent poursuivi par plusieurs individus, puis <strong>gri\u00e8vement\u00a0bless\u00e9 de quatre coups de couteau<\/strong>, s\u2019\u00e9tait r\u00e9fugi\u00e9 aupr\u00e8s de t\u00e9moins qui assistaient \u00e0 un match de football sur un des stades de la Mosson, avenue d\u2019Heidelberg. Un r\u00e8glement de compte est privil\u00e9gi\u00e9 par les policiers, les auteurs sont toujours en fuite.<\/p>\n<p class=\" wall-content\">Personnalisez votre actualit\u00e9 en ajoutant vos villes et m\u00e9dias en favori avec <a href=\"https:\/\/moncompte.actu.fr\" title=\"D\u00e9couvez Mon Actu\" rel=\"nofollow noopener\" data-trk=\"{&quot;cta&quot;:{&quot;action&quot;:&quot;https:\\\/\\\/moncompte.actu.fr&quot;,&quot;category&quot;:&quot;mon compte&quot;,&quot;from&quot;:&quot;article footer&quot;,&quot;name&quot;:&quot;Mon actu&quot;,&quot;type&quot;:&quot;cta&quot;}}\" target=\"_blank\">Mon Actu<\/a>.<\/p>\n","protected":false},"excerpt":{"rendered":"Par Jean-Marc Aubert Publi\u00e9 le 25 sept. 2025 \u00e0 10h31 Un homme a \u00e9t\u00e9 gri\u00e8vement bless\u00e9 \u00e0 coups&hellip;\n","protected":false},"author":2,"featured_media":416083,"comment_status":"","ping_status":"","sticky":false,"template":"","format":"standard","meta":{"footnotes":""},"categories":[9599],"tags":[1111,11,1052,1777,674,118,1011,27,2208,12,2680,1072,1311,25],"class_list":{"0":"post-416082","1":"post","2":"type-post","3":"status-publish","4":"format-standard","5":"has-post-thumbnail","7":"category-montpellier","8":"tag-actu","9":"tag-actualites","10":"tag-drogue","11":"tag-eu","12":"tag-europe","13":"tag-faits-divers","14":"tag-fr","15":"tag-france","16":"tag-montpellier","17":"tag-news","18":"tag-occitanie","19":"tag-police","20":"tag-pompiers","21":"tag-republique-francaise"},"share_on_mastodon":{"url":"https:\/\/pubeurope.com\/@fr\/115264090527504098","error":""},"_links":{"self":[{"href":"https:\/\/www.europesays.com\/fr\/wp-json\/wp\/v2\/posts\/416082","targetHints":{"allow":["GET"]}}],"collection":[{"href":"https:\/\/www.europesays.com\/fr\/wp-json\/wp\/v2\/posts"}],"about":[{"href":"https:\/\/www.europesays.com\/fr\/wp-json\/wp\/v2\/types\/post"}],"author":[{"embeddable":true,"href":"https:\/\/www.europesays.com\/fr\/wp-json\/wp\/v2\/users\/2"}],"replies":[{"embeddable":true,"href":"https:\/\/www.europesays.com\/fr\/wp-json\/wp\/v2\/comments?post=416082"}],"version-history":[{"count":0,"href":"https:\/\/www.europesays.com\/fr\/wp-json\/wp\/v2\/posts\/416082\/revisions"}],"wp:featuredmedia":[{"embeddable":true,"href":"https:\/\/www.europesays.com\/fr\/wp-json\/wp\/v2\/media\/416083"}],"wp:attachment":[{"href":"https:\/\/www.europesays.com\/fr\/wp-json\/wp\/v2\/media?parent=416082"}],"wp:term":[{"taxonomy":"category","embeddable":true,"href":"https:\/\/www.europesays.com\/fr\/wp-json\/wp\/v2\/categories?post=416082"},{"taxonomy":"post_tag","embeddable":true,"href":"https:\/\/www.europesays.com\/fr\/wp-json\/wp\/v2\/tags?post=416082"}],"curies":[{"name":"wp","href":"https:\/\/api.w.org\/{rel}","templated":true}]}}