{"id":416088,"date":"2025-09-25T08:55:09","date_gmt":"2025-09-25T08:55:09","guid":{"rendered":"https:\/\/www.europesays.com\/fr\/416088\/"},"modified":"2025-09-25T08:55:09","modified_gmt":"2025-09-25T08:55:09","slug":"mobilisation-des-agriculteurs-a-grenoble-ce-vendredi-voici-les-actions-prevues","status":"publish","type":"post","link":"https:\/\/www.europesays.com\/fr\/416088\/","title":{"rendered":"Mobilisation des agriculteurs \u00e0 Grenoble ce vendredi : voici les actions pr\u00e9vues"},"content":{"rendered":"<p>            Par<br \/>\n        <strong><br \/>\n            <a href=\"https:\/\/actu.fr\/auteur\/lisa-rodrigues\" title=\"Consulter tous les articles de Lisa Rodrigues\" target=\"_blank\" rel=\"noopener\">Lisa Rodrigues<\/a><br \/>\n        <\/strong><\/p>\n<p>        Publi\u00e9 le<\/p>\n<p>            25 sept. 2025 \u00e0 10h40        <\/p>\n<p>Vendredi 26 septembre, les agriculteurs sont appel\u00e9s par le <a href=\"https:\/\/actu.fr\/societe\/colere-des-agriculteurs-blocages-manifestations-ce-que-reserve-la-grande-journee-d-action-de-septembre_63192458.html\" target=\"_blank\" rel=\"noopener\">syndicat majoritaire FNSEA<\/a> \u00e0 se mobiliser contre les normes qui s\u2019accumulent, la concurrence internationale jug\u00e9e d\u00e9loyale ou les difficult\u00e9s \u00e0 vivre de son m\u00e9tier.<\/p>\n<p class=\" wall-content\">Chaque d\u00e9l\u00e9gation d\u00e9partementale \u00e9tait libre d\u2019organiser la journ\u00e9e comme elle l\u2019entendait. En Is\u00e8re, la FDSEA a opt\u00e9 pour un <strong>rassemblement devant la pr\u00e9fecture<\/strong> place Verdun \u00e0 <a href=\"https:\/\/actu.fr\/auvergne-rhone-alpes\/grenoble_38185\" target=\"_blank\" rel=\"noopener\">Grenoble<\/a> d\u00e8s 11 heures vendredi.<\/p>\n<p>Pas de blocages pour le moment<\/p>\n<p class=\" wall-content\">De l\u00e0 \u00e0 s\u2019attendre \u00e0 la <a href=\"https:\/\/actu.fr\/auvergne-rhone-alpes\/grenoble_38185\/agriculteurs-en-colere-pres-de-100-tracteurs-attendus-a-grenoble-le-parcours_60604795.html\" target=\"_blank\" rel=\"noopener\">m\u00eame mobilisation qu\u2019au d\u00e9but de l\u2019ann\u00e9e 2024<\/a>, lorsqu\u2019une centaine de tracteurs \u00e9taient attendus en centre-ville ? Ce n\u2019est pas le sc\u00e9nario qui semble se dessiner cette fois-ci.\u00a0<\/p>\n<p class=\" wall-content\">La FDSEA indique jeudi \u00e0 actu Grenoble \u00ab\u00a0qu\u2019\u00e0 ce stade, <strong>aucune autre action compl\u00e9mentaire<\/strong> (tracteurs en centre-ville, blocages, etc.) n\u2019est envisag\u00e9e\u00a0\u00bb.\u00a0<\/p>\n<p class=\" wall-content\">Seule une <strong>manifestation fixe<\/strong> devant la pr\u00e9fecture est donc pr\u00e9vue, aucune d\u00e9ambulation n\u2019ayant \u00e9t\u00e9 d\u00e9clar\u00e9e aupr\u00e8s des services de l\u2019\u00c9tat.<\/p>\n<p>Une mobilisation en pleine crise chez les \u00e9leveurs<\/p>\n<p class=\" wall-content\">Le syndicat esp\u00e8re tout de m\u00eame une \u00ab\u00a0pr\u00e9sence massive\u00a0\u00bb des agriculteurs is\u00e9rois devant la pr\u00e9fecture pour \u00ab\u00a0faire entendre notre voix\u00a0\u00bb et exprimer leur inqui\u00e9tude.<\/p>\n<p>    <a href=\"https:\/\/www.facebook.com\/plugins\/post.php?href=https%3A%2F%2Fwww.facebook.com%2FFDSEA38%2Fposts%2Fpfbid02ybwp2QhvXWTNKqLC1PuDvenc77MGX9G5ZW8jk9Y7okX9ZLyxtyKYdVfbEbiUTMcSl&amp;show_text=true&amp;width=350\" title=\"Ouvrie le lien\" target=\"_blank\" rel=\"noopener\">Cliquez ici pour visualiser le contenu<\/a><\/p>\n<p>Votre r\u00e9gion, votre actu !<\/p>\n<p>Recevez chaque jour les infos qui comptent pour vous.<\/p>\n<p>\t<a href=\"https:\/\/actu.fr\/newsletter\" class=\"ac-btn ac-btn--corner ac-btn--medium ac-btn--blue800\" target=\"_blank\" rel=\"noopener\">S&rsquo;incrire<\/a><\/p>\n<p class=\" wall-content\">La mobilisation intervient ainsi en pleine <a href=\"https:\/\/actu.fr\/societe\/un-foyer-de-dermatose-nodulaire-contagieuse-bovine-confirme-dans-l-ain-ce-qu-il-faut-savoir_63073002.html\" target=\"_blank\" rel=\"noopener\">\u00e9pid\u00e9mie de dermatose nodulaire<\/a> chez les bovins, nouvelle source de stress pour les \u00e9leveurs. Une large partie nord de l\u2019<a href=\"https:\/\/actu.fr\/auvergne-rhone-alpes\/isere_38\" target=\"_blank\" rel=\"noopener\">Is\u00e8re<\/a> et de la Chartreuse est actuellement en zone de surveillance, au moins jusqu\u2019\u00e0 la fin du mois d\u2019octobre si aucun nouveau cas ne se d\u00e9clare.<\/p>\n<p class=\" wall-content\">Personnalisez votre actualit\u00e9 en ajoutant vos villes et m\u00e9dias en favori avec <a href=\"https:\/\/moncompte.actu.fr\" title=\"D\u00e9couvez Mon Actu\" rel=\"nofollow noopener\" data-trk=\"{&quot;cta&quot;:{&quot;action&quot;:&quot;https:\\\/\\\/moncompte.actu.fr&quot;,&quot;category&quot;:&quot;mon compte&quot;,&quot;from&quot;:&quot;article footer&quot;,&quot;name&quot;:&quot;Mon actu&quot;,&quot;type&quot;:&quot;cta&quot;}}\" target=\"_blank\">Mon Actu<\/a>.<\/p>\n","protected":false},"excerpt":{"rendered":"Par Lisa Rodrigues Publi\u00e9 le 25 sept. 2025 \u00e0 10h40 Vendredi 26 septembre, les agriculteurs sont appel\u00e9s par&hellip;\n","protected":false},"author":2,"featured_media":416089,"comment_status":"","ping_status":"","sticky":false,"template":"","format":"standard","meta":{"footnotes":""},"categories":[9566],"tags":[1111,11,327,2430,1777,674,1011,27,2731,1272,12,25,104],"class_list":{"0":"post-416088","1":"post","2":"type-post","3":"status-publish","4":"format-standard","5":"has-post-thumbnail","7":"category-grenoble","8":"tag-actu","9":"tag-actualites","10":"tag-agriculture","11":"tag-auvergne-rhone-alpes","12":"tag-eu","13":"tag-europe","14":"tag-fr","15":"tag-france","16":"tag-grenoble","17":"tag-manifestations","18":"tag-news","19":"tag-republique-francaise","20":"tag-societe"},"share_on_mastodon":{"url":"https:\/\/pubeurope.com\/@fr\/115264102371024041","error":""},"_links":{"self":[{"href":"https:\/\/www.europesays.com\/fr\/wp-json\/wp\/v2\/posts\/416088","targetHints":{"allow":["GET"]}}],"collection":[{"href":"https:\/\/www.europesays.com\/fr\/wp-json\/wp\/v2\/posts"}],"about":[{"href":"https:\/\/www.europesays.com\/fr\/wp-json\/wp\/v2\/types\/post"}],"author":[{"embeddable":true,"href":"https:\/\/www.europesays.com\/fr\/wp-json\/wp\/v2\/users\/2"}],"replies":[{"embeddable":true,"href":"https:\/\/www.europesays.com\/fr\/wp-json\/wp\/v2\/comments?post=416088"}],"version-history":[{"count":0,"href":"https:\/\/www.europesays.com\/fr\/wp-json\/wp\/v2\/posts\/416088\/revisions"}],"wp:featuredmedia":[{"embeddable":true,"href":"https:\/\/www.europesays.com\/fr\/wp-json\/wp\/v2\/media\/416089"}],"wp:attachment":[{"href":"https:\/\/www.europesays.com\/fr\/wp-json\/wp\/v2\/media?parent=416088"}],"wp:term":[{"taxonomy":"category","embeddable":true,"href":"https:\/\/www.europesays.com\/fr\/wp-json\/wp\/v2\/categories?post=416088"},{"taxonomy":"post_tag","embeddable":true,"href":"https:\/\/www.europesays.com\/fr\/wp-json\/wp\/v2\/tags?post=416088"}],"curies":[{"name":"wp","href":"https:\/\/api.w.org\/{rel}","templated":true}]}}