{"id":416094,"date":"2025-09-25T08:58:11","date_gmt":"2025-09-25T08:58:11","guid":{"rendered":"https:\/\/www.europesays.com\/fr\/416094\/"},"modified":"2025-09-25T08:58:11","modified_gmt":"2025-09-25T08:58:11","slug":"pres-de-rennes-un-hypermarche-vise-par-une-attaque-a-la-voiture-belier","status":"publish","type":"post","link":"https:\/\/www.europesays.com\/fr\/416094\/","title":{"rendered":"Pr\u00e8s de Rennes, un hypermarch\u00e9 vis\u00e9 par une attaque \u00e0 la voiture b\u00e9lier"},"content":{"rendered":"<p>Dans la nuit de mercredi 24 \u00e0 jeudi 25 septembre, vers 1 h, le magasin Hyper U de Ch\u00e2teaugiron, pr\u00e8s de Rennes, a \u00e9t\u00e9 la cible d\u2019une attaque \u00e0 la voiture b\u00e9lier. <a href=\"https:\/\/www.letelegramme.fr\/ille-et-vilaine\/un-corps-repeche-dans-la-vilaine-les-causes-du-deces-encore-inconnues-6896119.php\" target=\"_blank\" rel=\"nofollow noopener\">Selon la gendarmerie<\/a>, une voiture aurait fonc\u00e9 dans la vitre principale de l\u2019hypermarch\u00e9 causant d\u2019importants d\u00e9g\u00e2ts.<\/p>\n<p>La voiture des assaillants a \u00e9t\u00e9 retrouv\u00e9e non loin de l\u2019effraction et une enqu\u00eate est en cours pour retrouver les auteurs de l\u2019attaque et d\u00e9terminer les pr\u00e9judices. Le magasin a pu rouvrir ce matin.<\/p>\n","protected":false},"excerpt":{"rendered":"Dans la nuit de mercredi 24 \u00e0 jeudi 25 septembre, vers 1 h, le magasin Hyper U de&hellip;\n","protected":false},"author":2,"featured_media":416095,"comment_status":"","ping_status":"","sticky":false,"template":"","format":"standard","meta":{"footnotes":""},"categories":[2821],"tags":[1111,11,829,1777,674,3383,1011,27,848,12,584,25],"class_list":{"0":"post-416094","1":"post","2":"type-post","3":"status-publish","4":"format-standard","5":"has-post-thumbnail","7":"category-rennes","8":"tag-actu","9":"tag-actualites","10":"tag-bretagne","11":"tag-eu","12":"tag-europe","13":"tag-faits-divers-a-rennes","14":"tag-fr","15":"tag-france","16":"tag-ille-et-vilaine","17":"tag-news","18":"tag-rennes","19":"tag-republique-francaise"},"share_on_mastodon":{"url":"https:\/\/pubeurope.com\/@fr\/115264114228504330","error":""},"_links":{"self":[{"href":"https:\/\/www.europesays.com\/fr\/wp-json\/wp\/v2\/posts\/416094","targetHints":{"allow":["GET"]}}],"collection":[{"href":"https:\/\/www.europesays.com\/fr\/wp-json\/wp\/v2\/posts"}],"about":[{"href":"https:\/\/www.europesays.com\/fr\/wp-json\/wp\/v2\/types\/post"}],"author":[{"embeddable":true,"href":"https:\/\/www.europesays.com\/fr\/wp-json\/wp\/v2\/users\/2"}],"replies":[{"embeddable":true,"href":"https:\/\/www.europesays.com\/fr\/wp-json\/wp\/v2\/comments?post=416094"}],"version-history":[{"count":0,"href":"https:\/\/www.europesays.com\/fr\/wp-json\/wp\/v2\/posts\/416094\/revisions"}],"wp:featuredmedia":[{"embeddable":true,"href":"https:\/\/www.europesays.com\/fr\/wp-json\/wp\/v2\/media\/416095"}],"wp:attachment":[{"href":"https:\/\/www.europesays.com\/fr\/wp-json\/wp\/v2\/media?parent=416094"}],"wp:term":[{"taxonomy":"category","embeddable":true,"href":"https:\/\/www.europesays.com\/fr\/wp-json\/wp\/v2\/categories?post=416094"},{"taxonomy":"post_tag","embeddable":true,"href":"https:\/\/www.europesays.com\/fr\/wp-json\/wp\/v2\/tags?post=416094"}],"curies":[{"name":"wp","href":"https:\/\/api.w.org\/{rel}","templated":true}]}}