{"id":416096,"date":"2025-09-25T08:59:09","date_gmt":"2025-09-25T08:59:09","guid":{"rendered":"https:\/\/www.europesays.com\/fr\/416096\/"},"modified":"2025-09-25T08:59:09","modified_gmt":"2025-09-25T08:59:09","slug":"voici-les-perturbations-de-circulation-a-prevoir","status":"publish","type":"post","link":"https:\/\/www.europesays.com\/fr\/416096\/","title":{"rendered":"voici les perturbations de circulation \u00e0 pr\u00e9voir"},"content":{"rendered":"<p>            Par<br \/>\n        <strong><br \/>\n            <a href=\"https:\/\/actu.fr\/auteur\/thomas-blanc\" title=\"Consulter tous les articles de Thomas Blanc\" rel=\"nofollow noopener\" target=\"_blank\">Thomas Blanc<\/a><br \/>\n        <\/strong><\/p>\n<p>        Publi\u00e9 le<\/p>\n<p>            25 sept. 2025 \u00e0 9h46        <\/p>\n<p>\u00ab\u2009Nous voulons attirer l\u2019attention des pouvoirs publics, et en premier lieu interpeller le pr\u00e9sident de la R\u00e9publique\u2009\u00bb, expliquait le pr\u00e9sident de la F\u00e9d\u00e9ration nationale des syndicats d\u2019exploitants agricoles (<a href=\"https:\/\/actu.fr\/tag\/fnsea\" rel=\"nofollow noopener\" target=\"_blank\">FNSEA<\/a>), <strong>Arnaud Rousseau<\/strong>, lors d\u2019un entretien \u00e0 <a href=\"https:\/\/www.ouest-france.fr\/economie\/agriculture\/fnsea\/entretien-mobilisation-de-la-fnsea-les-actions-seront-diverses-selon-les-territoires-6b3a5720-923b-11f0-97e6-741179c952b9\" rel=\"nofollow noopener\" target=\"_blank\">Ouest-France<\/a> le 15\u00a0septembre 2025. Pour cela, le principal syndicat de la profession organise, avec les Jeunes Agriculteurs (JA), <strong>une journ\u00e9e de mobilisation le vendredi 26\u00a0septembre<\/strong>. Voici ce qu\u2019il faut savoir \u00e0 <a href=\"https:\/\/actu.fr\/strasbourg\/\" rel=\"nofollow noopener\" target=\"_blank\">Strasbourg<\/a>.<\/p>\n<p>Une seule action attendue ce vendredi 26\u00a0septembre \u00e0 Strasbourg<\/p>\n<p class=\" wall-content\">La mobilisation dans la capitale alsacienne durera de 04h du matin jusqu\u2019\u00e0 midi et se tiendra <strong>devant le March\u00e9 gare<\/strong> de Strasbourg car elle \u00ab\u2009est le symbole de l\u2019approvisionnement de la restauration commerciale dans la capitale alsacienne\u2009\u00bb, d\u2019apr\u00e8s les agriculteurs.<\/p>\n<p>    <a href=\"https:\/\/www.google.com\/maps\/embed?pb=!1m18!1m12!1m3!1d12983.802794279944!2d7.723897396081529!3d48.593459296871316!2m3!1f0!2f0!3f0!3m2!1i1024!2i768!4f13.1!3m3!1m2!1s0x4796c838cae31791%3A0x104d417bae336002!2sRue%20du%20March%C3%A9%20Gare%2C%2067200%20Strasbourg!5e0!3m2!1sfr!2sfr!4v1758742277869!5m2!1sfr!2sfr\" title=\"Ouvrie le lien\" rel=\"nofollow noopener\" target=\"_blank\">Cliquez ici pour visualiser le contenu<\/a><\/p>\n<p class=\" wall-content\">Un <strong>barrage filtrant<\/strong> sera mis en place pour contr\u00f4ler l\u2019origine des produits entrants, <strong>150 manifestants<\/strong> sont attendus d\u2019apr\u00e8s la page Facebook Info Trafic Bas-Rhin.<\/p>\n<p>Les impacts sur la circulation<\/p>\n<p class=\" wall-content\">Les agriculteurs ne pr\u00e9voient pas de perturbation de circulation particuli\u00e8re. Cependant, des mesures pourraient \u00eatre prises par la Ville \u00ab\u00a0au cas o\u00f9 [le rassemblement devant le March\u00e9 gare] devait entrainer des remont\u00e9es et blocages pr\u00e9sentant un danger pour la circulation des usagers de la M35\u00a0\u00bb. Dans ce cas, les autorit\u00e9s pourraient <strong>fermer la bretelle de sortie n\u00b01 de la M35 <\/strong>dans les deux sens de circulation.<\/p>\n<p class=\" wall-content\">La circulation sur la bretelle d\u2019acc\u00e8s \u00e0 la M2350 en direction de Colmar pourra \u00e9galement \u00eatre interrompue. La M350, dans le sens Wacken vers M35, \u00e0 partir du croisement avec la rue Alice Mosnier et \u00e9videmment la rue du March\u00e9 de la Gare pourraient subir le m\u00eame sort.<\/p>\n<p>Votre r\u00e9gion, votre actu !<\/p>\n<p>Recevez chaque jour les infos qui comptent pour vous.<\/p>\n<p>\t<a href=\"https:\/\/actu.fr\/newsletter\" class=\"ac-btn ac-btn--corner ac-btn--medium ac-btn--blue800\" rel=\"nofollow noopener\" target=\"_blank\">S&rsquo;incrire<\/a><br \/>\n\u00ab\u2009N\u2019importons pas l\u2019agriculture que nous ne voulons pas\u2009!\u2009\u00bb<\/p>\n<p class=\" wall-content\">Pour justifier cette journ\u00e9e d\u2019action, la FDSEA et les JA du Bas-Rhin \u00e9voquent <strong>la censure de la loi Duplomb<\/strong> et la validation des accords entre l\u2019Union Europ\u00e9enne et le Mercosur.<\/p>\n<p class=\" wall-content\">Les deux organisations annoncent d\u00e9fendre le message suivant, \u00ab\u2009n\u2019importons pas l\u2019agriculture que nous ne voulons pas\u2009!\u2009\u00bb<\/p>\n<p class=\" wall-content\">Personnalisez votre actualit\u00e9 en ajoutant vos villes et m\u00e9dias en favori avec <a href=\"https:\/\/moncompte.actu.fr\" title=\"D\u00e9couvez Mon Actu\" rel=\"nofollow noopener\" data-trk=\"{&quot;cta&quot;:{&quot;action&quot;:&quot;https:\\\/\\\/moncompte.actu.fr&quot;,&quot;category&quot;:&quot;mon compte&quot;,&quot;from&quot;:&quot;article footer&quot;,&quot;name&quot;:&quot;Mon actu&quot;,&quot;type&quot;:&quot;cta&quot;}}\" target=\"_blank\">Mon Actu<\/a>.<\/p>\n","protected":false},"excerpt":{"rendered":"Par Thomas Blanc Publi\u00e9 le 25 sept. 2025 \u00e0 9h46 \u00ab\u2009Nous voulons attirer l\u2019attention des pouvoirs publics, et&hellip;\n","protected":false},"author":2,"featured_media":416097,"comment_status":"","ping_status":"","sticky":false,"template":"","format":"standard","meta":{"footnotes":""},"categories":[2820],"tags":[1111,11,327,1777,674,24728,1011,27,775,1272,12,25,104,640],"class_list":{"0":"post-416096","1":"post","2":"type-post","3":"status-publish","4":"format-standard","5":"has-post-thumbnail","7":"category-strasbourg","8":"tag-actu","9":"tag-actualites","10":"tag-agriculture","11":"tag-eu","12":"tag-europe","13":"tag-fnsea","14":"tag-fr","15":"tag-france","16":"tag-grand-est","17":"tag-manifestations","18":"tag-news","19":"tag-republique-francaise","20":"tag-societe","21":"tag-strasbourg"},"share_on_mastodon":{"url":"https:\/\/pubeurope.com\/@fr\/115264118149374076","error":""},"_links":{"self":[{"href":"https:\/\/www.europesays.com\/fr\/wp-json\/wp\/v2\/posts\/416096","targetHints":{"allow":["GET"]}}],"collection":[{"href":"https:\/\/www.europesays.com\/fr\/wp-json\/wp\/v2\/posts"}],"about":[{"href":"https:\/\/www.europesays.com\/fr\/wp-json\/wp\/v2\/types\/post"}],"author":[{"embeddable":true,"href":"https:\/\/www.europesays.com\/fr\/wp-json\/wp\/v2\/users\/2"}],"replies":[{"embeddable":true,"href":"https:\/\/www.europesays.com\/fr\/wp-json\/wp\/v2\/comments?post=416096"}],"version-history":[{"count":0,"href":"https:\/\/www.europesays.com\/fr\/wp-json\/wp\/v2\/posts\/416096\/revisions"}],"wp:featuredmedia":[{"embeddable":true,"href":"https:\/\/www.europesays.com\/fr\/wp-json\/wp\/v2\/media\/416097"}],"wp:attachment":[{"href":"https:\/\/www.europesays.com\/fr\/wp-json\/wp\/v2\/media?parent=416096"}],"wp:term":[{"taxonomy":"category","embeddable":true,"href":"https:\/\/www.europesays.com\/fr\/wp-json\/wp\/v2\/categories?post=416096"},{"taxonomy":"post_tag","embeddable":true,"href":"https:\/\/www.europesays.com\/fr\/wp-json\/wp\/v2\/tags?post=416096"}],"curies":[{"name":"wp","href":"https:\/\/api.w.org\/{rel}","templated":true}]}}