{"id":416108,"date":"2025-09-25T09:05:12","date_gmt":"2025-09-25T09:05:12","guid":{"rendered":"https:\/\/www.europesays.com\/fr\/416108\/"},"modified":"2025-09-25T09:05:12","modified_gmt":"2025-09-25T09:05:12","slug":"le-tireur-presume-en-garde-a-vue","status":"publish","type":"post","link":"https:\/\/www.europesays.com\/fr\/416108\/","title":{"rendered":"le tireur pr\u00e9sum\u00e9 en garde \u00e0 vue"},"content":{"rendered":"<p>Une violente agression pr\u00e9par\u00e9e. Une obsession entretenue depuis des mois contre son voisin. Tels sont les ingr\u00e9dients qui semblent composer les faits survenus lundi 22\u00a0septembre, en fin de journ\u00e9e, sur le parking d\u2019une r\u00e9sidence, rue des Steamers, \u00e0 Floirac. En fin d\u2019apr\u00e8s-midi, <a href=\"https:\/\/www.sudouest.fr\/faits-divers\/pres-de-bordeaux-un-homme-blesse-par-arme-a-feu-sur-fond-de-querelle-de-voisinage-26057563.php\" target=\"_blank\" rel=\"follow nofollow noopener\">un habitant s\u2019est fait tirer dessus<\/a> alors qu\u2019il rentrait chez lui.<\/p>\n<p>Il a \u00e9t\u00e9 atteint \u00e0 la gorge par une munition de gros calibre et s\u2019en est sorti par miracle. Cet artisan de profession a trouv\u00e9 la force de se ruer contre son agresseur et de le neutraliser jusqu\u2019\u00e0 l\u2019arriv\u00e9e de la police. Les deux hommes, \u00e2g\u00e9s de 35 et 48\u00a0ans, ont d\u00fb \u00eatre transport\u00e9s \u00e0 l\u2019h\u00f4pital. L\u2019enqu\u00eate a \u00e9t\u00e9 confi\u00e9e \u00e0 la Division de la criminalit\u00e9 territoriale (DCT).<\/p>\n<p>Sur place, divers \u00e9l\u00e9ments pouvant laisser penser \u00e0 un acte pr\u00e9m\u00e9dit\u00e9 ont \u00e9t\u00e9 d\u00e9couverts tels des liens pour attacher la victime. Ce mercredi 24\u00a0septembre, le tireur pr\u00e9sum\u00e9 \u00e9tait en garde \u00e0 vue. Voisin de la victime, il aurait nourri contre elle une fixation depuis plusieurs mois. En juin dernier, apr\u00e8s avoir subi des violences, sa compagne avait trouv\u00e9 refuge chez le voisin, avant d\u2019\u00eatre mise \u00e0 l\u2019abri.<\/p>\n","protected":false},"excerpt":{"rendered":"Une violente agression pr\u00e9par\u00e9e. Une obsession entretenue depuis des mois contre son voisin. Tels sont les ingr\u00e9dients qui&hellip;\n","protected":false},"author":2,"featured_media":416109,"comment_status":"","ping_status":"","sticky":false,"template":"","format":"standard","meta":{"footnotes":""},"categories":[2817],"tags":[1111,11,1997,1777,674,1011,27,12,2219,25],"class_list":{"0":"post-416108","1":"post","2":"type-post","3":"status-publish","4":"format-standard","5":"has-post-thumbnail","7":"category-bordeaux","8":"tag-actu","9":"tag-actualites","10":"tag-bordeaux","11":"tag-eu","12":"tag-europe","13":"tag-fr","14":"tag-france","15":"tag-news","16":"tag-nouvelle-aquitaine","17":"tag-republique-francaise"},"share_on_mastodon":{"url":"https:\/\/pubeurope.com\/@fr\/115264141579426477","error":""},"_links":{"self":[{"href":"https:\/\/www.europesays.com\/fr\/wp-json\/wp\/v2\/posts\/416108","targetHints":{"allow":["GET"]}}],"collection":[{"href":"https:\/\/www.europesays.com\/fr\/wp-json\/wp\/v2\/posts"}],"about":[{"href":"https:\/\/www.europesays.com\/fr\/wp-json\/wp\/v2\/types\/post"}],"author":[{"embeddable":true,"href":"https:\/\/www.europesays.com\/fr\/wp-json\/wp\/v2\/users\/2"}],"replies":[{"embeddable":true,"href":"https:\/\/www.europesays.com\/fr\/wp-json\/wp\/v2\/comments?post=416108"}],"version-history":[{"count":0,"href":"https:\/\/www.europesays.com\/fr\/wp-json\/wp\/v2\/posts\/416108\/revisions"}],"wp:featuredmedia":[{"embeddable":true,"href":"https:\/\/www.europesays.com\/fr\/wp-json\/wp\/v2\/media\/416109"}],"wp:attachment":[{"href":"https:\/\/www.europesays.com\/fr\/wp-json\/wp\/v2\/media?parent=416108"}],"wp:term":[{"taxonomy":"category","embeddable":true,"href":"https:\/\/www.europesays.com\/fr\/wp-json\/wp\/v2\/categories?post=416108"},{"taxonomy":"post_tag","embeddable":true,"href":"https:\/\/www.europesays.com\/fr\/wp-json\/wp\/v2\/tags?post=416108"}],"curies":[{"name":"wp","href":"https:\/\/api.w.org\/{rel}","templated":true}]}}