{"id":416110,"date":"2025-09-25T09:07:21","date_gmt":"2025-09-25T09:07:21","guid":{"rendered":"https:\/\/www.europesays.com\/fr\/416110\/"},"modified":"2025-09-25T09:07:21","modified_gmt":"2025-09-25T09:07:21","slug":"dix-ans-du-fab-10-moments-forts-a-ne-pas-manquer","status":"publish","type":"post","link":"https:\/\/www.europesays.com\/fr\/416110\/","title":{"rendered":"Dix ans du FAB : 10 moments forts \u00e0 ne pas manquer"},"content":{"rendered":"<p>\t1. Gatheringde Samar Haddad King &#8211; Yaa Samar! Dance Theatre (Palestine\/ Etats-Unis)\u00a0<\/p>\n<p>Pr\u00e9sent\u00e9e pour la premi\u00e8re fois en France, la cr\u00e9ation de l\u2019artiste palestinienne m\u00eale la ronde folklorique et le hip-hop, le cirque et le chant, le tout m\u00e2tin\u00e9 par Les Quatre saisons de Vivaldi.\u00a0\u00a0<br \/>Ici, les artistes invitent le public \u00e0 participer et t\u00e9moigner d\u2019une action collective qui questionne les fronti\u00e8res traditionnelles du spectacle. Comme un \u00e9cho \u00e9vident aux questions des fronti\u00e8res r\u00e9elles. \u00ab To gather \u00bb c\u2019est se rassembler, et la force d\u2019une mise en sc\u00e8ne comme celle-ci, c\u2019est \u00e9videmment l\u2019\u00e9gr\u00e9gore collective dans la salle de th\u00e9\u00e2tre.\u00a0\u00a0<br \/><a href=\"https:\/\/www.bordeaux.fr\/agenda\/gathering-samar-haddad-king-yaa-samar-dance-theatre\" target=\"_blank\" title=\"Gathering (Ouvrir dans une nouvelle fen\u00eatre)\" rel=\"nofollow noopener\">Gathering (Ouvrir dans une nouvelle fen\u00eatre)<\/a> &#8211; Mercredi 8 octobre 20h, jeudi 9 octobre 20h, vendredi 10 octobre 20h, samedi 11 octobre 18h au tnba.\u00a0\u00a0<\/p>\n<p>\t<a class=\"lightbox-image\" role=\"button\" data-lightbox-conf=\"media__image__field_media_image__body_3_2_lb\" data-lightbox-group=\"tobii--5QeMzw\" href=\"https:\/\/www.bordeaux.fr\/sites\/bor-bdxfr-drupal\/files\/styles\/3_2_1620x1080\/public\/2025-09\/19GATHERING-01-by%20Jeenah%20Moon%20for%20NYT_FAB.webp?h=cc68d5a7&amp;itok=jrnsg3m7\" data- data-><\/p>\n<p>                  <img decoding=\"async\" loading=\"lazy\" width=\"621\" height=\"414\" src=\"https:\/\/www.europesays.com\/fr\/wp-content\/uploads\/2025\/09\/19GATHERING-01-by Jeenah Moon for NYT_FAB.webp\" alt=\"Un visuel illustrant le spectacle Gathering\" class=\"img-fluid\"\/><\/p>\n<p><\/a><\/p>\n<p>            Six artistes (palestiniens, arabes et fran\u00e7ais) participent \u00e0 la tourn\u00e9e fran\u00e7aise de ce spectacle qui d\u00e9bute dans le cadre du FAB.               \u00a9 Jeenah Moon           <\/p>\n<p>\t2. Les Voyages\u00a0du Collectif XY &#8211; Cirque (France)\u00a0\u00a0<\/p>\n<p>Les port\u00e9s, cette pratique acrobatique circassienne, promet envol et altitude, force et collectif. En somme une m\u00e9taphore de la libert\u00e9, du courage et de l\u2019entraide. C\u2019est ce point de d\u00e9part technique qui est au c\u0153ur du travail de XY depuis 15 ans, et avec lequel ils viendront surprendre les habitants de certains quartiers pour ces performances en dehors.\u00a0<br \/>Les voyages &#8211; Samedi 4 octobre 16h et dimanche 5 octobre 16h, <a href=\"https:\/\/www.bordeaux.fr\/agenda\/les-voyages-les-grands-rendez-vous\" target=\"_blank\" title=\"cour d\u2019honneur - Campus Victoire, Universit\u00e9 de Bordeaux (Ouvrir dans une nouvelle fen\u00eatre)\" rel=\"nofollow noopener\">cour d\u2019honneur &#8211; Campus Victoire, Universit\u00e9 de Bordeaux (Ouvrir dans une nouvelle fen\u00eatre)<\/a>. Samedi 11 octobre 15h45, Chapit\u00d4, B\u00e8gles.<\/p>\n<p>\t<a class=\"lightbox-image\" role=\"button\" data-lightbox-conf=\"media__image__field_media_image__body_3_2_lb\" data-lightbox-group=\"tobii--HHrYQw\" href=\"https:\/\/www.bordeaux.fr\/sites\/bor-bdxfr-drupal\/files\/styles\/3_2_1620x1080\/public\/2025-09\/collectif_XY_Fabrice_Dimier_8_FAB_0.JPG.webp?itok=e_eFrknS\" data- data-><\/p>\n<p>                  <img decoding=\"async\" loading=\"lazy\" width=\"621\" height=\"414\" src=\"https:\/\/www.europesays.com\/fr\/wp-content\/uploads\/2025\/09\/collectif_XY_Fabrice_Dimier_8_FAB_0.JPG.webp\" alt=\"Un visuel illustrant le spectacle Les Voyages du Collectif XY \" class=\"img-fluid\"\/><\/p>\n<p><\/a><\/p>\n<p>            Le collectif XY propose, dans le cadre du FAB, deux happenings entre Pessac, B\u00e8gles et Bordeaux. Les 18 acrobates de la troupe apparaissent et disparaissent tel un murmure qui coure dans la ville.               \u00a9 Fabrice Dimier          <\/p>\n<p>\t3.\u00a0 Crescendo de Kamchatka\u00a0Th\u00e9\u00e2tre de rue (Catalogne)\u00a0\u00a0<\/p>\n<p>Pour cette \u00e9dition anniversaire, la compagnie catalane offre pas moins de trois spectacles. Celui-ci, sis dans l\u2019espace du dehors, dans l\u2019espace public : place de la R\u00e9publique \u00e0 Saint-M\u00e9dard en Jalles et au miroir d\u2019eau \u00e0 Bordeaux.\u00a0<br \/>Arm\u00e9s de leur valise, qui sont en quelque sorte la m\u00e9tonymie du miroir de celui qui la porte, le collectif entrem\u00eale pass\u00e9 et pr\u00e9sent pour composer un futur imm\u00e9diat fugace et joyeux avec le concours des habitants. Dans cet outil de voyage l\u2019on porte myst\u00e8res et secrets pour l\u2019ouvrir sur un champ des possibles.\u00a0\u00a0<br \/>Crescendo\u00a0&#8211; Samedi 11 octobre 11h, place de la R\u00e9publique, Saint-M\u00e9dard en Jalles, et 17h30 au miroir d\u2019eau.\u00a0\u00a0<\/p>\n<p>\t<a class=\"lightbox-image\" role=\"button\" data-lightbox-conf=\"media__image__field_media_image__body_3_2_lb\" data-lightbox-group=\"tobii--mkLRsw\" href=\"https:\/\/www.bordeaux.fr\/sites\/bor-bdxfr-drupal\/files\/styles\/3_2_1620x1080\/public\/2025-09\/Amersfoort2009-%C2%AEHenryKrul6_FAB-1.jpg.webp?itok=1qbHoVvN\" data- data-><\/p>\n<p>                  <img decoding=\"async\" loading=\"lazy\" width=\"621\" height=\"414\" src=\"https:\/\/www.europesays.com\/fr\/wp-content\/uploads\/2025\/09\/Amersfoort2009-\u00aeHenryKrul6_FAB-1.jpg.webp\" alt=\"Un visuel du spectacle Crescendo\" class=\"img-fluid\"\/><\/p>\n<p><\/a><\/p>\n<p>            Outre Crescendo, la compagnie catalane pr\u00e9sentera lors du festival Inesperat et Kamch\u00e0tka.             \u00a9 Henry Krul\u00a0          <\/p>\n<p>\t4. Roz\u00e9o\u00a0de la Compagnie Gratte Ciel &#8211; Installation vivante dans le paysage (France)\u00a0\u00a0\u00a0<\/p>\n<p>\u00ab\u202fUn spectacle qui fait du bien \u00bb voici le projet de St\u00e9phane Girard et Camille Beaumier, qui, avec leur trois danseurs perch\u00e9s sur des m\u00e2ts oscillants \u00e0 six m\u00e8tres de hauteur et une musicienne, invitent \u00e0 se tourner vers le ciel et m\u00eame au-del\u00e0 : \u00ab l\u00e0 o\u00f9 le regard se prolonge \u00bb et en prenant \u00ab le temps de cette grande respiration \u00bb.\u00a0<br \/>Tout \u00e0 la fois po\u00e9tique, m\u00e9ditatif, en lien avec son environnement, cette installation est une v\u00e9ritable invitation \u00e0 la contemplation.\u00a0<br \/>Roz\u00e9o\u00a0&#8211; Samedi 27 septembre 14h et 17h, dimanche 28 septembre 14h et 17h, Place de la Bourse et samedi 4 octobre \u00e0 16h au parc Bourdieu, Saint-M\u00e9dard en Jalles.\u00a0\u00a0<\/p>\n<p>\t<a class=\"lightbox-image\" role=\"button\" data-lightbox-conf=\"media__image__field_media_image__body_3_2_lb\" data-lightbox-group=\"tobii--xrAHUg\" href=\"https:\/\/www.bordeaux.fr\/sites\/bor-bdxfr-drupal\/files\/styles\/3_2_1620x1080\/public\/2025-09\/RoZeO%20%40Eric%20Odin%202_FAB.jpg.webp?itok=gri9Yd5O\" data- data-><\/p>\n<p>                  <img decoding=\"async\" loading=\"lazy\" width=\"621\" height=\"414\" src=\"https:\/\/www.europesays.com\/fr\/wp-content\/uploads\/2025\/09\/RoZeO @Eric Odin 2_FAB.jpg.webp\" alt=\"Un visuel du spectacle Roz\u00e9o \" class=\"img-fluid\"\/><\/p>\n<p><\/a><\/p>\n<p>            Roz\u00e9o c\u2019est une cr\u00e9ation po\u00e9tique qui s\u2019inspire de l\u2019espace dans lequel elle s\u2019inscrit pour en d\u00e9passer l\u2019horizon.              \u00a9  Eric Odin          <\/p>\n<p>\t5. 10 ans du FAB en photographies\u00a0de Pierre Planchenault\u00a0\u00a0<\/p>\n<p>Sur les 23 emplacements des grilles du jardin public, on d\u00e9couvre ces clich\u00e9s qui immortalisent dix ans de vie artistique et festive, de ces moments \u00ab in\u00e9dits et inattendus \u00bb que le photographe capte dans l\u2019espace public l\u00e0 o\u00f9 \u00ab il peut se passer plein de choses \u00bb pour le dire avec Pierre Planchenault, comme ce jeune enfant qui a voulu jouer avec les strandbeests de Theo Jansen en 2022.\u00a0<br \/><a href=\"https:\/\/www.bordeaux.fr\/agenda\/10-ans-du-fab-en-photographie\" target=\"_blank\" title=\"10 ans du FAB en photographies (Ouvrir dans une nouvelle fen\u00eatre)\" rel=\"nofollow noopener\">10 ans du FAB en photographies (Ouvrir dans une nouvelle fen\u00eatre)<\/a> &#8211; Du vendredi 26 septembre au mercredi 26 novembre, grilles du jardin public<\/p>\n<p>\t6. Poste restante\u00a0Escale sur la ligne de C\u00e9cile L\u00e9na, Compagnie L\u00e9na d\u2019Azy &#8211; Visite (France)\u00a0\u00a0\u00a0<\/p>\n<p>Un casque, et le ciel s\u2019ouvre : 12 000 km de songes, de Toulouse \u00e0 Santiago, guid\u00e9s par les pionniers de l\u2019A\u00e9ropostale. Mermoz, Saint-Exup\u00e9ry, Adrienne Bolland surgissent comme des \u00e9toiles dans la nuit. Port\u00e9 par la main po\u00e9tique de C\u00e9cile L\u00e9na, chaque escale devient r\u00e9cit, chaque voix, souffle, chaque lumi\u00e8re, promesse.\u00a0\u00a0<br \/>Entre maquettes miniatures et paysages sonores, le spectateur traverse un continent invisible, l\u00e0 o\u00f9 la m\u00e9moire et l\u2019imaginaire dessinent les cartes d\u2019un r\u00eave \u00e9veill\u00e9.\u00a0<br \/>Poste restante &#8211; Du vendredi 26 septembre au dimanche 5 octobre du mardi au vendredi de 10h \u00e0 18h et les samedis et dimanches de 11h \u00e0 18h.\u00a0\u00a0<\/p>\n<p>\t<a class=\"lightbox-image\" role=\"button\" data-lightbox-conf=\"media__image__field_media_image__body_3_2_lb\" data-lightbox-group=\"tobii--RK43mA\" href=\"https:\/\/www.bordeaux.fr\/sites\/bor-bdxfr-drupal\/files\/styles\/3_2_1620x1080\/public\/2025-09\/credit%20_%20lenadazy_FAB.JPG.webp?itok=Yqyj8jUo\" data- data-><\/p>\n<p>                  <img decoding=\"async\" loading=\"lazy\" width=\"621\" height=\"414\" src=\"https:\/\/www.europesays.com\/fr\/wp-content\/uploads\/2025\/09\/credit _ lenadazy_FAB.JPG.webp\" alt=\"Un visuel de l'\u00e9v\u00e9nement &quot;Poste restante&quot;\" class=\"img-fluid\"\/><\/p>\n<p><\/a><\/p>\n<p>            Cette \u00ab\u202fvisite\u202f\u00bb dure une heure et se fait sur r\u00e9servation.              \u00a9 Lenedazy           <\/p>\n<p>\t7. Woods\/Bosque\u00a0de Clarice Lima, Linha de Fuga et Futura\u00a0<\/p>\n<p>Renverser le monde pour mieux le regarder : Clarice Lima et ses acolytes en font une m\u00e9taphore vibrante, une for\u00eat fragile face aux assauts du monde. Sur le bitume, des jambes nues jaillissent, arrim\u00e9es au sol par des jupes \u00e9clatantes. Immobiles et collectives, elles forment un paysage aussi absurde que bouleversant, une r\u00e9sistance po\u00e9tique \u00e0 la chute annonc\u00e9e. Un instant suspendu o\u00f9 le public participe \u00e0 cet acte de r\u00e9sistance qu\u2019est l\u2019art.\u00a0\u00a0<br \/>Vendredi 26 septembre \u00e0 18h30 \u00e0 la Fabrique Pola, samedi 27 septembre \u00e0 13h et 17h Place de la Com\u00e9die, dimanche 28 septembre \u00e0 15h place de la R\u00e9publique, Saint-M\u00e9dard en Jalles.\u00a0\u00a0<\/p>\n<p>\t<a class=\"lightbox-image\" role=\"button\" data-lightbox-conf=\"media__image__field_media_image__body_3_2_lb\" data-lightbox-group=\"tobii--mGxcYw\" href=\"https:\/\/www.bordeaux.fr\/sites\/bor-bdxfr-drupal\/files\/styles\/3_2_1620x1080\/public\/2025-09\/FAB-%2827%29-1%20%281%29.jpg.webp?itok=0D23Pqlx\" data- data-><\/p>\n<p>                  <img decoding=\"async\" loading=\"lazy\" width=\"621\" height=\"414\" src=\"https:\/\/www.europesays.com\/fr\/wp-content\/uploads\/2025\/09\/FAB-(27)-1 (1).jpg.webp\" alt=\"Un visuel du spectacle Woods\/Bosque\" class=\"img-fluid\"\/><\/p>\n<p><\/a><\/p>\n<p>            Clarice Lima prend possession de l\u2019espace publique avec son spectacle m\u00e9taphore  et \u00ab\u202fpar les jambes\u202f\u00bb le public qui est invit\u00e9 \u00e0 y participer.              \u00a9 Fluermulder           <\/p>\n<p>\t8. Les 111\u00a02024 de la pointe de Grave au Cap Ferret de Delphine Trentacosta (France)\u00a0<\/p>\n<p>En amont et en aval du festival (du 17\/09 au 31\/03), s\u2019affichera sur 111 m\u00e8tres, au sol des all\u00e9es de Tourny, une fresque r\u00e9alis\u00e9e par Delphine Trentacosta qui, dix ans apr\u00e8s sa premi\u00e8re entreprise, a photographi\u00e9 de nouveau les 111km de trait de c\u00f4te entre la pointe du Verdon et celle du Cap-Ferret. Faisant le triste constat que le paysage du littoral s\u2019est encore \u00e9rod\u00e9.\u00a0\u00a0<br \/><a href=\"https:\/\/www.bordeaux.fr\/agenda\/les-111-2024-de-la-pointe-de-grave-au-cap-ferret\" target=\"_blank\" title=\"Les 111 (Ouvrir dans une nouvelle fen\u00eatre)\" rel=\"nofollow noopener\">Les 111 (Ouvrir dans une nouvelle fen\u00eatre)<\/a> &#8211; Du mercredi 17 septembre au mardi 31 mars, All\u00e9es de Tourny\u00a0<\/p>\n<p>\t<a class=\"lightbox-image\" role=\"button\" data-lightbox-conf=\"media__image__field_media_image__body_3_2_lb\" data-lightbox-group=\"tobii--0pgxxw\" href=\"https:\/\/www.bordeaux.fr\/sites\/bor-bdxfr-drupal\/files\/styles\/3_2_1620x1080\/public\/2025-09\/111-2_FAB.jpg.webp?itok=OssXNO03\" data- data-><\/p>\n<p>                  <img decoding=\"async\" loading=\"lazy\" width=\"621\" height=\"414\" src=\"https:\/\/www.europesays.com\/fr\/wp-content\/uploads\/2025\/09\/111-2_FAB.jpg.webp\" alt=\"Une photo du spectacle Les 111 lors du Festival International des Arts de Bordeaux M\u00e9tropole\" class=\"img-fluid\"\/><\/p>\n<p><\/a><\/p>\n<p>            Les travaux photographiques de Delphine Trentacosta t\u00e9moignent du recul du trait de c\u00f4te girondin.             \u00a9 Festival International des Arts de Bordeaux M\u00e9tropole          <\/p>\n<p>\t9. Heavy Motors\u00a0de Soci\u00e9t\u00e9 Protectrice de Petites Id\u00e9es (France)\u00a0\u00a0<\/p>\n<p>\u00ab Presque \u00bb est le mot d\u2019ordre de ce spectacle d\u00e9cal\u00e9 \u00e0 la crois\u00e9e d\u2019une convention de tuning ou d\u2019un gala de GRS. La voiturette est presque r\u00e9par\u00e9e, les acrobaties sont presque r\u00e9ussies, les danseurs sont presque synchrones et les effets sp\u00e9ciaux presque impressionnants. Mais c\u2019est totalement r\u00e9ussi !<br \/>Heavy Motors &#8211; Jeudi 2 octobre 19h30 place du Bourg, Eysines et <a href=\"https:\/\/www.bordeaux.fr\/agenda\/heavy-motors\" target=\"_blank\" title=\"vendredi 3 octobre (Ouvrir dans une nouvelle fen\u00eatre)\" rel=\"nofollow noopener\">vendredi 3 octobre (Ouvrir dans une nouvelle fen\u00eatre)<\/a> 22h, <a href=\"https:\/\/www.bordeaux.fr\/agenda\/heavy-motors-0\" target=\"_blank\" title=\"samedi 4 octobre (Ouvrir dans une nouvelle fen\u00eatre)\" rel=\"nofollow noopener\">samedi 4 octobre (Ouvrir dans une nouvelle fen\u00eatre)<\/a> 20h30, square Dom Bedos.\u00a0\u00a0\u00a0\u00a0<\/p>\n<p>\t<a class=\"lightbox-image\" role=\"button\" data-lightbox-conf=\"media__image__field_media_image__body_3_2_lb\" data-lightbox-group=\"tobii--cDvgsA\" href=\"https:\/\/www.bordeaux.fr\/sites\/bor-bdxfr-drupal\/files\/styles\/3_2_1620x1080\/public\/2025-09\/9-_michle-legrand_54266273438_o_FAB.jpg.webp?itok=_LysLPTR\" data- data-><\/p>\n<p>                  <img decoding=\"async\" loading=\"lazy\" width=\"621\" height=\"414\" src=\"https:\/\/www.europesays.com\/fr\/wp-content\/uploads\/2025\/09\/9-_michle-legrand_54266273438_o_FAB.jpg.webp\" alt=\"Un visuel de l'\u00e9v\u00e9nement Heavy Motors\" class=\"img-fluid\"\/><\/p>\n<p><\/a><\/p>\n<p>            La SPPI ce sont cinq bretons g\u00e9n\u00e9reux et talentueux tout \u00e0 la fois artistes, auteurs et responsables techniques.              \u00a9 Michle Legrand           <\/p>\n<p>\t10. Embras(s)ement\u00a0de la caserne de la Benauge par la Compagnie La Machine\u00a0<\/p>\n<p>Bient\u00f4t 20 ans que la compagnie allume des feux et par ses flammes \u00ab cr\u00e9er des foyers autour desquels se rassemblent les gens \u00bb (Pierre de Mecquenem), mais premi\u00e8re fois que la ville de Bordeaux accueille une telle performance.\u00a0\u00a0<br \/>Souffler des \u00ab bijoux \u00bb anniversaire, mettre le feu dans un lieu qui normalement les \u00e9teint, il y a tout du clin d\u2019\u0153il dans cette soir\u00e9e exceptionnelle. Entre illuminations-feux et c\u00e9l\u00e9bration pyrotechnique, l\u2019\u00e9quilibre s\u2019articule \u00ab entre le spectaculaire et le moment de vie \u00bb (idem) autour de ce \u00ab feu amoureux \u00bb.\u00a0\u00a0<br \/>Embras(s)ement de la caserne de la Benauge &#8211; Samedi 11 octobre de 19h30 \u00e0 minuit, Caserne de la Benauge.\u00a0\u00a0<\/p>\n<p>\t<a class=\"lightbox-image\" role=\"button\" data-lightbox-conf=\"media__image__field_media_image__body_3_2_lb\" data-lightbox-group=\"tobii--aJBXDA\" href=\"https:\/\/www.bordeaux.fr\/sites\/bor-bdxfr-drupal\/files\/styles\/3_2_1620x1080\/public\/2025-09\/ERICK-DAMIANO_USINE_FAB-1.jpg.webp?itok=sARIe6Tt\" data- data-><\/p>\n<p>                  <img decoding=\"async\" loading=\"lazy\" width=\"621\" height=\"414\" src=\"https:\/\/www.europesays.com\/fr\/wp-content\/uploads\/2025\/09\/ERICK-DAMIANO_USINE_FAB-1.jpg.webp\" alt=\"Un visuel du spectacle Embras(s)ement de la caserne de la Benauge\" class=\"img-fluid\"\/><\/p>\n<p><\/a><\/p>\n<p>            Mise en flamme, pyrotechnie, DJ Set et Faboum sont au programme de cette soir\u00e9e de cl\u00f4ture.              \u00a9 Erick Damiano\u00a0          <\/p>\n","protected":false},"excerpt":{"rendered":"1. Gatheringde Samar Haddad King &#8211; Yaa Samar! Dance Theatre (Palestine\/ Etats-Unis)\u00a0 Pr\u00e9sent\u00e9e pour la premi\u00e8re fois en&hellip;\n","protected":false},"author":2,"featured_media":416111,"comment_status":"","ping_status":"","sticky":false,"template":"","format":"standard","meta":{"footnotes":""},"categories":[2817],"tags":[1111,11,1997,1777,674,1011,27,12,2219,25],"class_list":{"0":"post-416110","1":"post","2":"type-post","3":"status-publish","4":"format-standard","5":"has-post-thumbnail","7":"category-bordeaux","8":"tag-actu","9":"tag-actualites","10":"tag-bordeaux","11":"tag-eu","12":"tag-europe","13":"tag-fr","14":"tag-france","15":"tag-news","16":"tag-nouvelle-aquitaine","17":"tag-republique-francaise"},"share_on_mastodon":{"url":"https:\/\/pubeurope.com\/@fr\/115264149899369485","error":""},"_links":{"self":[{"href":"https:\/\/www.europesays.com\/fr\/wp-json\/wp\/v2\/posts\/416110","targetHints":{"allow":["GET"]}}],"collection":[{"href":"https:\/\/www.europesays.com\/fr\/wp-json\/wp\/v2\/posts"}],"about":[{"href":"https:\/\/www.europesays.com\/fr\/wp-json\/wp\/v2\/types\/post"}],"author":[{"embeddable":true,"href":"https:\/\/www.europesays.com\/fr\/wp-json\/wp\/v2\/users\/2"}],"replies":[{"embeddable":true,"href":"https:\/\/www.europesays.com\/fr\/wp-json\/wp\/v2\/comments?post=416110"}],"version-history":[{"count":0,"href":"https:\/\/www.europesays.com\/fr\/wp-json\/wp\/v2\/posts\/416110\/revisions"}],"wp:featuredmedia":[{"embeddable":true,"href":"https:\/\/www.europesays.com\/fr\/wp-json\/wp\/v2\/media\/416111"}],"wp:attachment":[{"href":"https:\/\/www.europesays.com\/fr\/wp-json\/wp\/v2\/media?parent=416110"}],"wp:term":[{"taxonomy":"category","embeddable":true,"href":"https:\/\/www.europesays.com\/fr\/wp-json\/wp\/v2\/categories?post=416110"},{"taxonomy":"post_tag","embeddable":true,"href":"https:\/\/www.europesays.com\/fr\/wp-json\/wp\/v2\/tags?post=416110"}],"curies":[{"name":"wp","href":"https:\/\/api.w.org\/{rel}","templated":true}]}}