{"id":416112,"date":"2025-09-25T09:08:09","date_gmt":"2025-09-25T09:08:09","guid":{"rendered":"https:\/\/www.europesays.com\/fr\/416112\/"},"modified":"2025-09-25T09:08:09","modified_gmt":"2025-09-25T09:08:09","slug":"toulouse-budget-developpement-durable-culture-les-ecologistes-a-loffensive-avant-le-conseil-municipal","status":"publish","type":"post","link":"https:\/\/www.europesays.com\/fr\/416112\/","title":{"rendered":"Toulouse. Budget, d\u00e9veloppement durable, culture&#8230; les \u00e9cologistes \u00e0 l&rsquo;offensive avant le conseil municipal"},"content":{"rendered":"<p>            Par<br \/>\n        <strong><br \/>\n            <a href=\"https:\/\/actu.fr\/auteur\/lucie-2\" title=\"Consulter tous les articles de Lucie Fraisse\" rel=\"nofollow noopener\" target=\"_blank\">Lucie Fraisse<\/a><br \/>\n        <\/strong><\/p>\n<p>        Publi\u00e9 le<\/p>\n<p>            25 sept. 2025 \u00e0 10h46        <\/p>\n<p>\u00c0 quelques jours du prochain conseil municipal de<a href=\"https:\/\/actu.fr\/toulouse\/\" rel=\"nofollow noopener\" target=\"_blank\"> Toulouse<\/a>, qui se tiendra le vendredi 26 septembre 2025 au Capitole, les \u00e9lus du<strong> groupe Toulouse \u00e9cologiste<\/strong> et solidaire ont tenu une conf\u00e9rence de presse.\u00a0<\/p>\n<p>Un \u00ab\u00a0manque du c\u00f4t\u00e9 de la r\u00e9novation des \u00e9coles\u00a0\u00bb<\/p>\n<p class=\" wall-content\">Parmi les points abord\u00e9s, <strong>la situation des \u00e9coles de Toulouse<\/strong>. \u00ab\u00a0Il y a des fermetures de classes, <strong>on manque d\u2019AESH<\/strong>, les classes sont surcharg\u00e9es, souligne ainsi Antoine Maurice. Et si la Ville a inaugur\u00e9 de nouveaux groupes scolaires, il y a un gros manque du c\u00f4t\u00e9 de la r\u00e9novation des \u00e9coles.\u00a0\u00bb<\/p>\n<p>\u00ab\u00a0Chantage \u00e0 la subvention\u00a0\u00bb<\/p>\n<p class=\" wall-content\">La situation des biblioth\u00e8ques de la Ville rose a aussi \u00e9t\u00e9 point\u00e9e du doigt par les \u00e9lus du groupe municipal Toulouse \u00e9cologiste et solidaire. \u00ab\u00a0Leur rentr\u00e9e est probl\u00e9matique, affirme Isabelle Hardy. Il y a <strong>beaucoup de biblioth\u00e8ques qui ferment le samedi<\/strong>, qui ont des horaires r\u00e9duits, qui n\u2019ouvrent pas la moiti\u00e9 des vacances\u2026\u00a0\u00bb<\/p>\n<p class=\" wall-content\">L\u2019\u00e9lue d\u00e9nonce aussi <strong>les baisses de subventions aux associations<\/strong> et s\u2019inqui\u00e8te d\u2019un \u00ab\u00a0chantage \u00e0 la subvention pour les associations qui ne soutiennent pas les positions de Jean-Luc Moudenc\u00a0\u00bb, citant ainsi le Collectif contre les nuisances a\u00e9riennes ou<a href=\"https:\/\/actu.fr\/occitanie\/toulouse_31555\/prostitution-toulouse-cinquantaine-clients-verbalises-depuis-2016_16100245.html\" rel=\"nofollow noopener\" target=\"_blank\"> l\u2019association Griselidis<\/a>.\u00a0<\/p>\n<p>D\u00e9bat d\u2019orientation budg\u00e9taire<\/p>\n<p class=\" wall-content\">Le d\u00e9bat d\u2019orientation budg\u00e9taire, pierre angulaire du futur budget de la Ville, sera \u00e9galement au menu du conseil municipal du 26 septembre. Les \u00e9lus d\u2019opposition, qui ont pu consulter le rapport d\u2019orientation budg\u00e9taire, d\u00e9noncent un document avec \u00ab\u00a0des orientations affich\u00e9es pour 2026\u00a0\u00bb qui sont \u00ab\u00a0impr\u00e9cises, voire fausses ou absentes\u00a0\u00bb.<\/p>\n<p>Vid\u00e9os : en ce moment sur Actu<\/p>\n<p class=\" wall-content\">\u00ab\u00a0Le seul objectif assum\u00e9, d\u00e8s \u00e0 pr\u00e9sent, par Monsieur Moudenc, c\u2019est la stricte stabilit\u00e9 des effectifs, qui annonce la poursuite de la d\u00e9gradation de nos services publics\u00a0\u00bb, regrette ainsi <strong>Mich\u00e8le Bleuse<\/strong>. \u00ab\u00a0Jean-Luc Moudenc n\u2019est certainement pas un maire qui rend service aux habitants de Toulouse.\u00a0\u00bb<\/p>\n<p>Pas de \u00ab\u00a0vision strat\u00e9gique\u00a0\u00bb<\/p>\n<p class=\" wall-content\">Un reproche d\u2019impr\u00e9cision dans les textes que les \u00e9lus du groupe Toulouse \u00e9cologiste et solidaire soulignent aussi dans le rapport de d\u00e9veloppement durable qui doit \u00e9galement \u00eatre pr\u00e9sent\u00e9 ce vendredi 26 septembre.\u00a0<\/p>\n<p>Votre r\u00e9gion, votre actu !<\/p>\n<p>Recevez chaque jour les infos qui comptent pour vous.<\/p>\n<p>\t<a href=\"https:\/\/actu.fr\/newsletter\" class=\"ac-btn ac-btn--corner ac-btn--medium ac-btn--blue800\" rel=\"nofollow noopener\" target=\"_blank\">S&rsquo;incrire<\/a><\/p>\n<p class=\" wall-content\">\u00ab\u00a0Ce texte est une <strong>op\u00e9ration de communication<\/strong>, masquant un manque de vision strat\u00e9gique\u00a0\u00bb, peste H\u00e9l\u00e8ne Cabanes. Apr\u00e8s l\u2019\u00e9t\u00e9 qu\u2019on a v\u00e9cu, il faut prendre les choses \u00e0 bras-le-corps et d\u00e9bitumer dans tous les quartiers ! Apr\u00e8s 12 ans de mandat, l\u2019\u00e9cologie pour Jean-Luc Moudenc, c\u2019est un slogan de campagne et un peu de verdissement par-ci par-l\u00e0. \u00ab\u00a0<\/p>\n<p>Un v\u0153u pour le Th\u00e9\u00e2tre du Grand Rond\u00a0<\/p>\n<p class=\" wall-content\">Lors de ce prochain conseil municipal, les \u00e9lus du groupe Toulouse \u00e9cologiste et citoyenne pr\u00e9senteront un v\u0153u en faveur d\u2019un soutien au th\u00e9\u00e2tre du Grand Rond et \u00e0 l\u2019\u00e9cole de th\u00e9\u00e2tre universelle qu\u2019il h\u00e9berge.<\/p>\n<p class=\" wall-content\">Personnalisez votre actualit\u00e9 en ajoutant vos villes et m\u00e9dias en favori avec <a href=\"https:\/\/moncompte.actu.fr\" title=\"D\u00e9couvez Mon Actu\" rel=\"nofollow noopener\" data-trk=\"{&quot;cta&quot;:{&quot;action&quot;:&quot;https:\\\/\\\/moncompte.actu.fr&quot;,&quot;category&quot;:&quot;mon compte&quot;,&quot;from&quot;:&quot;article footer&quot;,&quot;name&quot;:&quot;Mon actu&quot;,&quot;type&quot;:&quot;cta&quot;}}\" target=\"_blank\">Mon Actu<\/a>.<\/p>\n","protected":false},"excerpt":{"rendered":"Par Lucie Fraisse Publi\u00e9 le 25 sept. 2025 \u00e0 10h46 \u00c0 quelques jours du prochain conseil municipal de&hellip;\n","protected":false},"author":2,"featured_media":416113,"comment_status":"","ping_status":"","sticky":false,"template":"","format":"standard","meta":{"footnotes":""},"categories":[2816],"tags":[1111,11,1003,1777,674,1011,27,12,2680,316,25,2312],"class_list":{"0":"post-416112","1":"post","2":"type-post","3":"status-publish","4":"format-standard","5":"has-post-thumbnail","7":"category-toulouse","8":"tag-actu","9":"tag-actualites","10":"tag-budget","11":"tag-eu","12":"tag-europe","13":"tag-fr","14":"tag-france","15":"tag-news","16":"tag-occitanie","17":"tag-politique","18":"tag-republique-francaise","19":"tag-toulouse"},"share_on_mastodon":{"url":"https:\/\/pubeurope.com\/@fr\/115264153502464040","error":""},"_links":{"self":[{"href":"https:\/\/www.europesays.com\/fr\/wp-json\/wp\/v2\/posts\/416112","targetHints":{"allow":["GET"]}}],"collection":[{"href":"https:\/\/www.europesays.com\/fr\/wp-json\/wp\/v2\/posts"}],"about":[{"href":"https:\/\/www.europesays.com\/fr\/wp-json\/wp\/v2\/types\/post"}],"author":[{"embeddable":true,"href":"https:\/\/www.europesays.com\/fr\/wp-json\/wp\/v2\/users\/2"}],"replies":[{"embeddable":true,"href":"https:\/\/www.europesays.com\/fr\/wp-json\/wp\/v2\/comments?post=416112"}],"version-history":[{"count":0,"href":"https:\/\/www.europesays.com\/fr\/wp-json\/wp\/v2\/posts\/416112\/revisions"}],"wp:featuredmedia":[{"embeddable":true,"href":"https:\/\/www.europesays.com\/fr\/wp-json\/wp\/v2\/media\/416113"}],"wp:attachment":[{"href":"https:\/\/www.europesays.com\/fr\/wp-json\/wp\/v2\/media?parent=416112"}],"wp:term":[{"taxonomy":"category","embeddable":true,"href":"https:\/\/www.europesays.com\/fr\/wp-json\/wp\/v2\/categories?post=416112"},{"taxonomy":"post_tag","embeddable":true,"href":"https:\/\/www.europesays.com\/fr\/wp-json\/wp\/v2\/tags?post=416112"}],"curies":[{"name":"wp","href":"https:\/\/api.w.org\/{rel}","templated":true}]}}