{"id":416116,"date":"2025-09-25T09:10:15","date_gmt":"2025-09-25T09:10:15","guid":{"rendered":"https:\/\/www.europesays.com\/fr\/416116\/"},"modified":"2025-09-25T09:10:15","modified_gmt":"2025-09-25T09:10:15","slug":"inauguration-du-streetpark-de-la-halle-de-glisse-evenements","status":"publish","type":"post","link":"https:\/\/www.europesays.com\/fr\/416116\/","title":{"rendered":"Inauguration du streetpark de la Halle de Glisse \/ \u00c9v\u00e9nements"},"content":{"rendered":"<p>\n                                                                        Le 27 septembre 2025<br \/>\n\t\t\t\t\t\t\t\t\t\t\tde 10h00 \u00e0 21h00\n\t\t\t\t\t                                        <\/p>\n<p class=\"subtitle\">\u00e0 <strong><br \/>\nhalle de glisse<\/strong><\/p>\n<p>Rendez-vous sur le site de la Halle de Glisse pour une journ\u00e9e 100% glisse !<\/p>\n<p>            <img loading=\"lazy\" decoding=\"async\" src=\"\/var\/www\/storage\/images\/mediatheque\/mairie-de-lille\/images-openagenda\/inauguration-du-streetpark-de-la-halle-de-glisse\/3853751-1-fre-FR\/Inauguration-du-streetpark-de-la-Halle-de-Glisse_news_image_top.jpg\" width=\"779\" height=\"438\" alt=\"Inauguration du streetpark de la Halle de Glisse\"\/><\/p>\n<p>\nVenez d\u00e9couvrir le streetpark de la Halle de Glisse, \u00e0 l&rsquo;occasion d&rsquo;une journ\u00e9e festive et sportive !<br \/>10h00 &#8211; inauguration officielle<br \/>Une pr\u00e9sentation dynamique de cette nouvelle aire de pratique sera faite sous forme de d\u00e9monstration de nos meilleurs riders locaux en Skate, Trottinette, BMX, Roller Freestyle &amp; Roller Quad !<br \/>Suivi l&rsquo;apr\u00e8s-midi, par l&rsquo;organisation de best tricks, organis\u00e9s par l&rsquo;association LILLE SESSIONS LIBRES :<br \/>Planning des sessions Best Tricks sur le Streetpark :<br \/>13h00 &#8211; 14h30 : Trottinette<br \/>14h30 &#8211; 16h00 : BMX<br \/>16h00 &#8211; 17h30 : Skate<br \/>17h30 &#8211; 19h00 : Roller \/ Quad<br \/>Et apr\u00e8s ? DJ Set et session multi glisse jusque 21 heures.<\/p>\n<p>\nAu programme d\u2019une journ\u00e9e 100% ride et vibes : D\u00e9mos &amp; initiations tous niveaux, Stuff for tricks &amp; pleins de lots \u00e0 gagner, DJ set pour l\u2019ambiance, Buvette &amp; restauration sur place.<br \/>Skatepark int\u00e9rieur ouvert de 13h \u00e0 19h &#8211; Entr\u00e9e \u00e0 seulement 2\u20ac !<br \/>(CASQUE OBLIGATOIRE)<br \/>\u00c9v\u00e9nement \u00ab\u00a0finger skate session\u00a0\u00bb dans le Hall de l&rsquo;accueil =&gt; ramener vos Fingerboards pour participer au Contest !<br \/>En bonus : Acc\u00e8s exceptionnel \u00e0 la patinoire pour des initiations SKATE encadr\u00e9es par un moniteur de la Halle de Glisse (14h \u00e0 17h), en Roller Quad avec le LASC et par un moniteur Lille Sessions Libres pour les skateurs de niveau interm\u00e9diaire et plus.<\/p>\n<p>        \t\t                                                    Infos pratiques<\/p>\n<p>                    Adresse<\/p>\n<p>\n343 rue Marquillies<br \/>59000 Lille<\/p>\n<p>                                                            Voir le plan<\/p>\n<p>                        Contact<\/p>\n<p>03 62 26 08 26\u00a0(accueil)<\/p>\n<p>Pour tous renseignements (informations tarifaires, stages, cours, r\u00e9servation de groupes) : <a href=\"https:\/\/www.lille.fr\/Evenements\/mailto:halledeglisse.sports@mairie-lille.fr\" title=\"Cliquez pour ouvrir votre messagerie\" target=\"_self\" class=\"lien_interne\" rel=\"noopener\">halledeglisse.sports@mairie-lille.fr<\/a>\u00a0<\/p>\n<p>            Acc\u00e8s<\/p>\n<p>\nM\u00e9tro : lignes 1 et 2 &#8211; Arr\u00eat Porte des Postes<br \/>Bus : lignes 11, 52, 54, 55 et 110<\/p>\n<p>\n                    PublicsDe 8 \u00e0 99 ans<\/p>\n<p>                            Horaires<\/p>\n<p class=\"textAlone\">Le 27\/09\/2025 de 10:00 \u00e0 21:00<\/p>\n<p>                        Tarifs<\/p>\n<p>Participation gratuite sur le streetpark et les initiations sur la patinoire. 2\u20ac : entr\u00e9e pour les sessions sur le skatepark int\u00e9rieur de la Halle de Glisse<\/p>\n","protected":false},"excerpt":{"rendered":"Le 27 septembre 2025 de 10h00 \u00e0 21h00 \u00e0 halle de glisse Rendez-vous sur le site de la&hellip;\n","protected":false},"author":2,"featured_media":416117,"comment_status":"","ping_status":"","sticky":false,"template":"","format":"standard","meta":{"footnotes":""},"categories":[2815],"tags":[1111,11,4763,1777,674,1011,27,811,1307,5415,12,25],"class_list":{"0":"post-416116","1":"post","2":"type-post","3":"status-publish","4":"format-standard","5":"has-post-thumbnail","7":"category-lille","8":"tag-actu","9":"tag-actualites","10":"tag-agenda","11":"tag-eu","12":"tag-europe","13":"tag-fr","14":"tag-france","15":"tag-hauts-de-france","16":"tag-lille","17":"tag-mairie","18":"tag-news","19":"tag-republique-francaise"},"share_on_mastodon":{"url":"https:\/\/pubeurope.com\/@fr\/115264161561594453","error":""},"_links":{"self":[{"href":"https:\/\/www.europesays.com\/fr\/wp-json\/wp\/v2\/posts\/416116","targetHints":{"allow":["GET"]}}],"collection":[{"href":"https:\/\/www.europesays.com\/fr\/wp-json\/wp\/v2\/posts"}],"about":[{"href":"https:\/\/www.europesays.com\/fr\/wp-json\/wp\/v2\/types\/post"}],"author":[{"embeddable":true,"href":"https:\/\/www.europesays.com\/fr\/wp-json\/wp\/v2\/users\/2"}],"replies":[{"embeddable":true,"href":"https:\/\/www.europesays.com\/fr\/wp-json\/wp\/v2\/comments?post=416116"}],"version-history":[{"count":0,"href":"https:\/\/www.europesays.com\/fr\/wp-json\/wp\/v2\/posts\/416116\/revisions"}],"wp:featuredmedia":[{"embeddable":true,"href":"https:\/\/www.europesays.com\/fr\/wp-json\/wp\/v2\/media\/416117"}],"wp:attachment":[{"href":"https:\/\/www.europesays.com\/fr\/wp-json\/wp\/v2\/media?parent=416116"}],"wp:term":[{"taxonomy":"category","embeddable":true,"href":"https:\/\/www.europesays.com\/fr\/wp-json\/wp\/v2\/categories?post=416116"},{"taxonomy":"post_tag","embeddable":true,"href":"https:\/\/www.europesays.com\/fr\/wp-json\/wp\/v2\/tags?post=416116"}],"curies":[{"name":"wp","href":"https:\/\/api.w.org\/{rel}","templated":true}]}}