{"id":41612,"date":"2025-04-21T13:39:14","date_gmt":"2025-04-21T13:39:14","guid":{"rendered":"https:\/\/www.europesays.com\/fr\/41612\/"},"modified":"2025-04-21T13:39:14","modified_gmt":"2025-04-21T13:39:14","slug":"la-police-abat-un-homme-qui-lagressait-avec-du-gaz-irritant-2","status":"publish","type":"post","link":"https:\/\/www.europesays.com\/fr\/41612\/","title":{"rendered":"La police abat un homme qui l\u2019agressait avec du gaz irritant"},"content":{"rendered":"<p>Une intervention des forces s\u2019est termin\u00e9e tragiquement dimanche en <a data-i13n=\"cpos:1;pos:1\" href=\"https:\/\/www.20minutes.fr\/dossier\/allemagne?at_medium=RSS+feed&amp;at_campaign=ynews&amp;utm_source=yahoo&amp;utm_medium=rss&amp;utm_campaign=news_feed&amp;utm_content=in_article_link\" rel=\"nofollow noopener\" target=\"_blank\" data-ylk=\"slk:Allemagne;cpos:1;pos:1;elm:context_link;itc:0;sec:content-canvas\" class=\"link \">Allemagne<\/a>. Un policier a abattu un homme qui agressait sa patrouille avec du gaz irritant, apr\u00e8s avoir menac\u00e9 plusieurs personnes avec un couteau dans un contexte d\u2019altercation devant une <a data-i13n=\"cpos:2;pos:1\" href=\"https:\/\/www.20minutes.fr\/dossier\/boite_de_nuit?at_medium=RSS+feed&amp;at_campaign=ynews&amp;utm_source=yahoo&amp;utm_medium=rss&amp;utm_campaign=news_feed&amp;utm_content=in_article_link\" rel=\"nofollow noopener\" target=\"_blank\" data-ylk=\"slk:bo\u00eete de nuit;cpos:2;pos:1;elm:context_link;itc:0;sec:content-canvas\" class=\"link \">bo\u00eete de nuit<\/a> d\u2019Oldenbourg, dans le nord-ouest du pays.<\/p>\n<p>Une enqu\u00eate a \u00e9t\u00e9 ouverte contre l\u2019agent de 27 ans qui a tir\u00e9 \u00e0 plusieurs reprises sur l\u2019homme de 21 ans, d\u00e9c\u00e9d\u00e9 des suites de ses blessures \u00e0 l\u2019h\u00f4pital. \u00ab Pour des raisons de neutralit\u00e9 \u00bb, c\u2019est la police d\u2019une autre ville de la r\u00e9gion qui m\u00e8ne l\u2019enqu\u00eate sous la direction du parquet d\u2019Oldenbourg, a pr\u00e9cis\u00e9 la police.<\/p>\n<p>Plusieurs personnes bless\u00e9es l\u00e9g\u00e8rement<\/p>\n<p>L\u2019intervention a eu lieu en fin de nuit de samedi \u00e0 dimanche apr\u00e8s que l\u2019<a data-i13n=\"cpos:3;pos:1\" href=\"https:\/\/www.20minutes.fr\/dossier\/agression?at_medium=RSS+feed&amp;at_campaign=ynews&amp;utm_source=yahoo&amp;utm_medium=rss&amp;utm_campaign=news_feed&amp;utm_content=in_article_link\" rel=\"nofollow noopener\" target=\"_blank\" data-ylk=\"slk:agresseur;cpos:3;pos:1;elm:context_link;itc:0;sec:content-canvas\" class=\"link \">agresseur<\/a> pr\u00e9sum\u00e9 \u00ab a bless\u00e9 et menac\u00e9 plusieurs personnes \u00bb, a affirm\u00e9 la police.<\/p>\n<p>\u00ab Apr\u00e8s s\u2019\u00eatre vu refuser l\u2019entr\u00e9e \u00bb d\u2019une bo\u00eete de nuit, l\u2019agresseur pr\u00e9sum\u00e9 \u00ab a pulv\u00e9ris\u00e9 un gaz irritant en direction de deux employ\u00e9s du service de s\u00e9curit\u00e9 \u00bb, occasionnant des \u00ab blessures l\u00e9g\u00e8res \u00bb \u00e0 plusieurs personnes. \u00ab Certaines personnes ont commenc\u00e9 \u00e0 le poursuivre mais ont abandonn\u00e9 lorsqu\u2019il les a menac\u00e9es avec un couteau \u00bb, a encore d\u00e9crit la police.<\/p>\n<p>Apr\u00e8s avoir fui l\u2019arriv\u00e9e d\u2019un premier groupe de policiers, le jeune homme est tomb\u00e9 sur une autre patrouille. Il s\u2019est alors \u00ab dirig\u00e9 de mani\u00e8re mena\u00e7ante vers les policiers \u00bb en \u00ab pulv\u00e9risant du gaz irritant dans leur direction \u00bb, ce qui a amen\u00e9 le policier \u00e0 \u00ab faire usage de son arme \u00bb, toujours s(&#8230;)<\/p>\n<p><a data-i13n=\"cpos:4;pos:1\" href=\"https:\/\/www.20minutes.fr\/monde\/allemagne\/4149554-20250421-allemagne-police-abat-homme-agressait-gaz-irritant?at_medium=RSS+feed&amp;at_campaign=ynews&amp;utm_source=yahoo&amp;utm_medium=rss&amp;utm_campaign=news_feed&amp;utm_content=read_more_link%22\" rel=\"nofollow noopener\" target=\"_blank\" data-ylk=\"slk:Lire la suite sur 20minutes;cpos:4;pos:1;elm:context_link;itc:0;sec:content-canvas\" class=\"link \">Lire la suite sur 20minutes<\/a><\/p>\n<p>\u00c0 lire aussi :<br \/><a data-i13n=\"cpos:5;pos:1\" href=\"https:\/\/www.20minutes.fr\/monde\/allemagne\/4148881-20250416-allemagne-medecin-soins-palliatifs-accuse-quinze-meurtres?at_medium=RSS+feed&amp;at_campaign=ynews&amp;utm_source=yahoo&amp;utm_medium=rss&amp;utm_campaign=news_feed&amp;utm_content=related_content_link\" rel=\"nofollow noopener\" target=\"_blank\" data-ylk=\"slk:Allemagne : Un m\u00e9decin en soins palliatifs accus\u00e9 de quinze meurtres;cpos:5;pos:1;elm:context_link;itc:0;sec:content-canvas\" class=\"link \">Allemagne : Un m\u00e9decin en soins palliatifs accus\u00e9 de quinze meurtres<\/a><br \/><a data-i13n=\"cpos:6;pos:1\" href=\"https:\/\/www.20minutes.fr\/monde\/allemagne\/4147914-20250410-allemagne-homme-passe-espoir-face-trump-friedrich-merz-futur-chancelier?at_medium=RSS+feed&amp;at_campaign=ynews&amp;utm_source=yahoo&amp;utm_medium=rss&amp;utm_campaign=news_feed&amp;utm_content=related_content_link\" rel=\"nofollow noopener\" target=\"_blank\" data-ylk=\"slk:Allemagne : \u00ab Homme du pass\u00e9 \u00bb, espoir face \u00e0 Trump\u2026 Qui est Friedrich Merz futur chancelier ?;cpos:6;pos:1;elm:context_link;itc:0;sec:content-canvas\" class=\"link \">Allemagne : \u00ab Homme du pass\u00e9 \u00bb, espoir face \u00e0 Trump\u2026 Qui est Friedrich Merz futur chancelier ?<\/a><\/p>\n","protected":false},"excerpt":{"rendered":"Une intervention des forces s\u2019est termin\u00e9e tragiquement dimanche en Allemagne. Un policier a abattu un homme qui agressait&hellip;\n","protected":false},"author":2,"featured_media":41613,"comment_status":"","ping_status":"","sticky":false,"template":"","format":"standard","meta":{"footnotes":""},"categories":[1587],"tags":[11,672,6627,1804,1805,1803,1777,674,1801,3371,12,1802,12680],"class_list":{"0":"post-41612","1":"post","2":"type-post","3":"status-publish","4":"format-standard","5":"has-post-thumbnail","7":"category-allemagne","8":"tag-actualites","9":"tag-allemagne","10":"tag-boite-de-nuit","11":"tag-bundesrepublik-deutschland","12":"tag-de","13":"tag-deutschland","14":"tag-eu","15":"tag-europe","16":"tag-germany","17":"tag-la-police","18":"tag-news","19":"tag-republique-federale-dallemagne","20":"tag-service-de-securite"},"share_on_mastodon":{"url":"https:\/\/pubeurope.com\/@fr\/114376236347625191","error":""},"_links":{"self":[{"href":"https:\/\/www.europesays.com\/fr\/wp-json\/wp\/v2\/posts\/41612","targetHints":{"allow":["GET"]}}],"collection":[{"href":"https:\/\/www.europesays.com\/fr\/wp-json\/wp\/v2\/posts"}],"about":[{"href":"https:\/\/www.europesays.com\/fr\/wp-json\/wp\/v2\/types\/post"}],"author":[{"embeddable":true,"href":"https:\/\/www.europesays.com\/fr\/wp-json\/wp\/v2\/users\/2"}],"replies":[{"embeddable":true,"href":"https:\/\/www.europesays.com\/fr\/wp-json\/wp\/v2\/comments?post=41612"}],"version-history":[{"count":0,"href":"https:\/\/www.europesays.com\/fr\/wp-json\/wp\/v2\/posts\/41612\/revisions"}],"wp:featuredmedia":[{"embeddable":true,"href":"https:\/\/www.europesays.com\/fr\/wp-json\/wp\/v2\/media\/41613"}],"wp:attachment":[{"href":"https:\/\/www.europesays.com\/fr\/wp-json\/wp\/v2\/media?parent=41612"}],"wp:term":[{"taxonomy":"category","embeddable":true,"href":"https:\/\/www.europesays.com\/fr\/wp-json\/wp\/v2\/categories?post=41612"},{"taxonomy":"post_tag","embeddable":true,"href":"https:\/\/www.europesays.com\/fr\/wp-json\/wp\/v2\/tags?post=41612"}],"curies":[{"name":"wp","href":"https:\/\/api.w.org\/{rel}","templated":true}]}}