{"id":416120,"date":"2025-09-25T09:12:15","date_gmt":"2025-09-25T09:12:15","guid":{"rendered":"https:\/\/www.europesays.com\/fr\/416120\/"},"modified":"2025-09-25T09:12:15","modified_gmt":"2025-09-25T09:12:15","slug":"le-maire-dallauch-a-integre-le-groupe-de-travail-sur-la-loi-sru-de","status":"publish","type":"post","link":"https:\/\/www.europesays.com\/fr\/416120\/","title":{"rendered":"Le maire d\u2019Allauch a int\u00e9gr\u00e9 le groupe de travail sur la loi SRU de (\u2026)"},"content":{"rendered":"<p>                    <img loading=\"lazy\" decoding=\"async\" src=\"https:\/\/www.europesays.com\/fr\/wp-content\/uploads\/2025\/09\/cf92b54218ef40881adfe599a5df43.jpg\" class=\"img-responsive post-image\" width=\"680\" height=\"510\" alt=\"Le maire d'Allauch a (\u2026)\" title=\" Le maire d'Allauch a int\u00e9gr\u00e9 le groupe de travail sur la loi SRU de l'Association des Maires de France\"\/><\/p>\n<p class=\"chapo\">Lionel de Cala, maire d\u2019Allauch, a \u00e9t\u00e9 re\u00e7u par le pr\u00e9sident David Lisnard au si\u00e8ge de l\u2019Association des Maires de France (AMF).<\/p>\n<p>Ce rendez-vous a permis d\u2019\u00e9voquer les enjeux li\u00e9s au logement et \u00e0 la loi SRU suite \u00e0 un r\u00e9cent arr\u00eat\u00e9 pr\u00e9fectoral et aux p\u00e9nalit\u00e9s financi\u00e8res subies par de nombreuses communes (pr\u00e8s d\u20191,3M\u20ac pour Allauch). \u00c0 cette occasion, l\u2019\u00e9lu des Bouches-Rh\u00f4ne a \u00e9t\u00e9 int\u00e9gr\u00e9 \u00e0 un groupe de travail national charg\u00e9 de r\u00e9fl\u00e9chir \u00e0 une r\u00e9forme de cette loi, en vigueur depuis plus de 25 ans.<\/p>\n<p><strong>En effet, l\u2019Association des Maires de France demande que le contingent de logements sociaux fix\u00e9 \u00e0 25\u00a0% soit comptabilis\u00e9 \u00e0 l\u2019\u00e9chelle de la M\u00e9tropole (et non commune par commune). <\/strong> Elle demande de privil\u00e9gier la r\u00e9novation d\u2019habitats anciens plut\u00f4t que de construire sur des zones naturelles ou agricoles. Elle r\u00e9clame \u00e0 obtenir le soutien de l\u2019Etat pour mener une politique du logement plus \u00e9quilibr\u00e9e et non des contraintes toujours plus fortes sans prise en compte de la r\u00e9alit\u00e9 de notre territoire. Les p\u00e9nalit\u00e9s financi\u00e8res (pr\u00e8s de 1,3M\u20ac en 2025\u2026) pourraient \u00eatre consacr\u00e9es \u00e0 la r\u00e9novation de nos logements. Elle souhaite que l\u2019attribution des logements soit confi\u00e9e aux maires pour pouvoir les accorder aux habitants des communes.<\/p>\n<p>100 \u00e9lus locaux \u00e0 suivre en 2025 <\/p>\n<p>Par ailleurs, Lionel de Cala a re\u00e7u une distinction au S\u00e9nat o\u00f9 il figure dans le palmar\u00e8s des \u00ab\u00a0100 \u00e9lus locaux \u00e0 suivre en 2025\u00a0\u00bb, ce qui lui a permis de rappeler la n\u00e9cessit\u00e9 indispensable de r\u00e9former cette loi dans les meilleurs d\u00e9lais aupr\u00e8s des parlementaires.<br class=\"autobr\"\/><br \/>\nCe palmar\u00e8s a \u00e9t\u00e9 con\u00e7u pour identifier et mettre en valeur les \u00e9lus locaux capables de r\u00e9pondre aux d\u00e9fis d\u2019aujourd\u2019hui en alliant vision strat\u00e9gique, capacit\u00e9 d\u2019adaptation et engagement. Il s\u2019appuie sur plusieurs crit\u00e8res parmi lesquels l\u2019influence institutionnelle, l\u2019impact sur les politiques locales, la capacit\u00e9 d\u2019anticipation, l\u2019engagement soci\u00e9tal ou encore l\u2019innovation, et valorise leur capacit\u00e9 \u00e0 faire bouger les lignes sur leur territoire.<\/p>\n","protected":false},"excerpt":{"rendered":"Lionel de Cala, maire d\u2019Allauch, a \u00e9t\u00e9 re\u00e7u par le pr\u00e9sident David Lisnard au si\u00e8ge de l\u2019Association des&hellip;\n","protected":false},"author":2,"featured_media":416121,"comment_status":"","ping_status":"","sticky":false,"template":"","format":"standard","meta":{"footnotes":""},"categories":[2814],"tags":[1111,11,2408,1777,674,1011,27,884,12,882,25],"class_list":{"0":"post-416120","1":"post","2":"type-post","3":"status-publish","4":"format-standard","5":"has-post-thumbnail","7":"category-marseille","8":"tag-actu","9":"tag-actualites","10":"tag-appels-d","11":"tag-eu","12":"tag-europe","13":"tag-fr","14":"tag-france","15":"tag-marseille","16":"tag-news","17":"tag-provence-alpes-cote-dazur","18":"tag-republique-francaise"},"share_on_mastodon":{"url":"https:\/\/pubeurope.com\/@fr\/115264169396021990","error":""},"_links":{"self":[{"href":"https:\/\/www.europesays.com\/fr\/wp-json\/wp\/v2\/posts\/416120","targetHints":{"allow":["GET"]}}],"collection":[{"href":"https:\/\/www.europesays.com\/fr\/wp-json\/wp\/v2\/posts"}],"about":[{"href":"https:\/\/www.europesays.com\/fr\/wp-json\/wp\/v2\/types\/post"}],"author":[{"embeddable":true,"href":"https:\/\/www.europesays.com\/fr\/wp-json\/wp\/v2\/users\/2"}],"replies":[{"embeddable":true,"href":"https:\/\/www.europesays.com\/fr\/wp-json\/wp\/v2\/comments?post=416120"}],"version-history":[{"count":0,"href":"https:\/\/www.europesays.com\/fr\/wp-json\/wp\/v2\/posts\/416120\/revisions"}],"wp:featuredmedia":[{"embeddable":true,"href":"https:\/\/www.europesays.com\/fr\/wp-json\/wp\/v2\/media\/416121"}],"wp:attachment":[{"href":"https:\/\/www.europesays.com\/fr\/wp-json\/wp\/v2\/media?parent=416120"}],"wp:term":[{"taxonomy":"category","embeddable":true,"href":"https:\/\/www.europesays.com\/fr\/wp-json\/wp\/v2\/categories?post=416120"},{"taxonomy":"post_tag","embeddable":true,"href":"https:\/\/www.europesays.com\/fr\/wp-json\/wp\/v2\/tags?post=416120"}],"curies":[{"name":"wp","href":"https:\/\/api.w.org\/{rel}","templated":true}]}}