{"id":416122,"date":"2025-09-25T09:13:10","date_gmt":"2025-09-25T09:13:10","guid":{"rendered":"https:\/\/www.europesays.com\/fr\/416122\/"},"modified":"2025-09-25T09:13:10","modified_gmt":"2025-09-25T09:13:10","slug":"lycee-victor-hugo-college-josephine-baker-a-marseille-ce-que-le-nom-des-etablissements-scolaires-nous-dit","status":"publish","type":"post","link":"https:\/\/www.europesays.com\/fr\/416122\/","title":{"rendered":"Lyc\u00e9e Victor-Hugo, coll\u00e8ge Jos\u00e9phine-Baker&#8230; \u00e0 Marseille, ce que le nom des \u00e9tablissements scolaires nous dit"},"content":{"rendered":"<p>Apprendre \u00e0 lire \u00e0 l\u2019\u00e9cole Saint-Just (13e). S\u00e9cher les cours au coll\u00e8ge Jules-Ferry (15e). Passer le bac au <a href=\"https:\/\/www.laprovence.com\/article\/region\/1433722088687614\/cela-va-compromettre-nos-enseignements-au-lycee-victor-hugo-a-marseille-une-greve-pour-davantage-de-moyens\" target=\"_blank\" rel=\"noopener\">lyc\u00e9e Victor-Hugo<\/a> (3e) ou pr\u00e9parer les grandes \u00e9coles \u00e0 Saint-Exup\u00e9ry (15e). Les noms des \u00e9tablissements scolaires peuvent para\u00eetre anecdotiques. Mais pour les \u00e9l\u00e8ves, ils constituent le premier rapport concret avec la R\u00e9publique et contribuent \u00e0 \u00e9crire un r\u00e9cit commun. Mais cette histoire partag\u00e9e est encore largement squatt\u00e9e par des figures d\u2019hommes blancs.<\/p>\n<p>Les collectivit\u00e9s (la mairie pour les \u00e9coles, le D\u00e9partement pour les coll\u00e8ges et la R\u00e9gion pour les lyc\u00e9es) ont donc entam\u00e9 depuis quelques ann\u00e9es un r\u00e9\u00e9quilibrage n\u00e9cessaire, pour y inscrire le nom de femmes et de personnalit\u00e9s \u00e9trang\u00e8res.<\/p>\n<p>Seulement 16% de femmes<\/p>\n<p>\u00ab\u00a0En France, environ la moiti\u00e9 des 60\u00a0000\u00a0\u00e9tablissements publics portent le nom d\u2019une personnalit\u00e9, pose Camille Le Cam, ing\u00e9nieure de recherche au Conseil d\u2019\u00e9valuation de l\u2019\u00e9cole du minist\u00e8re de l\u2019\u00c9ducation nationale et co-autrice du rapport De quoi les \u00e9tablissements scolaires sont-ils le nom. Parmi ceux-l\u00e0, seuls 10% honorent une personnalit\u00e9 \u00e9trang\u00e8re et seuls 16% une femme. On observe cependant une tentative d\u2019inversion de cette tendance. Depuis\u00a02017, 3\u00a0500&#8230;<\/p>\n","protected":false},"excerpt":{"rendered":"Apprendre \u00e0 lire \u00e0 l\u2019\u00e9cole Saint-Just (13e). S\u00e9cher les cours au coll\u00e8ge Jules-Ferry (15e). Passer le bac au&hellip;\n","protected":false},"author":2,"featured_media":416123,"comment_status":"","ping_status":"","sticky":false,"template":"","format":"standard","meta":{"footnotes":""},"categories":[2814],"tags":[17,1111,11,1102,1124,1777,674,1011,27,41709,2633,884,12,19800,882,746,16,25,16369],"class_list":{"0":"post-416122","1":"post","2":"type-post","3":"status-publish","4":"format-standard","5":"has-post-thumbnail","7":"category-marseille","8":"tag-17","9":"tag-actu","10":"tag-actualites","11":"tag-breakingnews","12":"tag-college","13":"tag-eu","14":"tag-europe","15":"tag-fr","16":"tag-france","17":"tag-josephine-baker","18":"tag-lycee","19":"tag-marseille","20":"tag-news","21":"tag-nom","22":"tag-provence-alpes-cote-dazur","23":"tag-que","24":"tag-region","25":"tag-republique-francaise","26":"tag-victor-hugo"},"share_on_mastodon":{"url":"https:\/\/pubeurope.com\/@fr\/115264173166815849","error":""},"_links":{"self":[{"href":"https:\/\/www.europesays.com\/fr\/wp-json\/wp\/v2\/posts\/416122","targetHints":{"allow":["GET"]}}],"collection":[{"href":"https:\/\/www.europesays.com\/fr\/wp-json\/wp\/v2\/posts"}],"about":[{"href":"https:\/\/www.europesays.com\/fr\/wp-json\/wp\/v2\/types\/post"}],"author":[{"embeddable":true,"href":"https:\/\/www.europesays.com\/fr\/wp-json\/wp\/v2\/users\/2"}],"replies":[{"embeddable":true,"href":"https:\/\/www.europesays.com\/fr\/wp-json\/wp\/v2\/comments?post=416122"}],"version-history":[{"count":0,"href":"https:\/\/www.europesays.com\/fr\/wp-json\/wp\/v2\/posts\/416122\/revisions"}],"wp:featuredmedia":[{"embeddable":true,"href":"https:\/\/www.europesays.com\/fr\/wp-json\/wp\/v2\/media\/416123"}],"wp:attachment":[{"href":"https:\/\/www.europesays.com\/fr\/wp-json\/wp\/v2\/media?parent=416122"}],"wp:term":[{"taxonomy":"category","embeddable":true,"href":"https:\/\/www.europesays.com\/fr\/wp-json\/wp\/v2\/categories?post=416122"},{"taxonomy":"post_tag","embeddable":true,"href":"https:\/\/www.europesays.com\/fr\/wp-json\/wp\/v2\/tags?post=416122"}],"curies":[{"name":"wp","href":"https:\/\/api.w.org\/{rel}","templated":true}]}}