{"id":416153,"date":"2025-09-25T09:28:13","date_gmt":"2025-09-25T09:28:13","guid":{"rendered":"https:\/\/www.europesays.com\/fr\/416153\/"},"modified":"2025-09-25T09:28:13","modified_gmt":"2025-09-25T09:28:13","slug":"face-a-bruxelles-la-france-doit-renouer-avec-la-politique-de-la-chaise-vide","status":"publish","type":"post","link":"https:\/\/www.europesays.com\/fr\/416153\/","title":{"rendered":"\u00abFace \u00e0 Bruxelles, la France doit renouer avec la politique de la chaise vide\u00bb"},"content":{"rendered":"<p><strong>FIGAROVOX\/TRIBUNE &#8211; <\/strong>Alors que Bruxelles a lanc\u00e9 le processus de ratification de l\u2019accord de libre-\u00e9change, la Conf\u00e9d\u00e9ration paysanne a appel\u00e9 ce mercredi \u00e0 manifester le 14 octobre. Pour le d\u00e9put\u00e9 UDR de la Creuse Bartolom\u00e9 Lenoir, il faut \u00e0 tout prix refuser les pressions de l\u2019UE qui mettent \u00e0 mal l\u2019agriculture.<\/p>\n<p class=\"fig-paragraph\">Bartolom\u00e9 Lenoir est d\u00e9put\u00e9 UDR de la Creuse.<\/p>\n<p class=\"fig-paragraph\">Chaque jour, dans la Creuse comme partout en France, nos paysans se l\u00e8vent \u00e0 l\u2019aube pour nourrir la nation. Ils ne demandent ni compassion ni piti\u00e9\u00a0: seulement le droit \u00e9l\u00e9mentaire de vivre dignement de leur travail. Mais aujourd\u2019hui, ils voient leur avenir menac\u00e9 par les d\u00e9cisions de Bruxelles. D\u00e9mant\u00e8lement de la Politique agricole commune, accord de libre-\u00e9change avec le Mercosur\u00a0: la France doit agir fermement pour pr\u00e9server sa\u00a0<a href=\"http:\/\/www.lefigaro.fr\/conjoncture\/ancrer-la-souverainete-alimentaire-dans-la-loi-suffira-t-il-a-sauver-l-agriculture-francaise-20240402\" target=\"_blank\" data-fig-type=\"Article\" rel=\"noopener\" data-gtm-custom-categorie=\"navigation\" data-gtm-custom-action=\"crossclick\" data-gtm-custom-label=\"Contextuel\" data-gtm-event=\"customEventSPE\" data-fig-domain=\"LEFIGARO\">souverainet\u00e9 agricole<\/a>.<\/p>\n<p>                                    <a class=\"fig-a11y-skip a11y-hidden\" href=\"#fig-a11y-skip-main-inarticle\"><br \/>\n        Passer la publicit\u00e9<br \/>\n    <\/a><\/p>\n<p class=\"fig-paragraph\">Pilier fondateur de l\u2019Europe, la PAC est syst\u00e9matiquement d\u00e9tricot\u00e9e. Un recul budg\u00e9taire de 20 % a \u00e9t\u00e9 act\u00e9. Vingt pour cent\u00a0! C\u2019est un coup de massue pour des exploitations d\u00e9j\u00e0 fragilis\u00e9es par l\u2019inflation, la hausse du co\u00fbt de l\u2019\u00e9nergie, l\u2019exigence de normes toujours plus contraignantes. Au moment m\u00eame o\u00f9 la guerre en Ukraine a r\u00e9v\u00e9l\u00e9 notre d\u00e9pendance, l\u2019Europe choisit d\u2019amputer son outil agricole. C\u2019est un non-sens \u00e9conomique, strat\u00e9gique et moral.<\/p>\n<p class=\"fig-paragraph\">\u00c0 cette r\u00e9gression budg\u00e9taire s\u2019ajoute l\u2019ombre port\u00e9e de l\u2019accord UE-Mercosur. Il pr\u00e9voit d\u2019ouvrir largement nos march\u00e9s \u00e0 des importations massives de viande bovine, produites selon des standards environnementaux et sanitaires infiniment moins rigoureux que les n\u00f4tres. Derri\u00e8re chaque cargaison d\u00e9barqu\u00e9e en Europe, ce sont des hectares de for\u00eats ras\u00e9es en Amazonie, des troupeaux engraiss\u00e9s aux hormones, des pratiques interdites chez nous. Demain, nos \u00e9leveurs creusois, corr\u00e9ziens, auvergnats, devront rivaliser avec des produits brad\u00e9s, qui n\u2019ont de \u00ab comp\u00e9titifs\u00a0\u00bb que le m\u00e9pris des r\u00e8gles que nous nous imposons.<\/p>\n<p class=\"fig-paragraph\">Au nom de quoi devrions-nous accepter ce march\u00e9 de dupes\u00a0? Pour satisfaire une id\u00e9ologie datant des ann\u00e9es 1980 \u00e0 une \u00e9poque o\u00f9 tout le monde se prot\u00e8ge\u00a0? Peut-on parler d\u2019Europe puissance quand elle se rend incapable de nourrir sa propre population\u00a0? Il faut avoir le courage de le dire\u00a0: sans agriculture, il n\u2019y a pas de souverainet\u00e9. Un pays qui ne peut plus remplir ses assiettes par lui-m\u00eame n\u2019est plus libre. L\u2019ind\u00e9pendance alimentaire n\u2019est pas un luxe, c\u2019est une condition de l\u2019ind\u00e9pendance nationale, au m\u00eame titre que la d\u00e9fense ou l\u2019\u00e9nergie. Laisser mourir la PAC, signer<a href=\"http:\/\/www.lefigaro.fr\/politique\/accord-ue-mercosur-le-rn-et-lfi-veulent-renverser-ursula-von-der-leyen-20250904\" target=\"_blank\" data-fig-type=\"Article\" rel=\"noopener\" data-gtm-custom-categorie=\"navigation\" data-gtm-custom-action=\"crossclick\" data-gtm-custom-label=\"Contextuel\" data-gtm-event=\"customEventSPE\" data-fig-domain=\"LEFIGARO\">\u00a0l\u2019accord Mercosur<\/a>, ce n\u2019est pas seulement fragiliser les revenus agricoles\u00a0: c\u2019est affaiblir la France et l\u2019Europe tout enti\u00e8res.<\/p>\n<blockquote class=\"fig-quote&#10;    \">\n<p class=\"fig-quote__text\">Si Bruxelles persiste \u00e0 r\u00e9duire la PAC et \u00e0 ouvrir nos march\u00e9s \u00e0 une concurrence d\u00e9loyale, la France doit se retirer de la table.<\/p>\n<p>            Bartolom\u00e9 Lenoir\n    <\/p><\/blockquote>\n<p class=\"fig-paragraph\">Mais nous ne sommes pas condamn\u00e9s \u00e0 l\u2019impuissance. L\u2019histoire nous donne un pr\u00e9c\u00e9dent. En 1965, face \u00e0 une Europe qui mena\u00e7ait les int\u00e9r\u00eats vitaux de la France, le g\u00e9n\u00e9ral de Gaulle d\u00e9cida la\u00a0<a href=\"http:\/\/www.lefigaro.fr\/international\/le-pire-serait-la-politique-de-la-chaise-vide-les-europeens-s-inquietent-d-un-desengagement-americain-au-sein-de-l-otan-20250313\" target=\"_blank\" data-fig-type=\"Article\" rel=\"noopener\" data-gtm-custom-categorie=\"navigation\" data-gtm-custom-action=\"crossclick\" data-gtm-custom-label=\"Contextuel\" data-gtm-event=\"customEventSPE\" data-fig-domain=\"LEFIGARO\">politique de la chaise vide<\/a>. Ce geste, critiqu\u00e9 \u00e0 l\u2019\u00e9poque, permit d\u2019imposer le compromis de Luxembourg et de sauver la PAC. De Gaulle avait compris qu\u2019en politique, la fermet\u00e9 n\u2019est pas un caprice\u00a0: c\u2019est parfois la seule voie pour se faire respecter.<\/p>\n<p class=\"fig-paragraph\">D\u00e8s les d\u00e9buts de la construction europ\u00e9enne, le g\u00e9n\u00e9ral de Gaulle avait compris que la France ne pouvait rester forte qu\u2019en prot\u00e9geant son agriculture. En sauvant et surtout en soutenant la Politique agricole commune, il en fit non seulement un instrument de solidarit\u00e9 europ\u00e9enne, mais avant tout un rempart au service de l\u2019exception agricole fran\u00e7aise. Pour lui, la PAC n\u2019\u00e9tait pas un simple m\u00e9canisme budg\u00e9taire\u00a0: c\u2019\u00e9tait une arme strat\u00e9gique, destin\u00e9e \u00e0 garantir notre ind\u00e9pendance alimentaire et \u00e0 assurer la dignit\u00e9 de nos paysans.<\/p>\n<p>                                    <a class=\"fig-a11y-skip a11y-hidden\" href=\"#fig-a11y-skip-main-inarticle_mtf\"><br \/>\n        Passer la publicit\u00e9<br \/>\n    <\/a><\/p>\n<p class=\"fig-paragraph\">Aujourd\u2019hui, nous devons retrouver cette audace. Si Bruxelles persiste \u00e0 r\u00e9duire la PAC et \u00e0 ouvrir nos march\u00e9s \u00e0 une concurrence d\u00e9loyale, la France doit se retirer de la table. Non pour affaiblir l\u2019Europe, mais pour la rappeler \u00e0 sa vocation\u00a0: prot\u00e9ger ses peuples, garantir leur s\u00e9curit\u00e9, assurer leur avenir. Une Europe qui abandonne son agriculture n\u2019est plus une Europe puissance, mais une colonie des march\u00e9s mondiaux.<\/p>\n<p class=\"fig-body-link\">\n            \u00c0 lire aussi<br \/>\n        <a class=\"fig-body-link__link\" href=\"http:\/\/www.lefigaro.fr\/vox\/economie\/l-accord-de-libre-echange-ue-mercosur-symbole-des-contradictions-qui-tuent-notre-agriculture-20240912\" target=\"_blank\" data-fig-type=\"Article\" rel=\"noopener\" data-gtm-custom-categorie=\"navigation\" data-gtm-custom-action=\"crossclick\" data-gtm-custom-label=\"Contextuel\" data-gtm-event=\"customEventSPE\" data-fig-domain=\"LEFIGARO\">\u00abL&rsquo;accord de libre-\u00e9change UE-Mercosur, symbole des contradictions qui tuent notre agriculture\u00bb<br \/>\n    <\/a>\n<\/p>\n<p class=\"fig-paragraph\">Nos agriculteurs n\u2019ont pas besoin de comm\u00e9morations ni de discours. Ils ont besoin d\u2019actes. Ils attendent que la France les d\u00e9fende, qu\u2019elle se batte pour eux comme ils se battent chaque jour pour nous nourrir. D\u00e9fendre la\u00a0<a href=\"http:\/\/www.lefigaro.fr\/conjoncture\/fronde-contre-la-baisse-programmee-de-plus-de-20-du-budget-de-la-politique-agricole-commune-20250716\" target=\"_blank\" data-fig-type=\"Article\" rel=\"noopener\" data-gtm-custom-categorie=\"navigation\" data-gtm-custom-action=\"crossclick\" data-gtm-custom-label=\"Contextuel\" data-gtm-event=\"customEventSPE\" data-fig-domain=\"LEFIGARO\">PAC<\/a>, refuser l\u2019accord Mercosur, pratiquer la politique de la chaise vide s\u2019il le faut\u00a0: voil\u00e0 le seul chemin.<\/p>\n<p class=\"fig-paragraph\">Car l\u2019enjeu d\u00e9passe le monde paysan. Il s\u2019agit de savoir quel avenir nous voulons\u00a0: des campagnes vivantes, avec des paysans libres et respect\u00e9s, ou des terres abandonn\u00e9es, livr\u00e9es aux friches et aux importations. Il s\u2019agit de savoir si nous voulons rester ma\u00eetres de nos assiettes, ou d\u00e9pendre de cargaisons venues de l\u2019autre bout du monde. La r\u00e9ponse doit \u00eatre claire. La France ne peut accepter l\u2019effacement. Sans agriculture, pas de souverainet\u00e9. Et sans souverainet\u00e9, pas de France.<\/p>\n","protected":false},"excerpt":{"rendered":"FIGAROVOX\/TRIBUNE &#8211; Alors que Bruxelles a lanc\u00e9 le processus de ratification de l\u2019accord de libre-\u00e9change, la Conf\u00e9d\u00e9ration paysanne&hellip;\n","protected":false},"author":2,"featured_media":416154,"comment_status":"","ping_status":"","sticky":false,"template":"","format":"standard","meta":{"footnotes":""},"categories":[1586],"tags":[11,327,1777,674,1779,1011,27,12,33974,25,1778,364],"class_list":{"0":"post-416153","1":"post","2":"type-post","3":"status-publish","4":"format-standard","5":"has-post-thumbnail","7":"category-europe","8":"tag-actualites","9":"tag-agriculture","10":"tag-eu","11":"tag-europe","12":"tag-european-union","13":"tag-fr","14":"tag-france","15":"tag-news","16":"tag-pac","17":"tag-republique-francaise","18":"tag-ue","19":"tag-union-europeenne"},"share_on_mastodon":{"url":"https:\/\/pubeurope.com\/@fr\/115264232162428696","error":""},"_links":{"self":[{"href":"https:\/\/www.europesays.com\/fr\/wp-json\/wp\/v2\/posts\/416153","targetHints":{"allow":["GET"]}}],"collection":[{"href":"https:\/\/www.europesays.com\/fr\/wp-json\/wp\/v2\/posts"}],"about":[{"href":"https:\/\/www.europesays.com\/fr\/wp-json\/wp\/v2\/types\/post"}],"author":[{"embeddable":true,"href":"https:\/\/www.europesays.com\/fr\/wp-json\/wp\/v2\/users\/2"}],"replies":[{"embeddable":true,"href":"https:\/\/www.europesays.com\/fr\/wp-json\/wp\/v2\/comments?post=416153"}],"version-history":[{"count":0,"href":"https:\/\/www.europesays.com\/fr\/wp-json\/wp\/v2\/posts\/416153\/revisions"}],"wp:featuredmedia":[{"embeddable":true,"href":"https:\/\/www.europesays.com\/fr\/wp-json\/wp\/v2\/media\/416154"}],"wp:attachment":[{"href":"https:\/\/www.europesays.com\/fr\/wp-json\/wp\/v2\/media?parent=416153"}],"wp:term":[{"taxonomy":"category","embeddable":true,"href":"https:\/\/www.europesays.com\/fr\/wp-json\/wp\/v2\/categories?post=416153"},{"taxonomy":"post_tag","embeddable":true,"href":"https:\/\/www.europesays.com\/fr\/wp-json\/wp\/v2\/tags?post=416153"}],"curies":[{"name":"wp","href":"https:\/\/api.w.org\/{rel}","templated":true}]}}