{"id":416155,"date":"2025-09-25T09:29:12","date_gmt":"2025-09-25T09:29:12","guid":{"rendered":"https:\/\/www.europesays.com\/fr\/416155\/"},"modified":"2025-09-25T09:29:12","modified_gmt":"2025-09-25T09:29:12","slug":"un-record-de-froid-a-ete-battu-a-paris-mercredi-24-septembre","status":"publish","type":"post","link":"https:\/\/www.europesays.com\/fr\/416155\/","title":{"rendered":"un record de froid a \u00e9t\u00e9 battu \u00e0 Paris mercredi 24 septembre"},"content":{"rendered":"<p>Avec une temp\u00e9rature qui n\u2019a pas d\u00e9pass\u00e9 les 10,8\u00b0C selon la Cha\u00eene m\u00e9t\u00e9o, la capitale a connu mercredi un \u00e9pisode de froid inhabituel pour un mois de septembre. Jeudi aussi sera une journ\u00e9e fra\u00eeche avec 12\u00b0C attendu dans Paris.<\/p>\n<p class=\"fig-paragraph\">Alors que l\u2019automne a d\u00e9but\u00e9 lundi, l<a href=\"http:\/\/www.lefigaro.fr\/meteo\/la-meteo-du-jeudi-25-septembre-une-journee-maussade-et-fraiche-pour-la-saison-20250924\" target=\"_blank\" data-fig-type=\"NewsFlash\" rel=\"noopener nofollow\" data-gtm-custom-categorie=\"navigation\" data-gtm-custom-action=\"crossclick\" data-gtm-custom-label=\"Contextuel\" data-gtm-event=\"customEventSPE\" data-fig-domain=\"LEFIGARO\">es temp\u00e9ratures ont radicalement chang\u00e9<\/a>\u00a0en l\u2019espace de quelques jours dans la capitale fran\u00e7aise. La journ\u00e9e du mercredi 24 septembre a \u00e9t\u00e9 particuli\u00e8rement fra\u00eeche, avec une temp\u00e9rature maximum de 10,8\u00b0C, accompagn\u00e9e par des \u00abpetites pluies\u00bb. Selon la\u00a0<a href=\"https:\/\/actualite.lachainemeteo.com\/actualite-meteo\/2025-09-24\/grande-fraicheur-paris-bat-un-record-de-froid-journalier-ce-24-septembre-avec-seulement-10-8-c-81641\" target=\"_blank\" rel=\"sponsored noopener nofollow\" data-gtm-custom-categorie=\"navigation\" data-gtm-custom-action=\"crossclick\" data-gtm-custom-label=\"Contextuel\" data-gtm-event=\"customEventSPE\">Cha\u00eene m\u00e9t\u00e9o*<\/a>\u00a0, \u00abIl n\u2019est pas inhabituel d\u2019avoir les premi\u00e8res descentes d\u2019air froid en deuxi\u00e8me quinzaine de septembre mais la pr\u00e9sence cette ann\u00e9e d\u2019une goutte froide coinc\u00e9e pendant 3 jours sur notre pays avec une alimentation en air humide venu d\u2019Allemagne (retours d\u2019est) emp\u00eache la temp\u00e9rature de grimper en journ\u00e9e\u00bb.\u00a0<\/p>\n<p class=\"fig-paragraph\">La faible temp\u00e9rature de mercredi qui n\u2019a quasiment pas \u00e9volu\u00e9 de la journ\u00e9e (entre 10,3\u00b0C et 10,8\u00b0C) a battu le record journalier de 1877 qui \u00e9tait alors \u00e0 13,3\u00b0C. Un record \u00e0 relativiser car \u00abil a d\u00e9j\u00e0 fait plus frais \u00e0 plusieurs reprises au cours de la seconde quinzaine de septembre.\u00bb On reste loin de la temp\u00e9rature la plus basse mesur\u00e9e en 1919 avec 9,9\u00b0C \u00e0 Paris.<\/p>\n<p>                                    <a class=\"fig-a11y-skip a11y-hidden\" href=\"#fig-a11y-skip-main-inarticle\"><br \/>\n        Passer la publicit\u00e9<br \/>\n    <\/a><\/p>\n<p>Un week-end avec des temp\u00e9ratures plus hautes<\/p>\n<p class=\"fig-paragraph\">Aujourd\u2019hui, jeudi 25 septembre, la temp\u00e9rature dans la capitale devrait atteindre les 12\u00b0C en journ\u00e9e\u00a0: \u00abOn pourrait donc battre le record du 25 septembre 2020 avec 12,4\u00b0C\u00bb, analyse encore la Cha\u00eene m\u00e9t\u00e9o.<\/p>\n<p class=\"fig-paragraph\">Une hausse des temp\u00e9ratures devrait se produire d\u00e8s vendredi et pour le week-end avec des temp\u00e9ratures qui devraient atteindre entre 17 et 18\u00b0C.<\/p>\n<p class=\"fig-paragraph\">*La Chaine m\u00e9t\u00e9o appartient au groupe Le Figaro<\/p>\n","protected":false},"excerpt":{"rendered":"Avec une temp\u00e9rature qui n\u2019a pas d\u00e9pass\u00e9 les 10,8\u00b0C selon la Cha\u00eene m\u00e9t\u00e9o, la capitale a connu mercredi&hellip;\n","protected":false},"author":2,"featured_media":416156,"comment_status":"","ping_status":"","sticky":false,"template":"","format":"standard","meta":{"footnotes":""},"categories":[2],"tags":[11,1011,27,2487,12,25],"class_list":{"0":"post-416155","1":"post","2":"type-post","3":"status-publish","4":"format-standard","5":"has-post-thumbnail","7":"category-actualites","8":"tag-actualites","9":"tag-fr","10":"tag-france","11":"tag-meteo","12":"tag-news","13":"tag-republique-francaise"},"share_on_mastodon":{"url":"https:\/\/pubeurope.com\/@fr\/115264236134707054","error":""},"_links":{"self":[{"href":"https:\/\/www.europesays.com\/fr\/wp-json\/wp\/v2\/posts\/416155","targetHints":{"allow":["GET"]}}],"collection":[{"href":"https:\/\/www.europesays.com\/fr\/wp-json\/wp\/v2\/posts"}],"about":[{"href":"https:\/\/www.europesays.com\/fr\/wp-json\/wp\/v2\/types\/post"}],"author":[{"embeddable":true,"href":"https:\/\/www.europesays.com\/fr\/wp-json\/wp\/v2\/users\/2"}],"replies":[{"embeddable":true,"href":"https:\/\/www.europesays.com\/fr\/wp-json\/wp\/v2\/comments?post=416155"}],"version-history":[{"count":0,"href":"https:\/\/www.europesays.com\/fr\/wp-json\/wp\/v2\/posts\/416155\/revisions"}],"wp:featuredmedia":[{"embeddable":true,"href":"https:\/\/www.europesays.com\/fr\/wp-json\/wp\/v2\/media\/416156"}],"wp:attachment":[{"href":"https:\/\/www.europesays.com\/fr\/wp-json\/wp\/v2\/media?parent=416155"}],"wp:term":[{"taxonomy":"category","embeddable":true,"href":"https:\/\/www.europesays.com\/fr\/wp-json\/wp\/v2\/categories?post=416155"},{"taxonomy":"post_tag","embeddable":true,"href":"https:\/\/www.europesays.com\/fr\/wp-json\/wp\/v2\/tags?post=416155"}],"curies":[{"name":"wp","href":"https:\/\/api.w.org\/{rel}","templated":true}]}}