{"id":416163,"date":"2025-09-25T09:37:19","date_gmt":"2025-09-25T09:37:19","guid":{"rendered":"https:\/\/www.europesays.com\/fr\/416163\/"},"modified":"2025-09-25T09:37:19","modified_gmt":"2025-09-25T09:37:19","slug":"le-motogp-est-il-une-piste-choc-consideree-par-horner","status":"publish","type":"post","link":"https:\/\/www.europesays.com\/fr\/416163\/","title":{"rendered":"Le MotoGP est-il une piste &lsquo;choc&rsquo; consid\u00e9r\u00e9e par Horner ?"},"content":{"rendered":"<p>25 septembre 2025 &#8211; 11:02<\/p>\n<p class=\"mt-5\">La prochaine aventure de Christian Horner pourrait \u00eatre encore plus surprenante que son indemnit\u00e9 de d\u00e9part record chez Red Bull, selon des sp\u00e9culations le liant \u00e0 un possible poste de direction en MotoGP.<\/p>\n<p class=\"mt-5\">Des sources du Daily Mail affirment que l\u2019ancien grand patron de la F1, Bernie Ecclestone, a personnellement sugg\u00e9r\u00e9 le nom du quinquag\u00e9naire comme candidat \u00e0 la direction de la s\u00e9rie moto, r\u00e9cemment rachet\u00e9e par Liberty Media, propri\u00e9taire de la Formule 1.<\/p>\n<p class=\"mt-5\">Le d\u00e9part de Horner de Red Bull, confirm\u00e9 cette semaine avec des sp\u00e9culations sur une indemnit\u00e9 allant de 60 \u00e0 100 millions d\u2019euros, a in\u00e9vitablement aliment\u00e9 les rumeurs sur son avenir.<\/p>\n<p class=\"mt-5\">Les \u00e9quipes Alpine et Haas F1 ont \u00e9t\u00e9 mentionn\u00e9es comme destinations possibles au sein du paddock de F1.<\/p>\n<p class=\"mt-5\">Une source proche de l\u2019ancien directeur de Red Bull Racing insiste cependant sur le fait que la priorit\u00e9 de Horner reste la Formule 1.<\/p>\n<p class=\"mt-5\">\u00ab\u00a0Il n\u2019a pas la t\u00eate \u00e0 r\u00e9fl\u00e9chir directement \u00e0 sa prochaine \u00e9tape pour le moment,\u00a0\u00bb a d\u00e9clar\u00e9 l\u2019initi\u00e9.<\/p>\n<p class=\"mt-5\">\u00ab\u00a0Il veut revenir dans le paddock de F1, mais il veut \u00e9valuer la meilleure fa\u00e7on d\u2019y parvenir. Il le fera.\u00a0\u00bb<\/p>\n<p class=\"mt-5\">\u00ab\u00a0C\u2019est un bourreau de travail, donc rester assis \u00e0 ne rien faire n\u2019est pas ce qu\u2019il choisirait. En effet, il ne l\u2019a pas choisi. Cela lui est tomb\u00e9 dessus \u00e0 l\u2019improviste.\u00a0\u00bb<\/p>\n<p class=\"mt-5\">Pour l\u2019instant, Horner est soumis \u00e0 des restrictions qui l\u2019emp\u00eacheraient de revenir avant mi-2026, et on pense qu\u2019il a en fait accept\u00e9 une indemnit\u00e9 moins \u00e9lev\u00e9e afin de raccourcir la p\u00e9riode de pr\u00e9avis.<\/p>\n","protected":false},"excerpt":{"rendered":"25 septembre 2025 &#8211; 11:02 La prochaine aventure de Christian Horner pourrait \u00eatre encore plus surprenante que son&hellip;\n","protected":false},"author":2,"featured_media":416164,"comment_status":"","ping_status":"","sticky":false,"template":"","format":"standard","meta":{"footnotes":""},"categories":[1413],"tags":[1011,27,1457,1456,60],"class_list":{"0":"post-416163","1":"post","2":"type-post","3":"status-publish","4":"format-standard","5":"has-post-thumbnail","7":"category-moto","8":"tag-fr","9":"tag-france","10":"tag-moto","11":"tag-motocycle","12":"tag-sports"},"share_on_mastodon":{"url":"https:\/\/pubeurope.com\/@fr\/115264267504434588","error":""},"_links":{"self":[{"href":"https:\/\/www.europesays.com\/fr\/wp-json\/wp\/v2\/posts\/416163","targetHints":{"allow":["GET"]}}],"collection":[{"href":"https:\/\/www.europesays.com\/fr\/wp-json\/wp\/v2\/posts"}],"about":[{"href":"https:\/\/www.europesays.com\/fr\/wp-json\/wp\/v2\/types\/post"}],"author":[{"embeddable":true,"href":"https:\/\/www.europesays.com\/fr\/wp-json\/wp\/v2\/users\/2"}],"replies":[{"embeddable":true,"href":"https:\/\/www.europesays.com\/fr\/wp-json\/wp\/v2\/comments?post=416163"}],"version-history":[{"count":0,"href":"https:\/\/www.europesays.com\/fr\/wp-json\/wp\/v2\/posts\/416163\/revisions"}],"wp:featuredmedia":[{"embeddable":true,"href":"https:\/\/www.europesays.com\/fr\/wp-json\/wp\/v2\/media\/416164"}],"wp:attachment":[{"href":"https:\/\/www.europesays.com\/fr\/wp-json\/wp\/v2\/media?parent=416163"}],"wp:term":[{"taxonomy":"category","embeddable":true,"href":"https:\/\/www.europesays.com\/fr\/wp-json\/wp\/v2\/categories?post=416163"},{"taxonomy":"post_tag","embeddable":true,"href":"https:\/\/www.europesays.com\/fr\/wp-json\/wp\/v2\/tags?post=416163"}],"curies":[{"name":"wp","href":"https:\/\/api.w.org\/{rel}","templated":true}]}}