{"id":416165,"date":"2025-09-25T09:38:12","date_gmt":"2025-09-25T09:38:12","guid":{"rendered":"https:\/\/www.europesays.com\/fr\/416165\/"},"modified":"2025-09-25T09:38:12","modified_gmt":"2025-09-25T09:38:12","slug":"la-terrible-annonce-de-lewis-hamilton","status":"publish","type":"post","link":"https:\/\/www.europesays.com\/fr\/416165\/","title":{"rendered":"la terrible annonce de Lewis Hamilton"},"content":{"rendered":"<p class=\"app_entry_lead\">\n<p>                    <a title=\"\u00a0\u00a9\u00a0Luca Bruno\/AP\/SIPA (publi\u00e9e le 25\/09\/2025)\" href=\"https:\/\/www.europesays.com\/fr\/wp-content\/uploads\/2025\/09\/80673551.jpg\" class=\"fancy\"><\/p>\n<p>                            <img loading=\"lazy\" decoding=\"async\" src=\"https:\/\/www.europesays.com\/fr\/wp-content\/uploads\/2025\/09\/80673551.jpg\" alt=\"&quot;Je vous demande de garder Roscoe dans vos pens\u00e9es et vos pri\u00e8res&quot;\u00a0: la terrible annonce de Lewis Hamilton\" width=\"1500\" height=\"1000\"\/><\/p>\n<p>                    <\/a><\/p>\n<p>                Le septuple champion du monde a partag\u00e9 une photo inqui\u00e9tante sur les r\u00e9seaux sociaux.<\/p>\n<p>Le pilote Ferrari et star plan\u00e9taire de la Formule 1, Lewis Hamilton, vit des moments difficiles ces derni\u00e8res heures. On ne parle pas de sa saison d\u00e9licate depuis le d\u00e9but de la saison avec une seule victoire en course sprint en Chine et pas mal de courses rat\u00e9es, mais de son chien, Roscoe.<\/p>\n<p>Lewis Hamilton\u00a0a publi\u00e9 une photo de\u00a0ce dernier\u00a0chez le v\u00e9t\u00e9rinaire sur laquelle le bouledogue, \u00e2g\u00e9 de plus de 12\u00a0ans, appara\u00eet vraiment tr\u00e8s mal en point. \u00ab\u00a0Ces derni\u00e8res heures ont \u00e9t\u00e9 effrayantes. Je vous demande \u00e0 tous de garder Roscoe dans vos pens\u00e9es et vos pri\u00e8res\u00a0\u00bb a lanc\u00e9 le pilote Ferrari ce mercredi 24 septembre.<\/p>\n<p><img decoding=\"async\" alt=\"\" src=\"https:\/\/www.europesays.com\/fr\/wp-content\/uploads\/2025\/09\/80673453.jpg\"\/><br \/>\n\u00a9\u00a0Lewis Hamilton \/ capture d&rsquo;\u00e9cran Instagram<\/p>\n<p>Angela Culen, la physioth\u00e9rapeute historique de Lewis Hamilton a \u00e9galement pos\u00e9 un message tr\u00e8s inqui\u00e9tant. \u00ab\u00a0Prions pour Roscoe, ces derni\u00e8res heures ont \u00e9t\u00e9 difficiles pour la famille. Je tremble en \u00e9crivant ceci.\u00a0\u00bb Il y a quelques semaines, lors du GP de Monza, Lewis Hamilton s&rsquo;\u00e9tait confi\u00e9 sur l&rsquo;\u00e9tat de sant\u00e9 de son compagnon de toujours, v\u00e9ritable mascotte dans le paddock F1. \u00ab\u00a0Il a 12\u00a0ans et demi, c&rsquo;est donc un vieux gar\u00e7on. Il a eu une pneumonie, mais heureusement, il va bien maintenant. Mais c&rsquo;est s\u00fbr, \u00e0 chaque fois que je re\u00e7ois un SMS de la dame qui s&rsquo;occupe de lui, mon c\u0153ur s&rsquo;arr\u00eate pendant une seconde parce que je me dis\u00a0: \u00ab\u00a0Et maintenant, que va-t-il se passer\u00a0?\u00a0\u00bb. Il est rare qu&rsquo;un bouledogue vive aussi longtemps que lui. Il a toujours envie de jouer. Il a toujours cet esprit jeune. Il aime beaucoup dormir\u00a0\u00bb Malheureusement, les derniers messages laissent planer une grosse inqui\u00e9tude pour les fans du Britannique et son chien.<\/p>\n","protected":false},"excerpt":{"rendered":"Le septuple champion du monde a partag\u00e9 une photo inqui\u00e9tante sur les r\u00e9seaux sociaux. Le pilote Ferrari et&hellip;\n","protected":false},"author":2,"featured_media":416166,"comment_status":"","ping_status":"","sticky":false,"template":"","format":"standard","meta":{"footnotes":""},"categories":[1412],"tags":[1976,54636,51761,1451,51763,1452,1453,1454,1455,1011,27,51979,51767,60],"class_list":{"0":"post-416165","1":"post","2":"type-post","3":"status-publish","4":"format-standard","5":"has-post-thumbnail","7":"category-f1","8":"tag-auto-moto","9":"tag-cms-linternaute-8882383","10":"tag-controller-content","11":"tag-f1","12":"tag-format-papier","13":"tag-formula-1","14":"tag-formula1","15":"tag-formule-1","16":"tag-formule1","17":"tag-fr","18":"tag-france","19":"tag-les-histoires-de-linternaute","20":"tag-parallaxeinfeed","21":"tag-sports"},"share_on_mastodon":{"url":"https:\/\/pubeurope.com\/@fr\/115264272031179685","error":""},"_links":{"self":[{"href":"https:\/\/www.europesays.com\/fr\/wp-json\/wp\/v2\/posts\/416165","targetHints":{"allow":["GET"]}}],"collection":[{"href":"https:\/\/www.europesays.com\/fr\/wp-json\/wp\/v2\/posts"}],"about":[{"href":"https:\/\/www.europesays.com\/fr\/wp-json\/wp\/v2\/types\/post"}],"author":[{"embeddable":true,"href":"https:\/\/www.europesays.com\/fr\/wp-json\/wp\/v2\/users\/2"}],"replies":[{"embeddable":true,"href":"https:\/\/www.europesays.com\/fr\/wp-json\/wp\/v2\/comments?post=416165"}],"version-history":[{"count":0,"href":"https:\/\/www.europesays.com\/fr\/wp-json\/wp\/v2\/posts\/416165\/revisions"}],"wp:featuredmedia":[{"embeddable":true,"href":"https:\/\/www.europesays.com\/fr\/wp-json\/wp\/v2\/media\/416166"}],"wp:attachment":[{"href":"https:\/\/www.europesays.com\/fr\/wp-json\/wp\/v2\/media?parent=416165"}],"wp:term":[{"taxonomy":"category","embeddable":true,"href":"https:\/\/www.europesays.com\/fr\/wp-json\/wp\/v2\/categories?post=416165"},{"taxonomy":"post_tag","embeddable":true,"href":"https:\/\/www.europesays.com\/fr\/wp-json\/wp\/v2\/tags?post=416165"}],"curies":[{"name":"wp","href":"https:\/\/api.w.org\/{rel}","templated":true}]}}