{"id":416173,"date":"2025-09-25T09:42:11","date_gmt":"2025-09-25T09:42:11","guid":{"rendered":"https:\/\/www.europesays.com\/fr\/416173\/"},"modified":"2025-09-25T09:42:11","modified_gmt":"2025-09-25T09:42:11","slug":"mulhouse-un-jeune-architecte-defend-linteret-patrimonial-des-tours-plein-ciel","status":"publish","type":"post","link":"https:\/\/www.europesays.com\/fr\/416173\/","title":{"rendered":"Mulhouse. Un jeune architecte d\u00e9fend l\u2019int\u00e9r\u00eat patrimonial des tours Plein Ciel"},"content":{"rendered":"<p>\u00ab\u00a0Dans ce dossier, l\u2019aspect humain est la priorit\u00e9, mais moi je ne m\u2019en m\u00eale pas car ce n\u2019est pas mon sujet\u2026\u00a0\u00bb Non, ce qui int\u00e9resse le jeune architecte Alexandre Tiarri dans le dossier Plein Ciel, ce sont les \u00e9difices en eux-m\u00eames.<\/p>\n<p>N\u00e9 \u00e0 Mulhouse il y a trente ans, le jeune homme y a grandi, et y a fait toute sa scolarit\u00e9. Il a ensuite suivi des \u00e9tudes d\u2019architecture \u00e0 l\u2019\u00e9cole polytechnique de Lausanne. Dipl\u00f4m\u00e9 en 2020, il travaille aujourd\u2019hui \u00e0 Gen\u00e8ve, mais a gard\u00e9 des liens avec sa ville natale. C\u2019est en d\u00e9but d\u2019ann\u00e9e, gr\u00e2ce \u00e0 des articles dans la presse locale, qu\u2019il d\u00e9couvre <a href=\"https:\/\/www.lalsace.fr\/d\/mulhouse-menaces-d-expropriation-les-habitants-des-tours-plein-ciel-temoignent-29f46c30-0371-4467-9962-d22523e7bf76\" target=\"_blank\" rel=\"noopener\">qu\u2019une \u00e9p\u00e9e de&#8230;<\/a><\/p>\n","protected":false},"excerpt":{"rendered":"\u00ab\u00a0Dans ce dossier, l\u2019aspect humain est la priorit\u00e9, mais moi je ne m\u2019en m\u00eale pas car ce n\u2019est&hellip;\n","protected":false},"author":2,"featured_media":416174,"comment_status":"","ping_status":"","sticky":false,"template":"","format":"standard","meta":{"footnotes":""},"categories":[1358],"tags":[1348,1384,1385,1386,58,1636,59,107,1011,27,6225,1908,20065,1634,1635,104],"class_list":{"0":"post-416173","1":"post","2":"type-post","3":"status-publish","4":"format-standard","5":"has-post-thumbnail","7":"category-arts-et-design","8":"tag-arts","9":"tag-arts-and-design","10":"tag-arts-et-design","11":"tag-design","12":"tag-divertissement","13":"tag-edition-mulhouse-thann","14":"tag-entertainment","15":"tag-fil-info","16":"tag-fr","17":"tag-france","18":"tag-la-matinale","19":"tag-logement","20":"tag-magazine-tourisme-et-patrimoine","21":"tag-mulhouse","22":"tag-secteur-de-mulhouse","23":"tag-societe"},"share_on_mastodon":{"url":"https:\/\/pubeurope.com\/@fr\/115264287204815049","error":""},"_links":{"self":[{"href":"https:\/\/www.europesays.com\/fr\/wp-json\/wp\/v2\/posts\/416173","targetHints":{"allow":["GET"]}}],"collection":[{"href":"https:\/\/www.europesays.com\/fr\/wp-json\/wp\/v2\/posts"}],"about":[{"href":"https:\/\/www.europesays.com\/fr\/wp-json\/wp\/v2\/types\/post"}],"author":[{"embeddable":true,"href":"https:\/\/www.europesays.com\/fr\/wp-json\/wp\/v2\/users\/2"}],"replies":[{"embeddable":true,"href":"https:\/\/www.europesays.com\/fr\/wp-json\/wp\/v2\/comments?post=416173"}],"version-history":[{"count":0,"href":"https:\/\/www.europesays.com\/fr\/wp-json\/wp\/v2\/posts\/416173\/revisions"}],"wp:featuredmedia":[{"embeddable":true,"href":"https:\/\/www.europesays.com\/fr\/wp-json\/wp\/v2\/media\/416174"}],"wp:attachment":[{"href":"https:\/\/www.europesays.com\/fr\/wp-json\/wp\/v2\/media?parent=416173"}],"wp:term":[{"taxonomy":"category","embeddable":true,"href":"https:\/\/www.europesays.com\/fr\/wp-json\/wp\/v2\/categories?post=416173"},{"taxonomy":"post_tag","embeddable":true,"href":"https:\/\/www.europesays.com\/fr\/wp-json\/wp\/v2\/tags?post=416173"}],"curies":[{"name":"wp","href":"https:\/\/api.w.org\/{rel}","templated":true}]}}