{"id":416175,"date":"2025-09-25T09:43:10","date_gmt":"2025-09-25T09:43:10","guid":{"rendered":"https:\/\/www.europesays.com\/fr\/416175\/"},"modified":"2025-09-25T09:43:10","modified_gmt":"2025-09-25T09:43:10","slug":"french-theory-itineraires-dune-pensee-rebelle-de-francois-cusset-et-thomas-daquin-foucault-derrida-baudrillard-et-les-autres","status":"publish","type":"post","link":"https:\/\/www.europesays.com\/fr\/416175\/","title":{"rendered":"\u00ab French Theory. Itin\u00e9raires d\u2019une pens\u00e9e rebelle \u00bb de Fran\u00e7ois Cusset et Thomas Daquin : Foucault, Derrida, Baudrillard et les autres"},"content":{"rendered":"<p>Rendre compte du mouvement de la French Theory en bande dessin\u00e9e ? Dr\u00f4le de pari que font Fran\u00e7ois Cusset, professeur d\u2019\u00e9tudes am\u00e9ricaines \u00e0 l\u2019Universit\u00e9 de Nanterre, et Thomas Daquin, illustrateur. Le projet est exprim\u00e9 clairement en fin d\u2019ouvrage : \u00ab Cette bande dessin\u00e9e en forme d\u2019essai graphique n\u2019est pas une adaptation illustr\u00e9e du livre intitul\u00e9 French Theory : Foucault, Derrida, Deleuze et Cie et les mutations de la vie intellectuelle aux \u00c9tats-Unis, mais\u00a0plut\u00f4t une double tentative : voir si le dessin pourrait rendre plus accessibles et plus utilisables les concepts de philosophes pas toujours faciles (c\u2019est le c\u00f4t\u00e9 pratique th\u00e9orique), et voir si ces concepts et leur histoire mouvement\u00e9e, au moment o\u00f9 ils sont attaqu\u00e9s de toutes parts, pourraient aider \u00e0 r\u00e9sister aux fascismes qui montent (c\u2019est le c\u00f4t\u00e9 arme de t\u00eate) \u00bb. Alors, pari r\u00e9ussi ?<\/p>\n<p>\u00a0<\/p>\n<p>Une pens\u00e9e certes rebelle, mais difficile \u00e0 appr\u00e9hender<\/p>\n<p>French Theory se d\u00e9coupe en cinq parties\u00a0: \u00ab\u00a0D\u00e9ambulations am\u00e9ricaines\u00a0\u00bb, \u00ab\u00a0Les cinq fantastiques\u00a0\u00bb (Foucault, Deleuze &amp; Guattari, Baudrillard et Derrida), \u00ab\u00a0Usages am\u00e9ricains\u00a0\u00bb, \u00ab\u00a0Des ami.es (et des ennemi.es)\u00a0\u00bb et \u00ab\u00a0Aller-retour\u00a0: th\u00e9ories voyageuses\u00a0\u00bb. Disons-le, le dessin peine \u00e0 faire comprendre une pens\u00e9e complexe, parfois m\u00eame incompr\u00e9hensible, voire un peu fumeuse (\u00ab\u00a0Ce que l\u2019on con\u00e7oit bien s\u2019\u00e9nonce clairement\u2026\u00a0\u00bb, vous connaissez la chanson). D\u2019o\u00f9 une deuxi\u00e8me partie difficile \u00e0 suivre, malgr\u00e9 toutes les bonnes volont\u00e9s des deux auteurs qui rivalisent d\u2019ing\u00e9niosit\u00e9 pour nous expliquer L\u2019Anti-\u0152dipe ou le concept de \u00ab\u00a0simulacre\u00a0\u00bb chez Baudrillard.<\/p>\n<p>\u00a0<\/p>\n<p>En revanche, l\u2019album int\u00e9resse plus dans l\u2019histoire qu\u2019il fait du mouvement, de sa r\u00e9ception aux \u00c9tats-Unis \u00e0 sa condamnation par celles et ceux qui y voient un d\u00e9lire \u00ab woke\u00a0\u00bb. L\u2019accent est d\u2019ailleurs mis sur la r\u00e9ception de l\u2019\u0153uvre de ces philosophes en France, en d\u00e9calage par rapport au succ\u00e8s remport\u00e9 aux \u00c9tats-Unis. On profite d\u2019ailleurs de la lecture pour d\u00e9couvrir quelques noms peu connus et qui donnent envie d\u2019en savoir plus.<\/p>\n","protected":false},"excerpt":{"rendered":"Rendre compte du mouvement de la French Theory en bande dessin\u00e9e ? Dr\u00f4le de pari que font Fran\u00e7ois&hellip;\n","protected":false},"author":2,"featured_media":416176,"comment_status":"","ping_status":"","sticky":false,"template":"","format":"standard","meta":{"footnotes":""},"categories":[1357],"tags":[1379,58,59,1011,27,1380],"class_list":{"0":"post-416175","1":"post","2":"type-post","3":"status-publish","4":"format-standard","5":"has-post-thumbnail","7":"category-livres","8":"tag-books","9":"tag-divertissement","10":"tag-entertainment","11":"tag-fr","12":"tag-france","13":"tag-livres"},"share_on_mastodon":{"url":"https:\/\/pubeurope.com\/@fr\/115264291136792327","error":""},"_links":{"self":[{"href":"https:\/\/www.europesays.com\/fr\/wp-json\/wp\/v2\/posts\/416175","targetHints":{"allow":["GET"]}}],"collection":[{"href":"https:\/\/www.europesays.com\/fr\/wp-json\/wp\/v2\/posts"}],"about":[{"href":"https:\/\/www.europesays.com\/fr\/wp-json\/wp\/v2\/types\/post"}],"author":[{"embeddable":true,"href":"https:\/\/www.europesays.com\/fr\/wp-json\/wp\/v2\/users\/2"}],"replies":[{"embeddable":true,"href":"https:\/\/www.europesays.com\/fr\/wp-json\/wp\/v2\/comments?post=416175"}],"version-history":[{"count":0,"href":"https:\/\/www.europesays.com\/fr\/wp-json\/wp\/v2\/posts\/416175\/revisions"}],"wp:featuredmedia":[{"embeddable":true,"href":"https:\/\/www.europesays.com\/fr\/wp-json\/wp\/v2\/media\/416176"}],"wp:attachment":[{"href":"https:\/\/www.europesays.com\/fr\/wp-json\/wp\/v2\/media?parent=416175"}],"wp:term":[{"taxonomy":"category","embeddable":true,"href":"https:\/\/www.europesays.com\/fr\/wp-json\/wp\/v2\/categories?post=416175"},{"taxonomy":"post_tag","embeddable":true,"href":"https:\/\/www.europesays.com\/fr\/wp-json\/wp\/v2\/tags?post=416175"}],"curies":[{"name":"wp","href":"https:\/\/api.w.org\/{rel}","templated":true}]}}