{"id":416177,"date":"2025-09-25T09:44:11","date_gmt":"2025-09-25T09:44:11","guid":{"rendered":"https:\/\/www.europesays.com\/fr\/416177\/"},"modified":"2025-09-25T09:44:11","modified_gmt":"2025-09-25T09:44:11","slug":"pourquoi-love-is-blind-france-nous-decoit-liberation","status":"publish","type":"post","link":"https:\/\/www.europesays.com\/fr\/416177\/","title":{"rendered":"pourquoi \u00abLove is blind\u00bb France nous d\u00e9\u00e7oit \u2013 Lib\u00e9ration"},"content":{"rendered":"<p class=\"sc-cPiKLX AiZTS text-element\">C\u2019est le grand jour ! Les couples de <a href=\"https:\/\/www.liberation.fr\/lifestyle\/love-is-blind-france-sur-netflix-une-adaptation-reussie-avec-du-drama-un-quiproquo-et-des-declarations-enflammees-20250912_DI7GNQZ7TFCWBE2YBSLO2TEMUE\/\" target=\"_blank\" rel=\"noreferrer noopener\" title=\"https:\/\/www.liberation.fr\/lifestyle\/love-is-blind-france-sur-netflix-une-adaptation-reussie-avec-du-drama-un-quiproquo-et-des-declarations-enflammees-20250912_DI7GNQZ7TFCWBE2YBSLO2TEMUE\/\">la d\u00e9clinaison fran\u00e7aise de Love is blind sur Netflix<\/a>, intitul\u00e9e \u00abPour le meilleur et \u00e0 l\u2019aveugle\u00bb, vont se retrouver devant l\u2019autel, alors que de nouveaux \u00e9pisodes ont \u00e9t\u00e9 mis en ligne ce mercredi 24 septembre. Enfin une \u00e9mission d\u2019amour qui mise sur autre chose que le physique, sur la personnalit\u00e9 et la maturit\u00e9 \u00e9motionnelle. Le manque de diversit\u00e9 \u2013 non pas de couleur de peau, mais d\u2019origine sociale, d\u2019apparence physique entre autres \u2013 n\u2019a pas emp\u00each\u00e9 les internautes de plonger t\u00eate la premi\u00e8re dans cette t\u00e9l\u00e9-r\u00e9alit\u00e9 feutr\u00e9e. <\/p>\n<p class=\"sc-cPiKLX AiZTS text-element\">Lov\u00e9s dans leurs canap\u00e9s, sans se voir, des idylles naissent. Sarah et Charles s\u2019envoient pique sur pique, avec une complicit\u00e9 excitante. Charles trouve du r\u00e9confort aupr\u00e8s de Julie, avec qui il partage des peines d\u2019enfance similaires. Puis vient le temps de d\u00e9cider entre les deux. Pour tenter d\u2019\u00e9vincer sa concurrente, Sarah vire peste et balance \u00e0 Charles que Julie parlerait sexualit\u00e9 de mani\u00e8re crue, vulgaire dans le salon des femmes. Elle opte pour une strat\u00e9gie assez r\u00e9pandue <\/p>\n","protected":false},"excerpt":{"rendered":"C\u2019est le grand jour ! Les couples de la d\u00e9clinaison fran\u00e7aise de Love is blind sur Netflix, intitul\u00e9e&hellip;\n","protected":false},"author":2,"featured_media":416178,"comment_status":"","ping_status":"","sticky":false,"template":"","format":"standard","meta":{"footnotes":""},"categories":[1356],"tags":[58,59,1011,27,18747,252,1364],"class_list":{"0":"post-416177","1":"post","2":"type-post","3":"status-publish","4":"format-standard","5":"has-post-thumbnail","7":"category-television","8":"tag-divertissement","9":"tag-entertainment","10":"tag-fr","11":"tag-france","12":"tag-patriarcat","13":"tag-television","14":"tag-tv"},"share_on_mastodon":{"url":"https:\/\/pubeurope.com\/@fr\/115264295126816921","error":""},"_links":{"self":[{"href":"https:\/\/www.europesays.com\/fr\/wp-json\/wp\/v2\/posts\/416177","targetHints":{"allow":["GET"]}}],"collection":[{"href":"https:\/\/www.europesays.com\/fr\/wp-json\/wp\/v2\/posts"}],"about":[{"href":"https:\/\/www.europesays.com\/fr\/wp-json\/wp\/v2\/types\/post"}],"author":[{"embeddable":true,"href":"https:\/\/www.europesays.com\/fr\/wp-json\/wp\/v2\/users\/2"}],"replies":[{"embeddable":true,"href":"https:\/\/www.europesays.com\/fr\/wp-json\/wp\/v2\/comments?post=416177"}],"version-history":[{"count":0,"href":"https:\/\/www.europesays.com\/fr\/wp-json\/wp\/v2\/posts\/416177\/revisions"}],"wp:featuredmedia":[{"embeddable":true,"href":"https:\/\/www.europesays.com\/fr\/wp-json\/wp\/v2\/media\/416178"}],"wp:attachment":[{"href":"https:\/\/www.europesays.com\/fr\/wp-json\/wp\/v2\/media?parent=416177"}],"wp:term":[{"taxonomy":"category","embeddable":true,"href":"https:\/\/www.europesays.com\/fr\/wp-json\/wp\/v2\/categories?post=416177"},{"taxonomy":"post_tag","embeddable":true,"href":"https:\/\/www.europesays.com\/fr\/wp-json\/wp\/v2\/tags?post=416177"}],"curies":[{"name":"wp","href":"https:\/\/api.w.org\/{rel}","templated":true}]}}